{"id":126214,"date":"2026-01-01T12:46:09","date_gmt":"2026-01-01T12:46:09","guid":{"rendered":"https:\/\/www.europesays.com\/no\/126214\/"},"modified":"2026-01-01T12:46:09","modified_gmt":"2026-01-01T12:46:09","slug":"jessie-diggins-knuste-konkurrentene-pa-20-kilometer-jaktstart","status":"publish","type":"post","link":"https:\/\/www.europesays.com\/no\/126214\/","title":{"rendered":"Jessie Diggins knuste konkurrentene p\u00e5 20 kilometer jaktstart"},"content":{"rendered":"\n<p class=\"_lead_o9xde_2 _lead_xtcu6_50 layout-component text-serif-m layout-normal text-serif-l layout-component layout-wide layout-padded _wide_17hqh_1 layout-padded\">Ingen kunne hamle opp med Jessica Diggins p\u00e5 torsdagens etappe i Tour de Ski. <\/p>\n<p> <img class=\"_image_qp4xg_65 layout-component layout-wide\" data-fullscreen- data-track-element-type=\"Article image fullscreen\" data-track-name=\"ImageFullscreen\" fetchpriority=\"high\" decoding=\"sync\" loading=\"eager\" height=\"102\" itemprop=\"image\"  src=\"https:\/\/www.europesays.com\/no\/wp-content\/uploads\/2026\/01\/4d375cb487a842b8acd08982d115f4ad.jpg\"  style=\"object-position:50% 50%;aspect-ratio:1.75;height:auto;object-fit:cover;width:100%\" width=\"102\"\/>  Rapporterer fra Toblach, Italia Oppdatert torsdag 1. januar kl. 13:46     Resultater 20 km jaktstart<\/p>\n<p class=\"_paragraph_o9xde_4 _paragraph_xtcu6_10 _paragraph_16v91_10 layout-component text-serif-m layout-normal text-sans-m layout-padded\">1. Jessie Diggins<\/p>\n<p class=\"_paragraph_o9xde_4 _paragraph_xtcu6_10 _paragraph_16v91_10 layout-component text-serif-m layout-normal text-sans-m layout-padded\">2. Moa Ilar +1.35.2<\/p>\n<p class=\"_paragraph_o9xde_4 _paragraph_xtcu6_10 _paragraph_16v91_10 layout-component text-serif-m layout-normal text-sans-m layout-padded\">3. Teresa Stadlober +1.35.5<\/p>\n<p class=\"_paragraph_o9xde_4 _paragraph_xtcu6_10 _paragraph_16v91_10 layout-component text-serif-m layout-normal text-sans-m layout-padded\">4. Jasmi Joenssu +1.54.3<\/p>\n<p class=\"_paragraph_o9xde_4 _paragraph_xtcu6_10 _paragraph_16v91_10 layout-component text-serif-m layout-normal text-sans-m layout-padded\">5. Heidi Weng +1.55<\/p>\n<p class=\"_paragraph_o9xde_4 _paragraph_xtcu6_10 _paragraph_16v91_10 layout-component text-serif-m layout-normal text-sans-m layout-padded\">6. Johanna Matintalo +1.55.5<\/p>\n<p class=\"_paragraph_o9xde_4 _paragraph_xtcu6_10 _paragraph_16v91_10 layout-component text-serif-m layout-normal text-sans-m layout-padded\">7. Kerttu Niskanen +1.56.3<\/p>\n<p class=\"_paragraph_o9xde_4 _paragraph_xtcu6_10 _paragraph_16v91_10 layout-component text-serif-m layout-normal text-sans-m layout-padded\">8. Ebba Andersson +1.58.9<\/p>\n<p class=\"_paragraph_o9xde_4 _paragraph_xtcu6_10 _paragraph_16v91_10 layout-component text-serif-m layout-normal text-sans-m layout-padded\">9. Julie Bjervig Drivenes +2.07.2<\/p>\n<p class=\"_paragraph_o9xde_4 _paragraph_xtcu6_10 _paragraph_16v91_10 layout-component text-serif-m layout-normal text-sans-m layout-padded\">10. Frida Karlsson +2.50.5<\/p>\n<p>Vis mer<\/p>\n<p class=\"_paragraph_o9xde_4 _paragraph_xtcu6_10 layout-component text-serif-m layout-normal text-serif-m layout-padded\">\u2013 Hun setter de andre virkelig p\u00e5 plass. Hun smadrer dem, sa Viaplay-kommentator Jan Cristian Bj\u00f8rn om Diggins, som tok en overlegen seier f\u00f8r to etapper gjenst\u00e5r. <\/p>\n<p class=\"_paragraph_o9xde_4 _paragraph_xtcu6_10 layout-component text-serif-m layout-normal text-serif-m layout-padded\">En som definitivt ble smadret, var Kristine Stav\u00e5s Skistad. 26-\u00e5ringen havnet helt sist \u2013 14 minutter og 10 sekunder bak amerikaneren. <\/p>\n<p class=\"_paragraph_o9xde_4 _paragraph_xtcu6_10 layout-component text-serif-m layout-normal text-serif-m layout-padded\">26-\u00e5ringen \u00abtuslet\u00bb sakte i m\u00e5l.<\/p>\n<p class=\"_paragraph_o9xde_4 _paragraph_xtcu6_10 layout-component text-serif-m layout-normal text-serif-m layout-padded\">\u2014P\u00e5skemosjonistfart, sier NRKs Jann Post p\u00e5 kanalens radiosending,<\/p>\n<p class=\"_paragraph_o9xde_4 _paragraph_xtcu6_10 layout-component text-serif-m layout-normal text-serif-m layout-padded\">\u2014\u00a0Hun spaserer faktisk, sier NRK-ekspert Anders Aukland.<\/p>\n<p class=\"_paragraph_o9xde_4 _paragraph_xtcu6_10 layout-component text-serif-m layout-normal text-serif-m layout-padded\">\u2014\u00a0Hadde det v\u00e6rt i l\u00f8peverden, hadde det v\u00e6rt l\u00f8ping til g\u00e5ing, sier Post.<\/p>\n<p class=\"_paragraph_o9xde_4 _paragraph_xtcu6_10 layout-component text-serif-m layout-normal text-serif-m layout-padded\">Over til f\u00f8rstemann over m\u00e5lstreken: <\/p>\n<p class=\"_paragraph_o9xde_4 _paragraph_xtcu6_10 layout-component text-serif-m layout-normal text-serif-m layout-padded\">\u2013 Tror ikke Diggins hadde turt \u00e5 dr\u00f8mme om et s\u00e5nt utgangspunkt, sa Viaplay-ekspert Niklas Dyrhaug \u2013 og henviser til at de to etappene best\u00e5r av sprint og klatring opp den beryktede \u00abmonsterbakken\u00bb i Val di Fiemme. <\/p>\n<p class=\"_paragraph_o9xde_4 _paragraph_xtcu6_10 layout-component text-serif-m layout-normal text-serif-m layout-padded\">\u2013 Hun er i ferd med \u00e5 avgj\u00f8re Touren allerede etter fire etapper. Hun leverer til terningskast seks! utbr\u00f8t Bj\u00f8rn da DIggins var i m\u00e5l. <\/p>\n<p class=\"_paragraph_o9xde_4 _paragraph_xtcu6_10 layout-component text-serif-m layout-normal text-serif-m layout-padded\">Heidi Weng ble beste norske p\u00e5 5. plass \u2013 1.55 minutter bak Diggins. Dermed er Weng \u2013 som har vunnet den avsluttende etappen opp bakken to ganger tidligere \u2013 for fullt med i kampen om pallplass sammenlagt i Touren. <\/p>\n<p><img alt=\"Foto: MAXIM THORE \/ Bildbyr\u00e5n\" class=\"_image_qp4xg_65 layout-component layout-normal\" data-fullscreen- data-track-element-type=\"Article image fullscreen\" data-track-name=\"ImageFullscreen\" decoding=\"async\" loading=\"lazy\" height=\"4000\" itemprop=\"image\"  src=\"https:\/\/www.europesays.com\/no\/wp-content\/uploads\/2026\/01\/a2a82991-3980-4c2e-bd40-f7a72c9f32d4.png\"  style=\"object-position:0% 0%\" width=\"6000\"\/>Foto: MAXIM THORE \/ Bildbyr\u00e5n<\/p>\n<p class=\"_paragraph_o9xde_4 _paragraph_xtcu6_10 layout-component text-serif-m layout-normal text-serif-m layout-padded\"><a href=\"https:\/\/www.vg.no\/i\/5p0QXb\" data-track-element-type=\"Link\" data-track-id=\"link:5p0QXb\" class=\"_link_o9xde_39\" rel=\"nofollow noopener\" target=\"_blank\">Uten veteranen<\/a> Astrid \u00d8yre Slind (37) fra start, gikk sammenlagtleder <a href=\"https:\/\/www.vg.no\/tag\/jessie-diggins?utm_source=vg-article&amp;utm_medium=auto-tagger&amp;utm_campaign=JOo2KX\" class=\"_link_o9xde_39\" rel=\"nofollow noopener\" target=\"_blank\">Jessie Diggins<\/a> ut minuttet f\u00f8r  Moa Ilar p\u00e5 torsdagens 20 kilometer klassiske jaktstart. <\/p>\n<p class=\"_paragraph_o9xde_4 _paragraph_xtcu6_10 layout-component text-serif-m layout-normal text-serif-m layout-padded\">Etter f\u00f8rste m\u00e5ling \u00f8kte Diggins med 20 sekunder til svensken p\u00e5 de neste tre kilometerne, mens gruppen med Julie Bjervig Drivenes, Kristin Austgulen Fosn\u00e6s og Heidi Weng l\u00e5 dr\u00f8yt to minutter bak. <\/p>\n<p class=\"_paragraph_o9xde_4 _paragraph_xtcu6_10 layout-component text-serif-m layout-normal text-serif-m layout-padded\">Halvveis m\u00e5tte Frida Karlsson, som har hatt en fryktelig tung Tour, falle av. <\/p>\n<p class=\"_paragraph_o9xde_4 _paragraph_xtcu6_10 layout-component text-serif-m layout-normal text-serif-m layout-padded\">\u2013 Igjen \u00e5pner hun altfor t\u00f8ft. Det er utrolig at det g\u00e5r an \u2013 at en s\u00e5pass rutinert l\u00f8per gj\u00f8r det samme gang p\u00e5 gang, sa Dyrhaug.<\/p>\n<p><img alt=\"Karlsson underveis p\u00e5 torsdagens etappe.   Foto: MAXIM THORE \/ Bildbyr\u00e5n\" class=\"_image_qp4xg_65 layout-component layout-normal\" data-fullscreen- data-track-element-type=\"Article image fullscreen\" data-track-name=\"ImageFullscreen\" decoding=\"async\" loading=\"lazy\" height=\"4000\" itemprop=\"image\"  src=\"https:\/\/www.europesays.com\/no\/wp-content\/uploads\/2026\/01\/401145ce-8934-4c0b-ae71-59b92ccebc3e.png\"  style=\"object-position:0% 0%\" width=\"6000\"\/>Karlsson underveis p\u00e5 torsdagens etappe.   Foto: MAXIM THORE \/ Bildbyr\u00e5n<\/p>\n<p class=\"_paragraph_o9xde_4 _paragraph_xtcu6_10 layout-component text-serif-m layout-normal text-serif-m layout-padded\">Halvannet minutt bak Diggins kjempet Ilar og Teresa Stadlober videre, uten \u00e5 komme n\u00e6rmere amerikaneren som s\u00e5 ut til \u00e5 kose seg i nydelige forhold i Toblach. <\/p>\n<p class=\"_paragraph_o9xde_4 _paragraph_xtcu6_10 layout-component text-serif-m layout-normal text-serif-m layout-padded\">\u2013 N\u00e5r hun klarer \u00e5 \u00f8ke mot en s\u00e5 sterk gruppe, er det overraskende n\u00e5r det er snakk om lange l\u00f8p i klassisk, sa Dyrhaug. <\/p>\n","protected":false},"excerpt":{"rendered":"Ingen kunne hamle opp med Jessica Diggins p\u00e5 torsdagens etappe i Tour de Ski. Rapporterer fra Toblach, Italia&hellip;\n","protected":false},"author":2,"featured_media":126215,"comment_status":"","ping_status":"","sticky":false,"template":"","format":"standard","meta":{"footnotes":""},"categories":[59],"tags":[5413,11925,398,30,28,29,83,82,12662],"class_list":{"0":"post-126214","1":"post","2":"type-post","3":"status-publish","4":"format-standard","5":"has-post-thumbnail","7":"category-sport","8":"tag-heidi-weng","9":"tag-jessie-diggins","10":"tag-langrenn","11":"tag-no","12":"tag-norge","13":"tag-norway","14":"tag-sport","15":"tag-sports","16":"tag-tour-de-ski"},"share_on_mastodon":{"url":"https:\/\/pubeurope.com\/@no\/115819917395332424","error":""},"_links":{"self":[{"href":"https:\/\/www.europesays.com\/no\/wp-json\/wp\/v2\/posts\/126214","targetHints":{"allow":["GET"]}}],"collection":[{"href":"https:\/\/www.europesays.com\/no\/wp-json\/wp\/v2\/posts"}],"about":[{"href":"https:\/\/www.europesays.com\/no\/wp-json\/wp\/v2\/types\/post"}],"author":[{"embeddable":true,"href":"https:\/\/www.europesays.com\/no\/wp-json\/wp\/v2\/users\/2"}],"replies":[{"embeddable":true,"href":"https:\/\/www.europesays.com\/no\/wp-json\/wp\/v2\/comments?post=126214"}],"version-history":[{"count":0,"href":"https:\/\/www.europesays.com\/no\/wp-json\/wp\/v2\/posts\/126214\/revisions"}],"wp:featuredmedia":[{"embeddable":true,"href":"https:\/\/www.europesays.com\/no\/wp-json\/wp\/v2\/media\/126215"}],"wp:attachment":[{"href":"https:\/\/www.europesays.com\/no\/wp-json\/wp\/v2\/media?parent=126214"}],"wp:term":[{"taxonomy":"category","embeddable":true,"href":"https:\/\/www.europesays.com\/no\/wp-json\/wp\/v2\/categories?post=126214"},{"taxonomy":"post_tag","embeddable":true,"href":"https:\/\/www.europesays.com\/no\/wp-json\/wp\/v2\/tags?post=126214"}],"curies":[{"name":"wp","href":"https:\/\/api.w.org\/{rel}","templated":true}]}}