{"id":126216,"date":"2026-01-01T12:47:15","date_gmt":"2026-01-01T12:47:15","guid":{"rendered":"https:\/\/www.europesays.com\/no\/126216\/"},"modified":"2026-01-01T12:47:15","modified_gmt":"2026-01-01T12:47:15","slug":"zach-bryan-har-giftet-seg-med-samantha-leonard","status":"publish","type":"post","link":"https:\/\/www.europesays.com\/no\/126216\/","title":{"rendered":"Zach Bryan har giftet seg med Samantha Leonard"},"content":{"rendered":"<p class=\"kicker \" style=\"\">Zach Bryan:<\/p>\n<p>  Ryktene begynte \u00e5 svirre da artisten satte seg i en bil pyntet med \u00abJust Married\u00bb-flagg.<\/p>\n<p>\n    NYGIFT: Countryartisten bekreftet nylig p\u00e5 Instagram at han har sl\u00e5tt seg til ro. Foto: Robyn BECK \/ AFP\n  <\/p>\n<p id=\"text\" class=\"svelte-1bgec1z\">I samarbeid med<\/p>\n<p>     <img decoding=\"async\" src=\"https:\/\/www.europesays.com\/no\/wp-content\/uploads\/2025\/12\/fishermansFriend.png\" alt=\"kommersiell logo\" class=\"svelte-1bgec1z\"\/>          <\/p>\n<p>En video av countryartisten Zach Bryan (29) og kj\u00e6resten Samantha Leonard (28) har sirkulert p\u00e5 <a href=\"https:\/\/www.instagram.com\/p\/DS8iBVWAQg1\/?utm_source=ig_web_copy_link&amp;igsh=NTc4MTIwNjQ2YQ==\" rel=\"nofollow noopener\" target=\"_blank\">sosiale medier<\/a> den siste tiden. Videoen viser paret sette seg inn\u00a0i en bil dekorert med \u00abJust Married\u00bb-flagg bakp\u00e5.<\/p>\n<p>    <a itemprop=\"url\" href=\"https:\/\/www.seher.no\/kjendis\/fantastisk-a-komme-tilbake\/83813694\" rel=\"nofollow noopener\" target=\"_blank\"><\/p>\n<p>        <img loading=\"lazy\" decoding=\"async\" src=\"https:\/\/www.europesays.com\/no\/wp-content\/uploads\/2026\/01\/83813699.webp.webp\" width=\"980\" height=\"441\" title=\"Fantastisk \u00e5 komme tilbake\" alt=\"\" class=\"lazyload\" style=\"--aspect-ratio-image: 2.22; \"\/><\/p>\n<p>        Fantastisk \u00e5 komme tilbake<\/p>\n<p>    <\/a><\/p>\n<p> Dette satte fart p\u00e5 ryktene om at countrystjernen hadde giftet seg med sin ett \u00e5r yngre kj\u00e6reste. <\/p>\n<p>31. desember bekreftet Bryan at han har giftet seg gjennom et bilde og en video fra feiringen p\u00e5 <a href=\"https:\/\/www.instagram.com\/p\/DS9EMligmf1\/?utm_source=ig_web_copy_link&amp;igsh=MzRlODBiNWFlZA==\" rel=\"nofollow noopener\" target=\"_blank\">Instagram<\/a>.<\/p>\n<p>\u00abTougher than the rest\u00bb\t<\/p>\n<p>P\u00e5 innlegget delte 29-\u00e5ringen f\u00f8rst et bilde av at han holder sin nybakte brud i armene, som var if\u00f8rt en stroppel\u00f8s hvit kjole med fj\u00e6rkant nederst.<\/p>\n<p>    <a itemprop=\"url\" href=\"https:\/\/www.seher.no\/kjendis\/na-er-hun-gift\/83759630\" rel=\"nofollow noopener\" target=\"_blank\"><\/p>\n<p>        <img loading=\"lazy\" decoding=\"async\" src=\"https:\/\/www.europesays.com\/no\/wp-content\/uploads\/2026\/01\/81826235.webp.webp\" width=\"980\" height=\"441\" title=\"N\u00e5 er hun gift!\" alt=\"\" class=\"lazyload\" style=\"--aspect-ratio-image: 2.22; \"\/><\/p>\n<p>        N\u00e5 er hun gift!<\/p>\n<p>    <\/a><\/p>\n<p>Som en klar referanse til Bruce Springsteens kj\u00e6rlighetsl\u00e5t fra albumet \u00abTunnel of Love\u00bb fra 1987, valgte Bryan \u00e5 kun skrive\u00a0\u00abTougher than the rest\u00bb\u00a0som tekst p\u00e5 innlegget.<\/p>\n<p class=\"font-weight-bold m-font-weight-bold\" data-lab-font_weight=\"font-weight-bold\">P\u00e5 videoen fra feiringen kan du se han fremf\u00f8re l\u00e5ten p\u00e5 en scene omgitt av blomster.<\/p>\n<p>Han delte ogs\u00e5 et bilde av seg selv med venner i formelle antrekk tirsdag 30. desember. Her valgte han \u00e5 sitere den kjente Black Eyed Peas-hiten \u00abI Gotta Feeling\u00bb som bildetekst.<\/p>\n<p>V\u00e6rt gift f\u00f8r\t<\/p>\n<p>Det nygifte paret ble f\u00f8rst koblet sammen i juli 2025 etter at Leonard la ut\u00a0et bilde av dem fra Spanias\u00a0\u00abRunning of the Bulls\u00bb-arrangement p\u00e5 <a href=\"https:\/\/www.instagram.com\/p\/DL921ybRGvZ\/?img_index=1\" style=\"font-size: 18px; font-weight: 400; font-family: Lato, helvetica, arial, sans-serif;\" rel=\"nofollow noopener\" target=\"_blank\">Instagram<\/a>, if\u00f8lge <a href=\"https:\/\/people.com\/zach-bryan-shares-the-first-look-at-his-and-samantha-leonard-s-wedding-11878033\" style=\"font-size: 18px; font-weight: 400; font-family: Lato, helvetica, arial, sans-serif;\" rel=\"nofollow noopener\" target=\"_blank\">People<\/a>.<\/p>\n<p>    <a itemprop=\"url\" href=\"https:\/\/www.seher.no\/kjendis\/setter-fart-pa-utroryktene\/83459783\" rel=\"nofollow noopener\" target=\"_blank\"><\/p>\n<p>        <img loading=\"lazy\" decoding=\"async\" src=\"https:\/\/www.europesays.com\/no\/wp-content\/uploads\/2026\/01\/83461474.webp.webp\" width=\"980\" height=\"441\" title=\"Setter fart p\u00e5 utroryktene\" alt=\"\" class=\"lazyload\" style=\"--aspect-ratio-image: 2.22; \"\/><\/p>\n<p>        Setter fart p\u00e5 utroryktene<\/p>\n<p>    <\/a><\/p>\n<p>Den 28 \u00e5r gamle influenseren delte ogs\u00e5 bilder av henne og Bryan p\u00e5 samme <a href=\"https:\/\/www.instagram.com\/p\/DNn3uvMx_Vm\/?img_index=5\" rel=\"nofollow noopener\" target=\"_blank\">plattform<\/a>\u00a021. august. P\u00e5 et av bildene kan du se paret omfavne hverandre mens de holder en fiskestang p\u00e5 en b\u00e5t.\u00a0<\/p>\n<p>Den Grammy-vinnende artisten har ogs\u00e5 v\u00e6rt gift \u00e9n gang tidligere.<\/p>\n<p>I 2020 giftet han seg med Rose Madden som han skal ha tjenestegjort med i den amerikanske marinen. Mindre enn ett \u00e5r etterp\u00e5 kom beskjeden om at paret hadde g\u00e5tt hver til sitt.<\/p>\n<p>Madden bekreftet selv bruddet i en TikTok-video.<\/p>\n<p>      <script async src=\"\/\/www.instagram.com\/embed.js\"><\/script><\/p>\n","protected":false},"excerpt":{"rendered":"Zach Bryan: Ryktene begynte \u00e5 svirre da artisten satte seg i en bil pyntet med \u00abJust Married\u00bb-flagg. NYGIFT:&hellip;\n","protected":false},"author":2,"featured_media":126217,"comment_status":"","ping_status":"","sticky":false,"template":"","format":"standard","meta":{"footnotes":""},"categories":[58],"tags":[183,14848,71,479,30,28,29,14847,72,14846],"class_list":{"0":"post-126216","1":"post","2":"type-post","3":"status-publish","4":"format-standard","5":"has-post-thumbnail","7":"category-underholdning","8":"tag-bryllup","9":"tag-countryartist","10":"tag-entertainment","11":"tag-kjendis","12":"tag-no","13":"tag-norge","14":"tag-norway","15":"tag-nygift","16":"tag-underholdning","17":"tag-zach-bryan"},"share_on_mastodon":{"url":"https:\/\/pubeurope.com\/@no\/115819920972446988","error":""},"_links":{"self":[{"href":"https:\/\/www.europesays.com\/no\/wp-json\/wp\/v2\/posts\/126216","targetHints":{"allow":["GET"]}}],"collection":[{"href":"https:\/\/www.europesays.com\/no\/wp-json\/wp\/v2\/posts"}],"about":[{"href":"https:\/\/www.europesays.com\/no\/wp-json\/wp\/v2\/types\/post"}],"author":[{"embeddable":true,"href":"https:\/\/www.europesays.com\/no\/wp-json\/wp\/v2\/users\/2"}],"replies":[{"embeddable":true,"href":"https:\/\/www.europesays.com\/no\/wp-json\/wp\/v2\/comments?post=126216"}],"version-history":[{"count":0,"href":"https:\/\/www.europesays.com\/no\/wp-json\/wp\/v2\/posts\/126216\/revisions"}],"wp:featuredmedia":[{"embeddable":true,"href":"https:\/\/www.europesays.com\/no\/wp-json\/wp\/v2\/media\/126217"}],"wp:attachment":[{"href":"https:\/\/www.europesays.com\/no\/wp-json\/wp\/v2\/media?parent=126216"}],"wp:term":[{"taxonomy":"category","embeddable":true,"href":"https:\/\/www.europesays.com\/no\/wp-json\/wp\/v2\/categories?post=126216"},{"taxonomy":"post_tag","embeddable":true,"href":"https:\/\/www.europesays.com\/no\/wp-json\/wp\/v2\/tags?post=126216"}],"curies":[{"name":"wp","href":"https:\/\/api.w.org\/{rel}","templated":true}]}}