{"id":126220,"date":"2026-01-01T12:52:09","date_gmt":"2026-01-01T12:52:09","guid":{"rendered":"https:\/\/www.europesays.com\/no\/126220\/"},"modified":"2026-01-01T12:52:09","modified_gmt":"2026-01-01T12:52:09","slug":"maresca-ferdig-i-chelsea","status":"publish","type":"post","link":"https:\/\/www.europesays.com\/no\/126220\/","title":{"rendered":"Maresca ferdig i Chelsea"},"content":{"rendered":"\n<p class=\"_lead_o9xde_2 _lead_xtcu6_50 layout-component text-serif-m layout-normal text-serif-l layout-component layout-wide layout-padded _wide_17hqh_1 layout-padded\">Et halvt \u00e5r etter triumfen i klubb-VM er Enzo Marescas tid i Chelsea over.<\/p>\n<p><img alt=\" Foto: Mike Egerton \/ Pa Photos \/ NTB\" class=\"_image_qp4xg_65 layout-component layout-wide\" data-fullscreen- data-track-element-type=\"Article image fullscreen\" data-track-name=\"ImageFullscreen\" fetchpriority=\"high\" decoding=\"sync\" loading=\"eager\" height=\"3311\" itemprop=\"image\"  src=\"https:\/\/www.europesays.com\/no\/wp-content\/uploads\/2026\/01\/46dffabd-99d8-4579-8011-9b51206815b4.jpeg\"  style=\"object-position:0% 0%\" width=\"5124\"\/> Foto: Mike Egerton \/ Pa Photos \/ NTB<\/p>\n<ul aria-hidden=\"true\" class=\"_images_ntbth_112\">\n<li><a class=\"_link_ntbth_117\" href=\"https:\/\/www.vg.no\/forfatter\/trond-johannessen-2\" style=\"z-index:1\" title=\"Trond Johannessen\" rel=\"nofollow noopener\" target=\"_blank\"><img alt=\"Bilde av Trond Johannessen\" class=\"_image_ntbth_93\" fetchpriority=\"low\" loading=\"lazy\" decoding=\"async\" itemprop=\"image\"  src=\"https:\/\/www.europesays.com\/no\/wp-content\/uploads\/2026\/01\/8f20a56c-f95f-4178-993a-7fb0527b9125.jpeg\"  width=\"480\"\/><\/a><\/li>\n<\/ul>\n<p> Oppdatert torsdag 1. januar kl. 13:40     <\/p>\n<p class=\"_paragraph_o9xde_4 _paragraph_xtcu6_10 layout-component text-serif-m layout-normal text-serif-m layout-padded\">Det bekreftes<a href=\"https:\/\/www.chelseafc.com\/en\/news\/article\/club-statement-enzo-maresca\" class=\"_link_o9xde_39\" rel=\"nofollow noopener\" target=\"_blank\"> i en pressemelding.<\/a> <\/p>\n<p class=\"_paragraph_o9xde_4 _paragraph_xtcu6_10 layout-component text-serif-m layout-normal text-serif-m layout-padded\">\u00abMed fortsatt viktige m\u00e5l \u00e5 spille for i fire turneringer, inkludert kvalifisering til Champions League, mener b\u00e5de Enzo og klubben at en endring gir laget de beste forutsetningene for \u00e5 f\u00e5 sesongen tilbake p\u00e5 rett spor. Vi \u00f8nsker Enzo alt godt videre\u00bb, heter det i den offisielle uttalelsen fra klubben.<\/p>\n<p class=\"_paragraph_o9xde_4 _paragraph_xtcu6_10 layout-component text-serif-m layout-normal text-serif-m layout-padded\">Tidligere Hull-sjef Liam Rosenior (41), n\u00e5 i Chelseas samarbeidsklubb Strasbourg, nevnes blant de heteste navnene til \u00e5 ersttate Maresca, if\u00f8lge <a href=\"https:\/\/www.nytimes.com\/athletic\/6933487\/2026\/01\/01\/chelsea-enzo-maresca-leaves\/\" class=\"_link_o9xde_39\" rel=\"nofollow noopener\" target=\"_blank\">The Athletic<\/a>.<\/p>\n<p><img decoding=\"async\" alt=\"Bilde av Liam Rosenior\" class=\"_image_ygndg_42\" height=\"26\" itemprop=\"image\" loading=\"lazy\"  src=\"https:\/\/www.europesays.com\/no\/wp-content\/uploads\/2026\/01\/7e5ada56-ecb2-420c-b0f1-6ba7e01a470f.jpeg\"  width=\"40\"\/><strong class=\"_name_ygndg_51 title-serif-xs\">Liam Rosenior<\/strong><\/p>\n<p class=\"_paragraph_o9xde_4 _paragraph_xtcu6_10 layout-component text-serif-m layout-normal text-serif-m layout-padded\">Alt s\u00e5 bra ut for Chelsea for en dr\u00f8y m\u00e5ned siden, etter en r\u00e5sterk seier over Barcelona i Champions League og annenplass i ligaen etter tolv kamper \u2013 seks poeng bak Arsenal.<\/p>\n<p class=\"_paragraph_o9xde_4 _paragraph_xtcu6_10 layout-component text-serif-m layout-normal text-serif-m layout-padded\">Men med bare syv poeng p\u00e5 de syv siste kampene, er Chelsea nede p\u00e5 femteplass. Avstanden opp til Arsenal er p\u00e5 hele 15 poeng. <\/p>\n<p class=\"_paragraph_o9xde_4 _paragraph_xtcu6_10 layout-component text-serif-m layout-normal text-serif-m layout-padded\">Men 45 \u00e5r gamle Marescas problematiske forhold til klubbledelsen skal ogs\u00e5 ha spilt kraftig inn. <\/p>\n<p class=\"_paragraph_o9xde_4 _paragraph_xtcu6_10 layout-component text-serif-m layout-normal text-serif-m layout-padded\">Han ble hentet fra Leicester sommeren 2024 og hadde kontrakt til sommeren 2029. I hans f\u00f8rste sesong ble Chelsea nummer fire i ligaen, vant Conference League og alts\u00e5 sommerens lukrative klubb-VM i USA \u2013 etter formidable 3\u20130 over PSG i finalen.<\/p>\n<p class=\"_paragraph_o9xde_4 _paragraph_xtcu6_10 layout-component text-serif-m layout-normal text-serif-m layout-padded\">Chelsea har hatt seks managere siden Antonio Conte ledet klubben til det forel\u00f8pig siste ligagullet i 2017: Maurizio Sarri, Frank Lampard, Thomas Tuchel, Graham Potter, Mauricio Pochettino og Enzo Maresca.<\/p>\n<p class=\"_paragraph_o9xde_4 _paragraph_xtcu6_10 layout-component text-serif-m layout-normal text-serif-m layout-padded\">S\u00f8ndag venter en storkamp borte mot Manchester City. The Atletic har tidligere skrevet at  Enzo Maresca er h\u00f8yt p\u00e5 listen over mulige erstattere, dersom Pep Guardiola skulle forlate City til sommeren \u2013 etter ti \u00e5r i Manchester. <\/p>\n","protected":false},"excerpt":{"rendered":"Et halvt \u00e5r etter triumfen i klubb-VM er Enzo Marescas tid i Chelsea over. Foto: Mike Egerton \/&hellip;\n","protected":false},"author":2,"featured_media":126221,"comment_status":"","ping_status":"","sticky":false,"template":"","format":"standard","meta":{"footnotes":""},"categories":[5],"tags":[20,21,1693,24,25,15,19,22,23,17,18,13,30,28,29,14,16,161,26,27],"class_list":{"0":"post-126220","1":"post","2":"type-post","3":"status-publish","4":"format-standard","5":"has-post-thumbnail","7":"category-overskrifter","8":"tag-breaking-news","9":"tag-breakingnews","10":"tag-chelsea-fc","11":"tag-featured-news","12":"tag-featurednews","13":"tag-headlines","14":"tag-hovedoppslag","15":"tag-latest-news","16":"tag-latestnews","17":"tag-main-news","18":"tag-mainnews","19":"tag-news","20":"tag-no","21":"tag-norge","22":"tag-norway","23":"tag-nyheter","24":"tag-overskrifter","25":"tag-premier-league","26":"tag-top-stories","27":"tag-topstories"},"share_on_mastodon":{"url":"https:\/\/pubeurope.com\/@no\/115819940827078825","error":""},"_links":{"self":[{"href":"https:\/\/www.europesays.com\/no\/wp-json\/wp\/v2\/posts\/126220","targetHints":{"allow":["GET"]}}],"collection":[{"href":"https:\/\/www.europesays.com\/no\/wp-json\/wp\/v2\/posts"}],"about":[{"href":"https:\/\/www.europesays.com\/no\/wp-json\/wp\/v2\/types\/post"}],"author":[{"embeddable":true,"href":"https:\/\/www.europesays.com\/no\/wp-json\/wp\/v2\/users\/2"}],"replies":[{"embeddable":true,"href":"https:\/\/www.europesays.com\/no\/wp-json\/wp\/v2\/comments?post=126220"}],"version-history":[{"count":0,"href":"https:\/\/www.europesays.com\/no\/wp-json\/wp\/v2\/posts\/126220\/revisions"}],"wp:featuredmedia":[{"embeddable":true,"href":"https:\/\/www.europesays.com\/no\/wp-json\/wp\/v2\/media\/126221"}],"wp:attachment":[{"href":"https:\/\/www.europesays.com\/no\/wp-json\/wp\/v2\/media?parent=126220"}],"wp:term":[{"taxonomy":"category","embeddable":true,"href":"https:\/\/www.europesays.com\/no\/wp-json\/wp\/v2\/categories?post=126220"},{"taxonomy":"post_tag","embeddable":true,"href":"https:\/\/www.europesays.com\/no\/wp-json\/wp\/v2\/tags?post=126220"}],"curies":[{"name":"wp","href":"https:\/\/api.w.org\/{rel}","templated":true}]}}