{"id":126231,"date":"2026-01-01T13:04:08","date_gmt":"2026-01-01T13:04:08","guid":{"rendered":"https:\/\/www.europesays.com\/no\/126231\/"},"modified":"2026-01-01T13:04:08","modified_gmt":"2026-01-01T13:04:08","slug":"israelske-organisasjoner-kritiserer-utestengelsen-av-hjelpeorganisasjoner-fra-gaza","status":"publish","type":"post","link":"https:\/\/www.europesays.com\/no\/126231\/","title":{"rendered":"Israelske organisasjoner kritiserer utestengelsen av hjelpeorganisasjoner fra Gaza"},"content":{"rendered":"\n<p class=\"_lead_o9xde_2 _lead_xtcu6_50 layout-component text-serif-m layout-normal text-serif-l layout-component layout-wide layout-padded _wide_17hqh_1 layout-padded\">Israelske menneskerettsorganisasjoner ford\u00f8mmer Netanyahu-regjeringens beslutning om \u00e5 nekte Flyktninghjelpen og 36 andre hjelpeorganisasjoner adgang til de okkuperte palestinske omr\u00e5dene. <\/p>\n<p><img alt=\"Palestinere i Gaza kjemper om mat ved et suppekj\u00f8kken i Nuseirat.  Foto: Abdel Kareem Hana \/ AP \/ NTB\" class=\"_image_qp4xg_65 layout-component layout-wide\" data-fullscreen- data-track-element-type=\"Article image fullscreen\" data-track-name=\"ImageFullscreen\" fetchpriority=\"high\" decoding=\"sync\" loading=\"eager\" height=\"5760\" itemprop=\"image\"  src=\"https:\/\/www.europesays.com\/no\/wp-content\/uploads\/2026\/01\/45188128-5cb4-4484-adf8-ad940a0d5099.png\"  style=\"object-position:0% 0%\" width=\"8640\"\/>Palestinere i Gaza kjemper om mat ved et suppekj\u00f8kken i Nuseirat.  Foto: Abdel Kareem Hana \/ AP \/ NTB<\/p>\n<ul aria-hidden=\"true\" class=\"_images_ntbth_112\">\n<li><a class=\"_link_ntbth_117\" href=\"https:\/\/www.vg.no\/forfatter\/ntb\" style=\"z-index:1\" title=\"NTB\" rel=\"nofollow noopener\" target=\"_blank\"><img alt=\"Bilde av NTB\" class=\"_image_ntbth_93\" fetchpriority=\"low\" loading=\"lazy\" decoding=\"async\" itemprop=\"image\"  src=\"https:\/\/www.europesays.com\/no\/wp-content\/uploads\/2026\/01\/1767272648_681_c33980b0-5d07-4027-84a1-813f90a7c8d6.png\"  width=\"480\"\/><\/a><\/li>\n<\/ul>\n<p> Oppdatert torsdag 1. januar kl. 13:41     <\/p>\n<p class=\"_paragraph_o9xde_4 _paragraph_xtcu6_10 layout-component text-serif-m layout-normal text-serif-m layout-padded\"> 19 israelske organisasjoner, blant dem menneskerettsorganisasjonen B\u2019Tselem, har undertegnet <a href=\"https:\/\/x.com\/btselem\/status\/2006644225996173530\/photo\/1\" class=\"_link_o9xde_39\" rel=\"nofollow\">et felles opprop<\/a> der de tar kraftig avstand fra den israelske regjeringens beslutning. <\/p>\n<p class=\"_paragraph_o9xde_4 _paragraph_xtcu6_10 layout-component text-serif-m layout-normal text-serif-m layout-padded\">\u2013 De nye reglene for registrering bryter med kjerneprinsippene for humanit\u00e6r uavhengighet og n\u00f8ytralitet, heter det i oppropet. <\/p>\n<p class=\"_paragraph_o9xde_4 _paragraph_xtcu6_10 layout-component text-serif-m layout-normal text-serif-m layout-padded\">De israelske organisasjonene anklager videre statsminister Benjamin Netanyahus ytterligg\u00e5ende h\u00f8yreregjering for \u00e5 bruke byr\u00e5krati som v\u00e5pen og krever at internasjonale hjelpeorganisasjoner f\u00e5r operere fritt i de okkuperte palestinske omr\u00e5dene. <\/p>\n<p class=\"_paragraph_o9xde_4 _paragraph_xtcu6_10 layout-component text-serif-m layout-normal text-serif-m layout-padded\">\u2013 Tilgang til humanit\u00e6r hjelp er en juridisk forpliktelse, ikke et skj\u00f8nnsmessig valg, heter det i oppropet.<\/p>\n<p>\u2013 Systematiske angrep<\/p>\n<p class=\"_paragraph_o9xde_4 _paragraph_xtcu6_10 layout-component text-serif-m layout-normal text-serif-m layout-padded\">Flyktninghjelpens generalsekret\u00e6r Jan Egeland er blant dem som reagerer sterkt p\u00e5 Israels beslutning, som ogs\u00e5 rammer organisasjoner som Leger Uten Grenser (MSF), FNs hjelpeorganisasjon for palestinske flyktninger (Unrwa), Care og Oxfam. <\/p>\n<p class=\"_paragraph_o9xde_4 _paragraph_xtcu6_10 layout-component text-serif-m layout-normal text-serif-m layout-padded\">\u2013 I mine 40 \u00e5r som hjelpearbeider har jeg knapt noen gang opplevd et s\u00e5 systematisk angrep p\u00e5 uavhengig og upartisk hjelpearbeid som det vi har v\u00e6rt og er utsatt for fra Netanyahu-regjeringen i Israel, sier Egeland til NTB.<\/p>\n<p><img alt=\"Jan Egeland, Flyktninghjelpens generalsekret\u00e6r.  Foto: Ebrahim Noroozi \/ AP \/ NTB\" class=\"_image_qp4xg_65 layout-component layout-normal\" data-fullscreen- data-track-element-type=\"Article image fullscreen\" data-track-name=\"ImageFullscreen\" decoding=\"async\" loading=\"lazy\" height=\"3333\" itemprop=\"image\"  src=\"https:\/\/www.europesays.com\/no\/wp-content\/uploads\/2026\/01\/a13449bb-c34f-49d4-b868-9607aecd64d5.jpeg\"  style=\"object-position:0% 0%\" width=\"5000\"\/>Jan Egeland, Flyktninghjelpens generalsekret\u00e6r.  Foto: Ebrahim Noroozi \/ AP \/ NTB<\/p>\n<p class=\"_paragraph_o9xde_4 _paragraph_xtcu6_10 layout-component text-serif-m layout-normal text-serif-m layout-padded\">\u2013 Israel er som okkupasjonsmakt forpliktet til \u00e5 legge forholdene til rette for hjelpearbeid for sivile i omr\u00e5der de okkuperer eller dominerer. N\u00e5 har Netanyahu-regjeringen igjen sabotert mange av verdens fremste hjelpeorganisasjoner i \u00e5 utf\u00f8re v\u00e5rt livsviktige arbeid, sier han.<\/p>\n<p>Krever navnelister<\/p>\n<p class=\"_paragraph_o9xde_4 _paragraph_xtcu6_10 layout-component text-serif-m layout-normal text-serif-m layout-padded\">Israel har begrunnet beslutningen med at de 37 hjelpeorganisasjonene har nektet \u00e5 etterkomme kravet om \u00e5 dele informasjon om sine palestinske ansatte. <\/p>\n<p class=\"_paragraph_o9xde_4 _paragraph_xtcu6_10 layout-component text-serif-m layout-normal text-serif-m layout-padded\">\u2013 De nekter \u00e5 gi fra seg lister over sine palestinske ansatte fordi de vet, akkurat som vi vet, at noen av dem er involvert i terrorisme eller knyttet til Hamas, sa regjeringens talsperson Gilad Zwick onsdag. <\/p>\n<p class=\"_paragraph_o9xde_4 _paragraph_xtcu6_10 layout-component text-serif-m layout-normal text-serif-m layout-padded\">\u2013 Vi har aldri f\u00e5tt en eneste klage fra Israel p\u00e5 utf\u00f8relsen av v\u00e5rt arbeid eller p\u00e5 noen av v\u00e5re ansatte, sier Egeland, som viser til at Flyktninghjelpen har operert i de palestinske omr\u00e5dene siden 2009.<\/p>\n<p>\u2013 Skandal\u00f8st<\/p>\n<p class=\"_paragraph_o9xde_4 _paragraph_xtcu6_10 layout-component text-serif-m layout-normal text-serif-m layout-padded\">Unrwa-sjef Philippe Lazzarini har kalt det israelske vedtaket skandal\u00f8st og oppr\u00f8rende, og MSF advarer og sier at det ogs\u00e5 vil f\u00e5 katastrofale f\u00f8lger for deres arbeid i <a href=\"https:\/\/www.vg.no\/tag\/gaza?utm_source=vg-article&amp;utm_medium=auto-tagger&amp;utm_campaign=9pvVEM\" class=\"_link_o9xde_39\" rel=\"nofollow noopener\" target=\"_blank\">Gaza<\/a> der store deler av helsevesenet er lagt i ruiner.<\/p>\n<p class=\"_paragraph_o9xde_4 _paragraph_xtcu6_10 layout-component text-serif-m layout-normal text-serif-m layout-padded\"> Norge og \u00e5tte andre land advarer i <a href=\"https:\/\/www.regjeringen.no\/no\/whats-new\/joint-statementon-the-gaza-humanitarian-response\/id3144541\/\" class=\"_link_o9xde_39\" rel=\"nofollow noopener\" target=\"_blank\">en felles uttalelse<\/a> ogs\u00e5 mot f\u00f8lgene og gir uttrykk for \u00abalvorlig bekymring for den fornyede forverringen av den humanit\u00e6re situasjonen i Gaza, som fortsatt er katastrofal\u00bb.<\/p>\n<p><img alt=\"Israel har lagt store deler av Gazastripen i ruiner og behovet for n\u00f8dhjelp er enormt.   Foto: Abdel Kareem Hana \/ AP \/ NTB\" class=\"_image_qp4xg_65 layout-component layout-normal\" data-fullscreen- data-track-element-type=\"Article image fullscreen\" data-track-name=\"ImageFullscreen\" decoding=\"async\" loading=\"lazy\" height=\"4224\" itemprop=\"image\"  src=\"https:\/\/www.europesays.com\/no\/wp-content\/uploads\/2026\/01\/beaa242a-1a80-447c-b9b7-886827e966c7.jpeg\"  style=\"object-position:0% 0%\" width=\"6336\"\/>Israel har lagt store deler av Gazastripen i ruiner og behovet for n\u00f8dhjelp er enormt.   Foto: Abdel Kareem Hana \/ AP \/ NTB<\/p>\n<p class=\"_paragraph_o9xde_4 _paragraph_xtcu6_10 layout-component text-serif-m layout-normal text-serif-m layout-padded\">EU advarer ogs\u00e5 Israel mot \u00e5 nekte hjelpeorganisasjonene adgang til Gaza og sier i en uttalelse at det \u00abvil blokkere livsn\u00f8dvendig hjelp\u00bb til de rundt 2 millioner palestinerne der.<\/p>\n<p class=\"_paragraph_o9xde_4 _paragraph_xtcu6_10 layout-component text-serif-m layout-normal text-serif-m layout-padded\">\u2013 EU har v\u00e6rt tydelig: Registreringsloven kan ikke gjennomf\u00f8res i sin n\u00e5v\u00e6rende form, skriver EUs n\u00f8dhjelpssjef Hadja Lahbib p\u00e5 X.<\/p>\n<p class=\"_paragraph_o9xde_4 _paragraph_xtcu6_10 layout-component text-serif-m layout-normal text-serif-m layout-padded\">\u2013 Internasjonal humanit\u00e6r lov etterlater ikke rom for tvil: Hjelp m\u00e5 n\u00e5 dem som trenger det, skriver hun.<\/p>\n","protected":false},"excerpt":{"rendered":"Israelske menneskerettsorganisasjoner ford\u00f8mmer Netanyahu-regjeringens beslutning om \u00e5 nekte Flyktninghjelpen og 36 andre hjelpeorganisasjoner adgang til de okkuperte palestinske&hellip;\n","protected":false},"author":2,"featured_media":126232,"comment_status":"","ping_status":"","sticky":false,"template":"","format":"standard","meta":{"footnotes":""},"categories":[12],"tags":[20,21,24,25,53,15,52,22,23,13,30,28,29,14,16,26,27,42,43,44,45],"class_list":{"0":"post-126231","1":"post","2":"type-post","3":"status-publish","4":"format-standard","5":"has-post-thumbnail","7":"category-verden","8":"tag-breaking-news","9":"tag-breakingnews","10":"tag-featured-news","11":"tag-featurednews","12":"tag-gaza","13":"tag-headlines","14":"tag-israel","15":"tag-latest-news","16":"tag-latestnews","17":"tag-news","18":"tag-no","19":"tag-norge","20":"tag-norway","21":"tag-nyheter","22":"tag-overskrifter","23":"tag-top-stories","24":"tag-topstories","25":"tag-verden","26":"tag-world","27":"tag-world-news","28":"tag-worldnews"},"share_on_mastodon":{"url":"https:\/\/pubeurope.com\/@no\/115819988181053944","error":""},"_links":{"self":[{"href":"https:\/\/www.europesays.com\/no\/wp-json\/wp\/v2\/posts\/126231","targetHints":{"allow":["GET"]}}],"collection":[{"href":"https:\/\/www.europesays.com\/no\/wp-json\/wp\/v2\/posts"}],"about":[{"href":"https:\/\/www.europesays.com\/no\/wp-json\/wp\/v2\/types\/post"}],"author":[{"embeddable":true,"href":"https:\/\/www.europesays.com\/no\/wp-json\/wp\/v2\/users\/2"}],"replies":[{"embeddable":true,"href":"https:\/\/www.europesays.com\/no\/wp-json\/wp\/v2\/comments?post=126231"}],"version-history":[{"count":0,"href":"https:\/\/www.europesays.com\/no\/wp-json\/wp\/v2\/posts\/126231\/revisions"}],"wp:featuredmedia":[{"embeddable":true,"href":"https:\/\/www.europesays.com\/no\/wp-json\/wp\/v2\/media\/126232"}],"wp:attachment":[{"href":"https:\/\/www.europesays.com\/no\/wp-json\/wp\/v2\/media?parent=126231"}],"wp:term":[{"taxonomy":"category","embeddable":true,"href":"https:\/\/www.europesays.com\/no\/wp-json\/wp\/v2\/categories?post=126231"},{"taxonomy":"post_tag","embeddable":true,"href":"https:\/\/www.europesays.com\/no\/wp-json\/wp\/v2\/tags?post=126231"}],"curies":[{"name":"wp","href":"https:\/\/api.w.org\/{rel}","templated":true}]}}