{"id":126240,"date":"2026-01-01T13:12:21","date_gmt":"2026-01-01T13:12:21","guid":{"rendered":"https:\/\/www.europesays.com\/no\/126240\/"},"modified":"2026-01-01T13:12:21","modified_gmt":"2026-01-01T13:12:21","slug":"vold-og-festbrak-pa-nyttarsaften-i-finnmark-nrk-troms-og-finnmark","status":"publish","type":"post","link":"https:\/\/www.europesays.com\/no\/126240\/","title":{"rendered":"Vold og festbr\u00e5k p\u00e5 nytt\u00e5rsaften i Finnmark \u2013 NRK Troms og Finnmark"},"content":{"rendered":"<p><strong>\u2013 Det var en nytt\u00e5rsnatt p\u00e5 det jevne. Det har v\u00e6rt hektisk, men ingen alvorlige hendelser. Det pleier \u00e5 v\u00e6re meldinger om fyrverkeri mot hus eller folk, men det har vi ikke mottatt i \u00e5r.<\/strong><\/p>\n<p>Det sa Politiets operasjonsleder \u00d8yvind J. Holsbrekken.<\/p>\n<p>\u00c5rets f\u00f8rste gjest<\/p>\n<p>Politiet i Finnmark fikk i natt sin f\u00f8rste gjest i arresten. En mann i Vads\u00f8 skal ha oppf\u00f8rt seg uakseptabelt i bysentrum, og ville ikke etterkomme p\u00e5legget om \u00e5 forlate stedet.<\/p>\n<p>Flere slagsm\u00e5l<\/p>\n<p>Klokken 00:11 rykket en patrulje ut til melding om slagsm\u00e5l mellom flere personer ved Prestefjellet i Kirkenes. Partene hadde forlatt stedet f\u00f8r patruljen kom frem.<\/p>\n<p><strong>I Nesseby rykket politiet ut til en voldshendelse mellom to personer p\u00e5 en privatadresse. En person ble fjernet fra adressen. Personen ble anmeldt for \u00e5 ha ut\u00f8vd vold mot personen som bor p\u00e5 stedet. <\/strong><\/p>\n<p>Fire involverte i en sl\u00e5sskamp i Hammerfest sentrum fikk p\u00e5legg om \u00e5 forlate stedet.<\/p>\n<p><img decoding=\"async\"   src=\"data:image\/gif;base64,R0lGODlhAQABAIAAAAAAAP\/\/\/yH5BAEAAAAALAAAAAABAAEAAAIBRAA7\" loading=\"eager\" alt=\"Hammerfest\" title=\"Foto: Allan Klo \/ NRK\"\/><\/p>\n<p class=\"\">Politiet m\u00e5tte rykke ut til Hammerfest ved flere anledninger i natt. <\/p>\n<p>Foto: Allan Klo \/ NRK<\/p>\n<p>Senere i Hammerfest ble en mann bortvist fra bybildet etter \u00e5 ha fors\u00f8kt \u00e5 starte flere sl\u00e5sskamper.<\/p>\n<p>03.38 mottok Politiet melding om slagsm\u00e5l i taxik\u00f8en i Hammerfest. To personer ble satt i hver sin retning hjemover av patruljen.<\/p>\n<p>Rykket ut til fester<\/p>\n<p>Politiet m\u00e5tte bryte opp en fest i Alta i 2-tiden, p\u00e5 grunn av overstadig berusede gjester og till\u00f8p til d\u00e5rlig stemning, skriver politiet.<\/p>\n<p>I Kautokeino m\u00e5tte en fest dempe lydniv\u00e5et for \u00e5 ikke v\u00e6re til sjenanse for naboene.<\/p>\n<p>En mann i S\u00f8r-Varanger ble kj\u00f8rt hjem av patruljen etter \u00e5 ha nektet \u00e5 forlate en privat fest.<\/p>\n<p><img decoding=\"async\"   src=\"data:image\/gif;base64,R0lGODlhAQABAIAAAAAAAP\/\/\/yH5BAEAAAAALAAAAAABAAEAAAIBRAA7\" loading=\"eager\" alt=\"Illustrasjonsfoto av politiet\" title=\"Foto: Karen Gjetrang \/ NRK\"\/><\/p>\n<p class=\"\">Vold, festbr\u00e5k og \u00e5rets f\u00f8rste gjest i arresten preget nytt\u00e5rsfeiringen i Finnmark.<\/p>\n<p>Foto: Karen Gjetrang \/ NRK<\/p>\n<p>Publisert<\/p>\n<p>01.01.2026, kl. 09.30<\/p>\n<p>Oppdatert<\/p>\n<p>01.01.2026, kl. 12.04<\/p>\n","protected":false},"excerpt":{"rendered":"\u2013 Det var en nytt\u00e5rsnatt p\u00e5 det jevne. Det har v\u00e6rt hektisk, men ingen alvorlige hendelser. Det pleier&hellip;\n","protected":false},"author":2,"featured_media":126241,"comment_status":"","ping_status":"","sticky":false,"template":"","format":"standard","meta":{"footnotes":""},"categories":[10],"tags":[20,21,24,25,15,22,23,13,30,28,29,14,16,26,27],"class_list":{"0":"post-126240","1":"post","2":"type-post","3":"status-publish","4":"format-standard","5":"has-post-thumbnail","7":"category-norge","8":"tag-breaking-news","9":"tag-breakingnews","10":"tag-featured-news","11":"tag-featurednews","12":"tag-headlines","13":"tag-latest-news","14":"tag-latestnews","15":"tag-news","16":"tag-no","17":"tag-norge","18":"tag-norway","19":"tag-nyheter","20":"tag-overskrifter","21":"tag-top-stories","22":"tag-topstories"},"share_on_mastodon":{"url":"https:\/\/pubeurope.com\/@no\/115820019478019369","error":""},"_links":{"self":[{"href":"https:\/\/www.europesays.com\/no\/wp-json\/wp\/v2\/posts\/126240","targetHints":{"allow":["GET"]}}],"collection":[{"href":"https:\/\/www.europesays.com\/no\/wp-json\/wp\/v2\/posts"}],"about":[{"href":"https:\/\/www.europesays.com\/no\/wp-json\/wp\/v2\/types\/post"}],"author":[{"embeddable":true,"href":"https:\/\/www.europesays.com\/no\/wp-json\/wp\/v2\/users\/2"}],"replies":[{"embeddable":true,"href":"https:\/\/www.europesays.com\/no\/wp-json\/wp\/v2\/comments?post=126240"}],"version-history":[{"count":0,"href":"https:\/\/www.europesays.com\/no\/wp-json\/wp\/v2\/posts\/126240\/revisions"}],"wp:featuredmedia":[{"embeddable":true,"href":"https:\/\/www.europesays.com\/no\/wp-json\/wp\/v2\/media\/126241"}],"wp:attachment":[{"href":"https:\/\/www.europesays.com\/no\/wp-json\/wp\/v2\/media?parent=126240"}],"wp:term":[{"taxonomy":"category","embeddable":true,"href":"https:\/\/www.europesays.com\/no\/wp-json\/wp\/v2\/categories?post=126240"},{"taxonomy":"post_tag","embeddable":true,"href":"https:\/\/www.europesays.com\/no\/wp-json\/wp\/v2\/tags?post=126240"}],"curies":[{"name":"wp","href":"https:\/\/api.w.org\/{rel}","templated":true}]}}