{"id":126244,"date":"2026-01-01T13:14:09","date_gmt":"2026-01-01T13:14:09","guid":{"rendered":"https:\/\/www.europesays.com\/no\/126244\/"},"modified":"2026-01-01T13:14:09","modified_gmt":"2026-01-01T13:14:09","slug":"nyheter-follebu-tok-sterk-andreplass-bak-klaebo","status":"publish","type":"post","link":"https:\/\/www.europesays.com\/no\/126244\/","title":{"rendered":"Nyheter, Follebu | Tok sterk andreplass bak Kl\u00e6bo"},"content":{"rendered":"\n<p>Mattis Stenshagen gjorde nok et knallsterkt renn og ble nummer to p\u00e5 20 kilometer jaktstart i Tour de Ski.<\/p>\n<p>Johannes H\u00f8sflot Kl\u00e6bo var utiln\u00e6rmelig og kontrollerte l\u00f8pet fra start til slutt.<\/p>\n<p>Stenshagen br\u00f8t ut av gruppen bak Kl\u00e6bo etter ti kilometer. Han hentet inn mange sekunder p\u00e5 Kl\u00e6bo og fikk stor avstand ned til resten av gruppa.<\/p>\n<p>God sesong<\/p>\n<p>Stenshagen, som er fra Follebu, har levert kruttsterkt i Tour de Ski. Han banket Johannes H\u00f8sflot Kl\u00e6bo og tok karrierens f\u00f8rste verdenscupseier i helgen.<\/p>\n<p>\u2013 Jeg var p\u00e5 nippet til \u00e5 legge opp i v\u00e5r. Jeg har hatt mine nedturer, og det har ikke alltid v\u00e6rt like givende \u00e5 drive toppidrett. Jeg har v\u00e6rt gjennom hele f\u00f8lelsesregisteret i karrieren, sa en r\u00f8rt Stenshagen til Viaplay etter l\u00f8pet.<\/p>\n<p>N\u00e5 fortsetter han \u00e5 levere, og legger inn en sv\u00e6rt god s\u00f8knad for \u00e5 v\u00e6re med til OL.<\/p>\n<p>  <a href=\"https:\/\/www.gd.no\/5-18-2432205\" class=\"related-teaser has-image default-feature-teaser article--c-eRUmMG article--c-eRUmMG-jKCPdD-design-default\" rel=\"nofollow noopener\" target=\"_blank\"><\/p>\n<p>    <img decoding=\"async\" loading=\"lazy\"  src=\"https:\/\/www.europesays.com\/no\/wp-content\/uploads\/2026\/01\/DSC_4987.jpg\" alt=\"\" class=\"brick-c-cFOWSL\" style=\"\"\/><\/p>\n<p>\n            Les ogs\u00e5<\/p>\n<p>              Til slutt gikk det opp for Leif Roger: \u2013 Da kom t\u00e5rene\n        <\/p>\n<p>  <\/a><\/p>\n","protected":false},"excerpt":{"rendered":"Mattis Stenshagen gjorde nok et knallsterkt renn og ble nummer to p\u00e5 20 kilometer jaktstart i Tour de&hellip;\n","protected":false},"author":2,"featured_media":126245,"comment_status":"","ping_status":"","sticky":false,"template":"","format":"standard","meta":{"footnotes":""},"categories":[59],"tags":[36,14849,1428,398,30,28,29,14,83,82,1510],"class_list":{"0":"post-126244","1":"post","2":"type-post","3":"status-publish","4":"format-standard","5":"has-post-thumbnail","7":"category-sport","8":"tag-art","9":"tag-follebu","10":"tag-gausdal","11":"tag-langrenn","12":"tag-no","13":"tag-norge","14":"tag-norway","15":"tag-nyheter","16":"tag-sport","17":"tag-sports","18":"tag-story"},"share_on_mastodon":{"url":"https:\/\/pubeurope.com\/@no\/115820027088849232","error":""},"_links":{"self":[{"href":"https:\/\/www.europesays.com\/no\/wp-json\/wp\/v2\/posts\/126244","targetHints":{"allow":["GET"]}}],"collection":[{"href":"https:\/\/www.europesays.com\/no\/wp-json\/wp\/v2\/posts"}],"about":[{"href":"https:\/\/www.europesays.com\/no\/wp-json\/wp\/v2\/types\/post"}],"author":[{"embeddable":true,"href":"https:\/\/www.europesays.com\/no\/wp-json\/wp\/v2\/users\/2"}],"replies":[{"embeddable":true,"href":"https:\/\/www.europesays.com\/no\/wp-json\/wp\/v2\/comments?post=126244"}],"version-history":[{"count":0,"href":"https:\/\/www.europesays.com\/no\/wp-json\/wp\/v2\/posts\/126244\/revisions"}],"wp:featuredmedia":[{"embeddable":true,"href":"https:\/\/www.europesays.com\/no\/wp-json\/wp\/v2\/media\/126245"}],"wp:attachment":[{"href":"https:\/\/www.europesays.com\/no\/wp-json\/wp\/v2\/media?parent=126244"}],"wp:term":[{"taxonomy":"category","embeddable":true,"href":"https:\/\/www.europesays.com\/no\/wp-json\/wp\/v2\/categories?post=126244"},{"taxonomy":"post_tag","embeddable":true,"href":"https:\/\/www.europesays.com\/no\/wp-json\/wp\/v2\/tags?post=126244"}],"curies":[{"name":"wp","href":"https:\/\/api.w.org\/{rel}","templated":true}]}}