{"id":12626,"date":"2025-08-19T21:25:12","date_gmt":"2025-08-19T21:25:12","guid":{"rendered":"https:\/\/www.europesays.com\/no\/12626\/"},"modified":"2025-08-19T21:25:12","modified_gmt":"2025-08-19T21:25:12","slug":"historien-vil-vise-at-dere-star-pa-helt-feil-side","status":"publish","type":"post","link":"https:\/\/www.europesays.com\/no\/12626\/","title":{"rendered":"\u2013 Historien vil vise at dere st\u00e5r p\u00e5 helt feil side"},"content":{"rendered":"\n<p class=\"_paragraph_1bvmi_4 _paragraph_xtcu6_10 layout-component text-serif-m layout-normal text-serif-m layout-padded\">Temperaturen \u00f8kte da partilederne diskuterte Gaza i debatten hos TV 2 tirsdag kveld.<\/p>\n<p class=\"_paragraph_1bvmi_4 _paragraph_xtcu6_10 layout-component text-serif-m layout-normal text-serif-m layout-padded\"><strong class=\"_strong_1bvmi_25\">Kanalen hadde p\u00e5 forh\u00e5nd lovet \u00e5 presse politikerne p\u00e5 ja og nei-sp\u00f8rsm\u00e5l. <\/strong><\/p>\n<p class=\"_paragraph_1bvmi_4 _paragraph_xtcu6_10 layout-component text-serif-m layout-normal text-serif-m layout-padded\">Under debatten m\u00e5tte partilederne bevege seg i studio, og plassere seg p\u00e5 \u00e9n side av en ja\/nei-linje. <\/p>\n<p class=\"_paragraph_1bvmi_4 _paragraph_xtcu6_10 layout-component text-serif-m layout-normal layout-padded\"><strong class=\"_strong_1bvmi_25\">Les ogs\u00e5:<\/strong> <a href=\"https:\/\/www.vg.no\/i\/mPJkXL\" data-track-element-type=\"Link\" data-track-id=\"link:mPJkXL\" class=\"_link_1bvmi_39\" rel=\"nofollow noopener\" target=\"_blank\">VG triller terning: Solberg med terningkast seks<\/a><\/p>\n<p class=\"_paragraph_1bvmi_4 _paragraph_xtcu6_10 layout-component text-serif-m layout-normal text-serif-m layout-padded\">Politikerne ble spurt om Norge b\u00f8r spille en mer aktiv rolle for \u00e5 stanse krigen p\u00e5 Gazastripen. <\/p>\n<p class=\"_paragraph_1bvmi_4 _paragraph_xtcu6_10 layout-component text-serif-m layout-normal text-serif-m layout-padded\">\u2013 Gaza er kanskje det n\u00e6rmeste vi kommer helvete p\u00e5 jord akkurat n\u00e5. Og i en s\u00e5nn situasjon s\u00e5 m\u00e5 du faktisk velge side, sa hun og sto sammen med partilederne p\u00e5 venstresiden:<\/p>\n<p class=\"_paragraph_1bvmi_4 _paragraph_xtcu6_10 layout-component text-serif-m layout-normal text-serif-m layout-padded\">\u2013 Historien vil vise at dere st\u00e5r p\u00e5 helt feil side. <\/p>\n<p><img alt=\"Foto: Paul S. Amundsen \/ NTB\" class=\"_image_qp4xg_65 layout-component layout-normal\" data-fullscreen- data-track-element-type=\"Article image fullscreen\" data-track-name=\"ImageFullscreen\" decoding=\"async\" loading=\"lazy\" height=\"5363\" itemprop=\"image\"  src=\"https:\/\/www.europesays.com\/no\/wp-content\/uploads\/2025\/08\/a1161f78-fdc1-4ea6-b4c9-2e842a497cd8\"  style=\"object-position:0% 0%\" width=\"8044\"\/>Foto: Paul S. Amundsen \/ NTB<\/p>\n<p class=\"_paragraph_1bvmi_4 _paragraph_xtcu6_10 layout-component text-serif-m layout-normal text-serif-m layout-padded\">KrF, H\u00f8yre og Frp st\u00e5r p\u00e5 nei-siden i dette sp\u00f8rsm\u00e5let.<\/p>\n<p class=\"_paragraph_1bvmi_4 _paragraph_xtcu6_10 layout-component text-serif-m layout-normal text-serif-m layout-padded\">\u2013 Krig er grusomt, lidelsene er grusomme, og det er gode grunner til \u00e5 kritisere Netanyahu, sa KrFs Dag Inge Ulstein, samtidig som han ettersp\u00f8r kritikk mot Hamas.<\/p>\n<p><img alt=\"Foto: Paul S. Amundsen \/ NTB\" class=\"_image_qp4xg_65 layout-component layout-normal\" data-fullscreen- data-track-element-type=\"Article image fullscreen\" data-track-name=\"ImageFullscreen\" decoding=\"async\" loading=\"lazy\" height=\"4884\" itemprop=\"image\"  src=\"https:\/\/www.europesays.com\/no\/wp-content\/uploads\/2025\/08\/aa249240-ea1f-4322-9a74-1bf7dd2d2af3\"  style=\"object-position:0% 0%\" width=\"7325\"\/>Foto: Paul S. Amundsen \/ NTB<\/p>\n<p class=\"_paragraph_1bvmi_4 _paragraph_xtcu6_10 layout-component text-serif-m layout-normal text-serif-m layout-padded\">\u2013 Vi har ford\u00f8mt Hamas\u2019 angrep, sa St\u00f8re. <\/p>\n<p class=\"_paragraph_1bvmi_4 _paragraph_xtcu6_10 layout-component text-serif-m layout-normal text-serif-m layout-padded\">\u2013 Det er en moralsk plikt, det er en politisk plikt, og Norge har muligheter. Vi kan ikke endre dette alene, men vi kan jobbe med v\u00e5re partnere, sa Ap-lederen videre.<\/p>\n<p class=\"_paragraph_1bvmi_4 _paragraph_xtcu6_10 layout-component text-serif-m layout-normal text-serif-m layout-padded\">Solberg er p\u00e5 sin side kritisk til posisjonen hun mener Norge ble satt da Palestina ble anerkjent. Israel trakk sin ambassad\u00f8r ut av Norge da det skjedde.<\/p>\n<p class=\"_paragraph_1bvmi_4 _paragraph_xtcu6_10 layout-component text-serif-m layout-normal text-serif-m layout-padded\">\u2013 Jeg kan alts\u00e5 ikke si at Norge klarer \u00e5 spille den rollen n\u00e5r Jonas har spilt oss ut. Det var det vi var redd for da vi anerkjente uten betingelser, sa H\u00f8yre-lederen.<\/p>\n<p>Oljefondet ut av Israel?<\/p>\n<p class=\"_paragraph_1bvmi_4 _paragraph_xtcu6_10 layout-component text-serif-m layout-normal text-serif-m layout-padded\">\u2013 Vi er veldig tydelige p\u00e5 at det er g\u00e5tt for langt og at det er n\u00f8dt til \u00e5 stoppe, men det dere er i ferd med \u00e5 gj\u00f8re n\u00e5, er \u00e5 sette v\u00e5re felles sparepenger p\u00e5 spill, sa Listhaug om hvorvidt Oljefondet burde trekkes ut av Israel. <\/p>\n<p class=\"_paragraph_1bvmi_4 _paragraph_xtcu6_10 layout-component text-serif-m layout-normal text-serif-m layout-padded\">Fondet har f\u00e5tt kraftig kritikk for investeringer i israelske selskaper med tilknytning til krigen i Gaza. Det startet med Aftenpostens sak om Oljefondets investeringer i Bet Shemesh Engines Holdings, som vedlikeholder israelske kampfly. <\/p>\n<p><img alt=\"Foto: Paul S. Amundsen \/ NTB\" class=\"_image_qp4xg_65 layout-component layout-normal\" data-fullscreen- data-track-element-type=\"Article image fullscreen\" data-track-name=\"ImageFullscreen\" decoding=\"async\" loading=\"lazy\" height=\"2420\" itemprop=\"image\"  src=\"https:\/\/www.europesays.com\/no\/wp-content\/uploads\/2025\/08\/52720194-d0c5-4184-926e-646b159839aa\"  style=\"object-position:0% 0%\" width=\"3630\"\/>Foto: Paul S. Amundsen \/ NTB<\/p>\n<p class=\"_paragraph_1bvmi_4 _paragraph_xtcu6_10 layout-component text-serif-m layout-normal text-serif-m layout-padded\">\u2013 De selskapene som bidrar til folkerettsbrudd, til okkupasjon, m\u00e5 Norge trekke seg ut av. Det handler rett og slett om en ekstraordin\u00e6r situasjon, sa SV-leder Kirsti Bergst\u00f8.<\/p>\n<p class=\"_paragraph_1bvmi_4 _paragraph_xtcu6_10 layout-component text-serif-m layout-normal text-serif-m layout-padded\">I forkant av debatten, stilte Bergst\u00f8 et <a href=\"https:\/\/www.vg.no\/nyheter\/i\/632OL8\/sv-leder-kirsti-bergstoe-stiller-ultimatum-til-ap-om-oljefondet\" data-track-element-type=\"Link\" data-track-id=\"link:632OL8\" class=\"_link_1bvmi_39\" rel=\"nofollow noopener\" target=\"_blank\">ultimatum til St\u00f8re,<\/a> og sier at det ikke blir regjeringsforhandlinger i h\u00f8st uten at Oljefondet trekkes ut av investeringer som st\u00f8tter Israels krigsforbrytelser, okkupasjon og det hun beskriver som \u00abfolkemord\u00bb.<\/p>\n<p class=\"_paragraph_1bvmi_4 _paragraph_xtcu6_10 layout-component text-serif-m layout-normal text-serif-m layout-padded\">R\u00f8dt, MDG og Venstre har ogs\u00e5 tatt til ordet for \u00e5 trekke Oljefondet ut av Israel. <\/p>\n<p>St\u00f8tter ikke seg selv som statsminister<\/p>\n<p class=\"_paragraph_1bvmi_4 _paragraph_xtcu6_10 layout-component text-serif-m layout-normal text-serif-m layout-padded\">Da partilederne ble spurt om de st\u00f8tter Sylvi Listhaug som statsminister, gikk alle, inkludert Listhaug selv, over p\u00e5 nei-siden.<\/p>\n<p class=\"_paragraph_1bvmi_4 _paragraph_xtcu6_10 layout-component text-serif-m layout-normal text-serif-m layout-padded\">\u2013 Jeg tror at velgerne i likhet med meg er ganske lei av bordtennisrekkerter eller at vi skal g\u00e5 fra side til side og holde p\u00e5 med dette. Derfor velger jeg \u00e5 st\u00e5 her, sa Listhaug. <\/p>\n<p><img alt=\"Listhaug vil ikke svare p\u00e5 om hun er statsministerkandidat.  Foto: Paul S. Amundsen \/ NTB\" class=\"_image_qp4xg_65 layout-component layout-normal\" data-fullscreen- data-track-element-type=\"Article image fullscreen\" data-track-name=\"ImageFullscreen\" decoding=\"async\" loading=\"lazy\" height=\"4680\" itemprop=\"image\"  src=\"https:\/\/www.europesays.com\/no\/wp-content\/uploads\/2025\/08\/f661b731-81f6-4fea-b236-bf081c646023\"  style=\"object-position:0% 0%\" width=\"7020\"\/>Listhaug vil ikke svare p\u00e5 om hun er statsministerkandidat.  Foto: Paul S. Amundsen \/ NTB<\/p>\n<p class=\"_paragraph_1bvmi_4 _paragraph_xtcu6_10 layout-component text-serif-m layout-normal text-serif-m layout-padded\">P\u00e5 neste sp\u00f8rsm\u00e5l om man st\u00f8tter Erna Solberg som statsminister, ble Listhaug st\u00e5ende p\u00e5 nei-siden:<\/p>\n<p class=\"_paragraph_1bvmi_4 _paragraph_xtcu6_10 layout-component text-serif-m layout-normal text-serif-m layout-padded\">\u2013 Da st\u00e5r jeg fremdeles her. For det er naturlig at det er st\u00f8rste partiet f\u00e5r statsministeren, sa hun. <\/p>\n<p><img alt=\"Melby, Ulstein og Solberg vil ha en H\u00f8yre-ledet regjering. Men hvor er Listhaug?  Foto: Paul S. Amundsen \/ NTB\" class=\"_image_qp4xg_65 layout-component layout-normal\" data-fullscreen- data-track-element-type=\"Article image fullscreen\" data-track-name=\"ImageFullscreen\" decoding=\"async\" loading=\"lazy\" height=\"5111\" itemprop=\"image\"  src=\"https:\/\/www.europesays.com\/no\/wp-content\/uploads\/2025\/08\/92eaf9bc-ec3d-4a0d-8e57-b87d0cd5c5b8\"  style=\"object-position:0% 0%\" width=\"7666\"\/>Melby, Ulstein og Solberg vil ha en H\u00f8yre-ledet regjering. Men hvor er Listhaug?  Foto: Paul S. Amundsen \/ NTBJordmorkrisen<\/p>\n<p class=\"_paragraph_1bvmi_4 _paragraph_xtcu6_10 layout-component text-serif-m layout-normal text-serif-m layout-padded\">Debatten ble \u00e5pnet med at partilederne ble utfordret p\u00e5 bemanningskrisen i helsevesenet. <\/p>\n<p class=\"_paragraph_1bvmi_4 _paragraph_xtcu6_10 layout-component text-serif-m layout-normal text-serif-m layout-padded\">\u2013 Det er problem med for f\u00e5 jordm\u00f8dre. De som f\u00f8der skal v\u00e6re trygge. Jeg har hatt opplevelser i n\u00e6r familie, og det var tungt, sa statsminister Jonas Gahr St\u00f8re (Ap).<\/p>\n<p class=\"_paragraph_1bvmi_4 _paragraph_xtcu6_10 layout-component text-serif-m layout-normal text-serif-m layout-padded\">H\u00f8yre-leder Erna Solberg viste til at tallene har g\u00e5tt feil vei under St\u00f8re-regjeringen.<\/p>\n<p class=\"_paragraph_1bvmi_4 _paragraph_xtcu6_10 layout-component text-serif-m layout-normal text-serif-m layout-padded\">\u2013 I 2019 manglet det 200 jordm\u00f8dre i Norge i spesialisthelsetjenesten. N\u00e5 er estimatet at om f\u00e5 \u00e5r s\u00e5 mangler vi 600. Det har ikke g\u00e5tt riktig vei under denne regjeringen, sier hun.<\/p>\n<p class=\"_paragraph_1bvmi_4 _paragraph_xtcu6_10 layout-component text-serif-m layout-normal text-serif-m layout-padded\">Frp-politiker Sylvi Listhaug foresl\u00e5r \u00e5 betale jordmorstudenter under utdanning, men ogs\u00e5: <\/p>\n<p class=\"_paragraph_1bvmi_4 _paragraph_xtcu6_10 layout-component text-serif-m layout-normal text-serif-m layout-padded\">\u2013 Det er masse pensjonerte jordm\u00f8dre som kunne g\u00e5tt inn og tatt ekstravakter hvis de fikk beholde pensjonen og hvis de fikk l\u00f8nn i tr\u00e5d med den innsatsen de gj\u00f8r, sier hun.<\/p>\n<p>Q&amp;A<\/p>\n<p class=\"_paragraph_1bvmi_4 _paragraph_xtcu6_10 layout-component text-serif-m layout-normal text-serif-m layout-padded\">Partilederne ble utfordret med en rekke sp\u00f8rsm\u00e5l under debatten:<\/p>\n<ul class=\"_list_1bvmi_3 _list_xtcu6_9 _unordered_1bvmi_99 layout-component text-serif-m layout-normal text-serif-m layout-padded\">\n<li class=\"_item_1bvmi_30\"><strong class=\"_strong_1bvmi_25\">B\u00f8r Norge innf\u00f8re handelsrestriksjoner mot Israel for brudd p\u00e5 folkeretten og menneskerettighetene?<\/strong><\/li>\n<\/ul>\n<p class=\"_paragraph_1bvmi_4 _paragraph_xtcu6_10 layout-component text-serif-m layout-normal text-serif-m layout-padded\">Vedum gikk over til nei-siden her, der KrF, H\u00f8yre og Frp allerede st\u00e5r, og mener at boikott ikke fungerer. <\/p>\n<p class=\"_paragraph_1bvmi_4 _paragraph_xtcu6_10 layout-component text-serif-m layout-normal text-serif-m layout-padded\">\u2013 \u00c5 si at vi ikke skal ha noe handel med israelske varer, tror vi er uklokt. Vi m\u00e5 ford\u00f8mme det staten Israel gj\u00f8r, men landet Israel er et mangfoldig land. S\u00e5 \u00e5 ford\u00f8mme hvert eneste individ og hvert eneste selskap der, da tror jeg vi bommer, sier Vedum.<\/p>\n<p><img alt=\"Statsminister Jonas Gahr St\u00f8re (Ap) p\u00e5 vei inn til debatt tirsdag.  Foto: Helge Mikalsen \/ VG\" class=\"_image_qp4xg_65 layout-component layout-normal\" data-fullscreen- data-track-element-type=\"Article image fullscreen\" data-track-name=\"ImageFullscreen\" decoding=\"async\" loading=\"lazy\" height=\"5504\" itemprop=\"image\"  src=\"https:\/\/www.europesays.com\/no\/wp-content\/uploads\/2025\/08\/c9380a9a-6fc2-4517-8222-315dbade50b8\"  style=\"object-position:0% 0%\" width=\"8256\"\/>Statsminister Jonas Gahr St\u00f8re (Ap) p\u00e5 vei inn til debatt tirsdag.  Foto: Helge Mikalsen \/ VG<\/p>\n<p class=\"_paragraph_1bvmi_4 _paragraph_xtcu6_10 layout-component text-serif-m layout-normal text-serif-m layout-padded\">De eneste som sier nei er Solberg (H) og St\u00f8re (Ap), f\u00f8r Bergst\u00f8 (SV) ogs\u00e5 kom snikende over linjen.<\/p>\n<p><img alt=\"Stemmer ja til \u00e5 senke matmomsen.  Foto: Paul S. Amundsen \/ NTB\" class=\"_image_qp4xg_65 layout-component layout-normal\" data-fullscreen- data-track-element-type=\"Article image fullscreen\" data-track-name=\"ImageFullscreen\" decoding=\"async\" loading=\"lazy\" height=\"5352\" itemprop=\"image\"  src=\"https:\/\/www.europesays.com\/no\/wp-content\/uploads\/2025\/08\/aae9780b-07fb-452f-8bf5-82ab466c60e4\"  style=\"object-position:0% 0%\" width=\"8028\"\/>Stemmer ja til \u00e5 senke matmomsen.  Foto: Paul S. Amundsen \/ NTB<\/p>\n<p class=\"_paragraph_1bvmi_4 _paragraph_xtcu6_10 layout-component text-serif-m layout-normal text-serif-m layout-padded\">Solberg mener skattelette for alle er viktigere enn \u00e5 fjerne matmomsen, og at det er m\u00e5lrettede \u00f8konomiske tiltak som vil bidra mest. <\/p>\n<p class=\"_paragraph_1bvmi_4 _paragraph_xtcu6_10 layout-component text-serif-m layout-normal text-serif-m layout-padded\">Listhaug p\u00e5 Ja-siden mener derimot dette vil v\u00e6re en h\u00e5ndsrekning til dem som sliter, og bidra til \u00e5 senke inflasjonen. <\/p>\n<ul class=\"_list_1bvmi_3 _list_xtcu6_9 _unordered_1bvmi_99 layout-component text-serif-m layout-normal text-serif-m layout-padded\">\n<li class=\"_item_1bvmi_30\"><strong class=\"_strong_1bvmi_25\">Har dagligvarekjedene for mye makt?<\/strong><\/li>\n<\/ul>\n<p class=\"_paragraph_1bvmi_4 _paragraph_xtcu6_10 layout-component text-serif-m layout-normal text-serif-m layout-padded\">Alle som \u00e9n av partilederne er enige om at svaret er ja. <\/p>\n<p class=\"_paragraph_1bvmi_4 _paragraph_xtcu6_10 layout-component text-serif-m layout-normal text-serif-m layout-padded\">\u2013 De kommer til \u00e5 bli fulgt meget n\u00f8ye og m\u00e5tte forklare hvorfor prisene utvikler seg som de gj\u00f8r. At r\u00e5vareprisene \u00f8ker, kan man forst\u00e5, men at leverposteiprisene blir 80 prosent dyrere er ikke til \u00e5 forst\u00e5, sier St\u00f8re. <\/p>\n<p class=\"_paragraph_1bvmi_4 _paragraph_xtcu6_10 layout-component text-serif-m layout-normal text-serif-m layout-padded\">Melby i Venstre er enig med ham om at dagligvarekjedene har for mye makt, men sier:<\/p>\n<p class=\"_paragraph_1bvmi_4 _paragraph_xtcu6_10 layout-component text-serif-m layout-normal text-serif-m layout-padded\">\u2013 Hovedgrepet til St\u00f8re n\u00e5r prisene g\u00e5r opp er \u00e5 kalle inn til et m\u00f8te, og alle som handler, ser at det ikke har fungert, mener Melby.<\/p>\n<p><img alt=\"Alle partilederne er enige om at dagligvarekjedene har for mye makt.  Foto: Paul S. Amundsen \/ NTB\" class=\"_image_qp4xg_65 layout-component layout-normal\" data-fullscreen- data-track-element-type=\"Article image fullscreen\" data-track-name=\"ImageFullscreen\" decoding=\"async\" loading=\"lazy\" height=\"5292\" itemprop=\"image\"  src=\"https:\/\/www.europesays.com\/no\/wp-content\/uploads\/2025\/08\/b2e3a74f-4b83-4236-81fd-964e02cbbcfa\"  style=\"object-position:0% 0%\" width=\"7939\"\/>Alle partilederne er enige om at dagligvarekjedene har for mye makt.  Foto: Paul S. Amundsen \/ NTB<\/p>\n<p class=\"_paragraph_1bvmi_4 _paragraph_xtcu6_10 layout-component text-serif-m layout-normal text-serif-m layout-padded\">Det gikk ikke s\u00e5 bra da partilederne pr\u00f8vde seg p\u00e5 stein, saks, papir hos NRK under forrige debatt:<\/p>\n<p class=\"_paragraph_1bvmi_4 _paragraph_xtcu6_10 layout-component text-serif-m layout-normal text-serif-m layout-padded\">Frps Sylvi Listhaug fors\u00f8kte seg til og med p\u00e5 en frisk stein, saks, pistol-variant:<\/p>\n<p class=\"_paragraph_1bvmi_4 _paragraph_xtcu6_10 layout-component text-serif-m layout-normal layout-padded\"><strong class=\"_strong_1bvmi_25\">Les ogs\u00e5:<\/strong> <a href=\"https:\/\/www.vg.no\/i\/zAmkPw\" data-track-element-type=\"Link\" data-track-id=\"link:zAmkPw\" class=\"_link_1bvmi_39\" rel=\"nofollow noopener\" target=\"_blank\">Forbund slakter partilederne: \u2013 Sjokkerende<\/a><\/p>\n<p>Avhengig av MDG<\/p>\n<p class=\"_paragraph_1bvmi_4 _paragraph_xtcu6_10 layout-component text-serif-m layout-normal text-serif-m layout-padded\">F\u00f8r debatten kunne man lese at <a href=\"https:\/\/www.vg.no\/nyheter\/i\/4B22wR\/vgs-partimaaling-mdg-jubler-ap-faller\" data-track-element-type=\"Link\" data-track-id=\"link:4B22wR\" class=\"_link_1bvmi_39\" rel=\"nofollow noopener\" target=\"_blank\">Arbeiderpartiet falt kraftig<\/a> i VGs seneste m\u00e5lingVGs seneste m\u00e5ling Respons Analyses partim\u00e5ling for VG, Aftenposten og Bergens Tidende, og ville gjort sitt <a href=\"https:\/\/www.vg.no\/nyheter\/i\/4B22wR\/vgs-partimaaling-mdg-jubler-ap-faller\" data-track-element-type=\"Link\" data-track-id=\"link:4B22wR\" class=\"_link_1bvmi_39\" rel=\"nofollow noopener\" target=\"_blank\">nest d\u00e5rligste stortingsvalg <\/a>p\u00e5 101 \u00e5rp\u00e5 101 \u00e5rI 2001 fikk Ap 24,3 prosent av stemmene. I 1924 fikk Ap 18,4 prosent. Men da var partiet nettopp splittet i to. om resultatet ble som m\u00e5lt.<\/p>\n<p class=\"_paragraph_1bvmi_4 _paragraph_xtcu6_10 layout-component text-serif-m layout-normal text-serif-m layout-padded\">De faller fra 28 prosent til 24,8 prosent. Velgerne deres g\u00e5r til Frp, mens de samtidig henter velgere fra H\u00f8yre.<\/p>\n<p><img alt=\"Erna Solberg (H) i Media City Bergen tirsdag.  Foto: Helge Mikalsen \/ VG\" class=\"_image_qp4xg_65 layout-component layout-normal\" data-fullscreen- data-track-element-type=\"Article image fullscreen\" data-track-name=\"ImageFullscreen\" decoding=\"async\" loading=\"lazy\" height=\"5504\" itemprop=\"image\"  src=\"https:\/\/www.europesays.com\/no\/wp-content\/uploads\/2025\/08\/ec2d73eb-9011-4880-a576-d9ca94867311\"  style=\"object-position:0% 0%\" width=\"8256\"\/>Erna Solberg (H) i Media City Bergen tirsdag.  Foto: Helge Mikalsen \/ VG<\/p>\n<p class=\"_paragraph_1bvmi_4 _paragraph_xtcu6_10 layout-component text-serif-m layout-normal text-serif-m layout-padded\">Likevel reddes Jonas Gahr St\u00f8res (Ap) statsministerdr\u00f8m p\u00e5 denne m\u00e5lingen av MDG, som hopper fra 2,8 til 4,4 prosents oppslutning og vil med sine syv stortingsrepresentanter havne p\u00e5 vippenvippen\u00c5 v\u00e6re p\u00e5 vippen betyr at et parti har en avgj\u00f8rende posisjon i Stortinget, hvor deres stemmer kan avgj\u00f8re om en regjering f\u00e5r flertall eller ikke.. <\/p>\n<p><img alt=\"MDG-nestleder Ingrid Liland med de magiske fire prosentene som trengs for \u00e5 komme over sperregrensen.  Foto: Naina Hel\u00e9n J\u00e5ma \/ VG\" class=\"_image_qp4xg_65 layout-component layout-normal\" data-fullscreen- data-track-element-type=\"Article image fullscreen\" data-track-name=\"ImageFullscreen\" decoding=\"async\" loading=\"lazy\" height=\"5504\" itemprop=\"image\"  src=\"https:\/\/www.europesays.com\/no\/wp-content\/uploads\/2025\/08\/8c6b7f7c-493d-4e7d-9c49-d1eb800ca148\"  style=\"object-position:0% 0%\" width=\"8256\"\/>MDG-nestleder Ingrid Liland med de magiske fire prosentene som trengs for \u00e5 komme over sperregrensen.  Foto: Naina Hel\u00e9n J\u00e5ma \/ VG<\/p>\n<p class=\"_paragraph_1bvmi_4 _paragraph_xtcu6_10 layout-component text-serif-m layout-normal text-serif-m layout-padded\">Det betyr at St\u00f8re er avhengig av MDGs stemmer for \u00e5 f\u00e5 flertall p\u00e5 Stortinget. <\/p>\n<p class=\"_paragraph_1bvmi_4 _paragraph_xtcu6_10 layout-component text-serif-m layout-normal text-serif-m layout-padded\">H\u00f8yre gj\u00f8r <a href=\"https:\/\/www.vg.no\/nyheter\/i\/4B22wR\/vgs-partimaaling-mdg-jubler-ap-faller\" data-track-element-type=\"Link\" data-track-id=\"link:4B22wR\" class=\"_link_1bvmi_39\" rel=\"nofollow noopener\" target=\"_blank\">det d\u00e5rlig ogs\u00e5 p\u00e5 denne m\u00e5lingen<\/a>, og f\u00e5r sin d\u00e5rligste m\u00e5ling hos VG p\u00e5 16 \u00e5r, og lander p\u00e5 14,5 prosent. Frp stiger med 1,2 prosentpoeng til 21,9 prosent.<\/p>\n","protected":false},"excerpt":{"rendered":"Temperaturen \u00f8kte da partilederne diskuterte Gaza i debatten hos TV 2 tirsdag kveld. Kanalen hadde p\u00e5 forh\u00e5nd lovet&hellip;\n","protected":false},"author":2,"featured_media":12627,"comment_status":"","ping_status":"","sticky":false,"template":"","format":"standard","meta":{"footnotes":""},"categories":[10],"tags":[20,21,24,25,15,22,23,13,30,28,281,29,14,16,199,26,27],"class_list":{"0":"post-12626","1":"post","2":"type-post","3":"status-publish","4":"format-standard","5":"has-post-thumbnail","7":"category-norge","8":"tag-breaking-news","9":"tag-breakingnews","10":"tag-featured-news","11":"tag-featurednews","12":"tag-headlines","13":"tag-latest-news","14":"tag-latestnews","15":"tag-news","16":"tag-no","17":"tag-norge","18":"tag-norsk-politikk","19":"tag-norway","20":"tag-nyheter","21":"tag-overskrifter","22":"tag-stortingsvalg","23":"tag-top-stories","24":"tag-topstories"},"share_on_mastodon":{"url":"","error":""},"_links":{"self":[{"href":"https:\/\/www.europesays.com\/no\/wp-json\/wp\/v2\/posts\/12626","targetHints":{"allow":["GET"]}}],"collection":[{"href":"https:\/\/www.europesays.com\/no\/wp-json\/wp\/v2\/posts"}],"about":[{"href":"https:\/\/www.europesays.com\/no\/wp-json\/wp\/v2\/types\/post"}],"author":[{"embeddable":true,"href":"https:\/\/www.europesays.com\/no\/wp-json\/wp\/v2\/users\/2"}],"replies":[{"embeddable":true,"href":"https:\/\/www.europesays.com\/no\/wp-json\/wp\/v2\/comments?post=12626"}],"version-history":[{"count":0,"href":"https:\/\/www.europesays.com\/no\/wp-json\/wp\/v2\/posts\/12626\/revisions"}],"wp:featuredmedia":[{"embeddable":true,"href":"https:\/\/www.europesays.com\/no\/wp-json\/wp\/v2\/media\/12627"}],"wp:attachment":[{"href":"https:\/\/www.europesays.com\/no\/wp-json\/wp\/v2\/media?parent=12626"}],"wp:term":[{"taxonomy":"category","embeddable":true,"href":"https:\/\/www.europesays.com\/no\/wp-json\/wp\/v2\/categories?post=12626"},{"taxonomy":"post_tag","embeddable":true,"href":"https:\/\/www.europesays.com\/no\/wp-json\/wp\/v2\/tags?post=12626"}],"curies":[{"name":"wp","href":"https:\/\/api.w.org\/{rel}","templated":true}]}}