{"id":126262,"date":"2026-01-01T13:33:21","date_gmt":"2026-01-01T13:33:21","guid":{"rendered":"https:\/\/www.europesays.com\/no\/126262\/"},"modified":"2026-01-01T13:33:21","modified_gmt":"2026-01-01T13:33:21","slug":"krim-sentrum-dramatisk-start-pa-2026-for-politiet-knuste-vindu-rett-foran-gjestene-i-harstad-sentrum","status":"publish","type":"post","link":"https:\/\/www.europesays.com\/no\/126262\/","title":{"rendered":"Krim, Sentrum | Dramatisk start p\u00e5 2026 for politiet: Knuste vindu rett foran gjestene i Harstad sentrum"},"content":{"rendered":"\n<p>Natt til 1. januar har politiet Troms hatt mer enn nok \u00e5 henge fingrene i. I Harstad dro politiet til et av byens utesteder der de hadde en gjest som var et ordensproblem. <\/p>\n<p>I m\u00f8te med patruljen spyttet vedkommende en betjent i ansiktet. <\/p>\n<p>\u2013 Vedkommende innsettes i arrest og anmeldes, fortalte politiet i sin logg klokken 02.05.<\/p>\n<p>Knuste og la p\u00e5 sprang<\/p>\n<p>Klokken 03.35 rykket politiet ut til et serveringssted i Harstad sentrum etter melding om at noen knuste en rute.<\/p>\n<p>\u2013 Deretter sprang de fra stedet. <\/p>\n<p>Politiet tok avh\u00f8r av vitner p\u00e5 stedet. Knusingen anmeldes og etterforskes videre.<\/p>\n<p>Havnet i arresten<\/p>\n<p>Ellers i Troms var det ogs\u00e5 en lang rekke u\u00f8nskede hendelser:<\/p>\n<p><b>Finnsnes, 00.04:<\/b> Mann i starten av 20-\u00e5rene anmeldes for ordensforstyrrelse og innbringes til arrest etter \u00e5 ha v\u00e6rt utagerende og fors\u00f8kt \u00e5 sl\u00e5 til flere personer p\u00e5 et utested, samt nektet \u00e5 etterkomme p\u00e5legg fra patruljen.<\/p>\n<p><b>Troms\u00f8 sentrum, 00.59:<\/b> Politiet rykket ut til et av byens utesteder etter melding om ordensforstyrrelse. Vektere trengte hjelp til \u00e5 h\u00e5ndtere en beruset gjest som ble aggressiv ved kontroll. Mann i 40-\u00e5rene er bortvist fra Troms\u00f8 sentrum resten av natten.<\/p>\n<p><b>Alfheim, 01.15:<\/b> En gutt i slutten av ten\u00e5rene er bortvist fra omr\u00e5det ved Alfheim etter \u00e5 ha v\u00e6rt kverulerende og p\u00e5g\u00e5ende mot andre personer i omr\u00e5det.<\/p>\n<p><b>Troms\u00f8 sentrum, 01.40:<\/b> Gutt i slutten av ten\u00e5rene bortvist fra Troms\u00f8 sentrum resten av natten etter \u00e5 ha v\u00e6rt et ordensproblem p\u00e5 et utested.<\/p>\n<p><b>Tromsdalen, 01.53:<\/b> Politiet var p\u00e5 en privat adresse i Tromsdalen hvor en ungdomsfest hadde g\u00e5tt over styr og det dukket opp flere gjester enn planlagt. Beboer trengte hjelp til \u00e5 avslutte festen. Festen er n\u00e5 avsluttet og gjestene har forlatt.<\/p>\n<p><b>Troms\u00f8 sentrum, 02.42:<\/b> Patruljen ble kontaktet av en ansatt p\u00e5 et utested ang\u00e5ende en overstadig beruset gjest. Kvinne i midten av 20-\u00e5rene innbrakt til arrest da hun vurderes til ikke \u00e5 kunne ta vare p\u00e5 seg selv og ble utagerende i m\u00f8te med patruljen.<\/p>\n<p><b>S\u00f8r-Troms\u00f8ya, 03.11:<\/b> Politiet har v\u00e6rt p\u00e5 en adresse s\u00f8r p\u00e5 Troms\u00f8ya etter melding om festst\u00f8y som forstyrrer natteroen. Festdeltakerne fikk beskjed om \u00e5 dempe seg og det virket som de ville etterkomme dette.<\/p>\n<p><b>Troms\u00f8 sentrum, 03.22:<\/b> Politiet har kontroll p\u00e5 en beruset mann i 30-\u00e5rene. Vedkommende klarer ikke gj\u00f8re rede for seg og gj\u00f8r seg vanskelig i m\u00f8te med patruljen. Innsatt i arrest.<\/p>\n<p><b>Troms\u00f8 sentrum, 03.53:<\/b> Fest p\u00e5 et lokale i sentrum hvor musikken var s\u00e5 h\u00f8y at det forstyrret natteroen til naboene. Patruljen har v\u00e6rt p\u00e5 stedet og bedt festdeltakerne dempe musikken. Natteroen gjenopprettet.<\/p>\n<p><b>Troms\u00f8 sentrum, 03.47:<\/b> Beruset mann i starten av 30-\u00e5rene er bortvist fra sentrum resten av natten etter \u00e5 ha knuffet med andre personer i ei taxik\u00f8 i sentrum.<\/p>\n","protected":false},"excerpt":{"rendered":"Natt til 1. januar har politiet Troms hatt mer enn nok \u00e5 henge fingrene i. I Harstad dro&hellip;\n","protected":false},"author":2,"featured_media":10235,"comment_status":"","ping_status":"","sticky":false,"template":"","format":"standard","meta":{"footnotes":""},"categories":[10],"tags":[36,20,21,24,25,15,736,983,22,23,13,30,28,29,14,16,285,1510,26,27],"class_list":{"0":"post-126262","1":"post","2":"type-post","3":"status-publish","4":"format-standard","5":"has-post-thumbnail","7":"category-norge","8":"tag-art","9":"tag-breaking-news","10":"tag-breakingnews","11":"tag-featured-news","12":"tag-featurednews","13":"tag-headlines","14":"tag-helse","15":"tag-krim","16":"tag-latest-news","17":"tag-latestnews","18":"tag-news","19":"tag-no","20":"tag-norge","21":"tag-norway","22":"tag-nyheter","23":"tag-overskrifter","24":"tag-sentrum","25":"tag-story","26":"tag-top-stories","27":"tag-topstories"},"share_on_mastodon":{"url":"https:\/\/pubeurope.com\/@no\/115820102416005153","error":""},"_links":{"self":[{"href":"https:\/\/www.europesays.com\/no\/wp-json\/wp\/v2\/posts\/126262","targetHints":{"allow":["GET"]}}],"collection":[{"href":"https:\/\/www.europesays.com\/no\/wp-json\/wp\/v2\/posts"}],"about":[{"href":"https:\/\/www.europesays.com\/no\/wp-json\/wp\/v2\/types\/post"}],"author":[{"embeddable":true,"href":"https:\/\/www.europesays.com\/no\/wp-json\/wp\/v2\/users\/2"}],"replies":[{"embeddable":true,"href":"https:\/\/www.europesays.com\/no\/wp-json\/wp\/v2\/comments?post=126262"}],"version-history":[{"count":0,"href":"https:\/\/www.europesays.com\/no\/wp-json\/wp\/v2\/posts\/126262\/revisions"}],"wp:featuredmedia":[{"embeddable":true,"href":"https:\/\/www.europesays.com\/no\/wp-json\/wp\/v2\/media\/10235"}],"wp:attachment":[{"href":"https:\/\/www.europesays.com\/no\/wp-json\/wp\/v2\/media?parent=126262"}],"wp:term":[{"taxonomy":"category","embeddable":true,"href":"https:\/\/www.europesays.com\/no\/wp-json\/wp\/v2\/categories?post=126262"},{"taxonomy":"post_tag","embeddable":true,"href":"https:\/\/www.europesays.com\/no\/wp-json\/wp\/v2\/tags?post=126262"}],"curies":[{"name":"wp","href":"https:\/\/api.w.org\/{rel}","templated":true}]}}