{"id":126274,"date":"2026-01-01T13:49:08","date_gmt":"2026-01-01T13:49:08","guid":{"rendered":"https:\/\/www.europesays.com\/no\/126274\/"},"modified":"2026-01-01T13:49:08","modified_gmt":"2026-01-01T13:49:08","slug":"meteorologen-ber-bilister-folge-med-jeg-haper-bydrift-er-pa-ballen-itromso-no","status":"publish","type":"post","link":"https:\/\/www.europesays.com\/no\/126274\/","title":{"rendered":"Meteorologen ber bilister f\u00f8lge med: \u2013 Jeg h\u00e5per Bydrift er \u00abp\u00e5 ballen\u00bb &#8211; itromso.no"},"content":{"rendered":"<ol>\n<li><a href=\"https:\/\/news.google.com\/rss\/articles\/CBMirgFBVV95cUxPMDdiNzJId215SWFUcU90eFMtNmVlZWxsaWlzWUxEdWxILWY0VV9xZkNDV3ROYW9PUjN6V25HR1FGcjZVTFQ1c3hNR3VjS0FVejZIb21reUwyQUt1NGVJWGxNX0JwVVhkSWt6VkxmSUpxUVdraFRQT0RKRnNJNnNGMldKanEtcnBjTGU1MDJUeHNvN0RZRHB3bk9VM2RhVmNvWkFkem9SWnY3VlZaeFE?oc=5\" target=\"_blank\" rel=\"nofollow noopener\">Meteorologen ber bilister f\u00f8lge med: \u2013 Jeg h\u00e5per Bydrift er \u00abp\u00e5 ballen\u00bb<\/a>&nbsp;&nbsp;itromso.no<\/li>\n<li><a href=\"https:\/\/news.google.com\/rss\/articles\/CBMickFVX3lxTFB1S25DN0ZQSGQyTXBsSDFkMjFQenJiSm40dFJUbXdRb2RMa2NlTmpwQnVLUVRyT2o1M3ZBcDdsMHpnQUtpclFnSGE4X2traDB2VHQ0MXkwODRYeUJPbHRJRHJUWXRNU1hpUkhxVmZoTkhMZw?oc=5\" target=\"_blank\" rel=\"nofollow noopener\">Forventer kraftige sn\u00f8byger<\/a>&nbsp;&nbsp;vol.no<\/li>\n<li><a href=\"https:\/\/news.google.com\/rss\/articles\/CBMiqwFBVV95cUxPel9HdG5OVHhyd2pJMk1jUG93SW5iWnRBWENfa185TUh4M1R6NDE1b0RvbXlsRENVQmg3NVl6ZXM4ZnlUcTVLWmxFcmd2QWJ4Umx0TFhwVUJiTVR6WnlzUWp3TEhNUE9wTE5zb1gzaDlVcU5LdUlwRWxnWDJqaG56SzRvZG9pUi1XMkdLMTRqaXJIb1pPWGRhTXc3dU04ZFlqbFhPTlV6ZTJxdkE?oc=5\" target=\"_blank\" rel=\"nofollow noopener\">V\u00e6ret, Meteorologisk institutt | Meteorologen varsler: F\u00f8rst sprengkulde, s\u00e5 kraftige byger langs kysten<\/a>&nbsp;&nbsp;Nordlys<\/li>\n<li><a href=\"https:\/\/news.google.com\/rss\/articles\/CBMijgFBVV95cUxPYkNXNmdnVXBsTldJTUkwcjBxbjBZancwcFBqNllQak5fUHJCLTI5R2Y2MGVYM0g0SVItcE96cTJsRzJQYkZwQlY4V2oydmxZOWdsNkowdkRLOE1hOVMxb2ZvOG5aSXk0OWxBWDFoT3R3N3kxSFZ1N0piTG1VWjAxUW93X0huRkx2LVhsMlJ3?oc=5\" target=\"_blank\" rel=\"nofollow noopener\">(+) Opprettholder skredfaren og kulingvarselet<\/a>&nbsp;&nbsp;altaposten.no<\/li>\n<li><a href=\"https:\/\/news.google.com\/rss\/articles\/CBMilwFBVV95cUxPSVdrTHVtS283Zzh3bWcwcXZ5bDV1dkdGS1ROa1Z6aW4wSGhkbnUtUWNDNTVfcmVSWnBnODV0TlF1MDd1R2c2X25zMDNPeWpTVF8tblY2Zl9hRHVMams3WkFpRjVtTW55eHRfMHNlNFFYVFBEX2oyT0lZdlM0SFV2a2ZKVXhYMWJXbW9MaTYzWmI3eU9QX2R3?oc=5\" target=\"_blank\" rel=\"nofollow noopener\">(+) Finnsnes: Fors\u00f8kte \u00e5 sl\u00e5 til flere p\u00e5 utested<\/a>&nbsp;&nbsp;folkebladet.no<\/li>\n<\/ol>\n","protected":false},"excerpt":{"rendered":"Meteorologen ber bilister f\u00f8lge med: \u2013 Jeg h\u00e5per Bydrift er \u00abp\u00e5 ballen\u00bb&nbsp;&nbsp;itromso.no Forventer kraftige sn\u00f8byger&nbsp;&nbsp;vol.no V\u00e6ret, Meteorologisk institutt&hellip;\n","protected":false},"author":2,"featured_media":126275,"comment_status":"","ping_status":"","sticky":false,"template":"","format":"standard","meta":{"footnotes":""},"categories":[5],"tags":[20,21,24,25,15,19,3454,22,23,17,18,13,30,28,29,14,16,6527,26,27,9166],"class_list":{"0":"post-126274","1":"post","2":"type-post","3":"status-publish","4":"format-standard","5":"has-post-thumbnail","7":"category-overskrifter","8":"tag-breaking-news","9":"tag-breakingnews","10":"tag-featured-news","11":"tag-featurednews","12":"tag-headlines","13":"tag-hovedoppslag","14":"tag-kvaloya","15":"tag-latest-news","16":"tag-latestnews","17":"tag-main-news","18":"tag-mainnews","19":"tag-news","20":"tag-no","21":"tag-norge","22":"tag-norway","23":"tag-nyheter","24":"tag-overskrifter","25":"tag-sno","26":"tag-top-stories","27":"tag-topstories","28":"tag-vaer-og-fore"},"share_on_mastodon":{"url":"https:\/\/pubeurope.com\/@no\/115820164740415787","error":""},"_links":{"self":[{"href":"https:\/\/www.europesays.com\/no\/wp-json\/wp\/v2\/posts\/126274","targetHints":{"allow":["GET"]}}],"collection":[{"href":"https:\/\/www.europesays.com\/no\/wp-json\/wp\/v2\/posts"}],"about":[{"href":"https:\/\/www.europesays.com\/no\/wp-json\/wp\/v2\/types\/post"}],"author":[{"embeddable":true,"href":"https:\/\/www.europesays.com\/no\/wp-json\/wp\/v2\/users\/2"}],"replies":[{"embeddable":true,"href":"https:\/\/www.europesays.com\/no\/wp-json\/wp\/v2\/comments?post=126274"}],"version-history":[{"count":0,"href":"https:\/\/www.europesays.com\/no\/wp-json\/wp\/v2\/posts\/126274\/revisions"}],"wp:featuredmedia":[{"embeddable":true,"href":"https:\/\/www.europesays.com\/no\/wp-json\/wp\/v2\/media\/126275"}],"wp:attachment":[{"href":"https:\/\/www.europesays.com\/no\/wp-json\/wp\/v2\/media?parent=126274"}],"wp:term":[{"taxonomy":"category","embeddable":true,"href":"https:\/\/www.europesays.com\/no\/wp-json\/wp\/v2\/categories?post=126274"},{"taxonomy":"post_tag","embeddable":true,"href":"https:\/\/www.europesays.com\/no\/wp-json\/wp\/v2\/tags?post=126274"}],"curies":[{"name":"wp","href":"https:\/\/api.w.org\/{rel}","templated":true}]}}