{"id":126284,"date":"2026-01-01T14:07:08","date_gmt":"2026-01-01T14:07:08","guid":{"rendered":"https:\/\/www.europesays.com\/no\/126284\/"},"modified":"2026-01-01T14:07:08","modified_gmt":"2026-01-01T14:07:08","slug":"nyttarskonserter-i-turistomrader-utsatt-pa-grunn-av-uvaer","status":"publish","type":"post","link":"https:\/\/www.europesays.com\/no\/126284\/","title":{"rendered":"Nytt\u00e5rskonserter i turistomr\u00e5der utsatt p\u00e5 grunn av uv\u00e6r"},"content":{"rendered":"<p>Konsertene er utsatt til de hellige tre kongers dag, 6. januar, p\u00e5 de samme arenaene.<\/p>\n<p>I San Bartolom\u00e9 de Tirajana blir det nytt\u00e5rskonsert med Olga Cerpa og Mestisay p\u00e5 Dunas de Maspalomas utsiktspunkt for tiende \u00e5r p\u00e5 rad.<\/p>\n<p>Den prisvinnende saksofonisten Jorge Pardo er i \u00e5r invitert til \u00e5 delta i konserten, som holdes klokken 18 den 6. januar.<\/p>\n<p>I Mog\u00e1n skal Pedro Manuel Afonsos nytt\u00e5rskonsert holdes klokken 18.30 tirsdag 6. januar p\u00e5 stedet som kalles \u00abLa Puntilla\u00bb i Playa de Mog\u00e1n.<\/p>\n<p><strong>Farevarsel<\/strong><\/p>\n<p>Uv\u00e6ret Francis kommer trolig til \u00e5 begynne \u00e5 gj\u00f8re seg gjeldende p\u00e5 Kanari\u00f8yene i kveld, if\u00f8lge v\u00e6rvarslene.<\/p>\n<p>Kanari\u00f8yenes direktorat for sikkerhet og beredskap og Spanias nasjonale, meteorologiske institutt, Aemet, har utstedt farevarsler for regn, vind, b\u00f8lger og tordenv\u00e6r p\u00e5 alle \u00f8yene med gyldighet fra og med natten til 1. januar.<\/p>\n<blockquote class=\"wp-block-quote\">\n<p>Bli privatsponsor du ogs\u00e5! Canariajournalen har valgt \u00e5 ha alt innhold utenfor betalingsmurer, og finansierer driften med annonser og privatsponsorer, uten abonnement eller pressest\u00f8tte. Det koster \u00e5 drive kvalitetsjournalistikk, og du kan hjelpe oss til \u00e5 bli enda bedre: Bli sponsor, Vipps eller Swish en valgfri slant med penger:\u00a0Vipps: 95 74 94 69. Swish: 070 2314 263. P\u00e5 forh\u00e5nd takk for din st\u00f8tte!<\/p>\n<\/blockquote>\n","protected":false},"excerpt":{"rendered":"Konsertene er utsatt til de hellige tre kongers dag, 6. januar, p\u00e5 de samme arenaene. I San Bartolom\u00e9&hellip;\n","protected":false},"author":2,"featured_media":126285,"comment_status":"","ping_status":"","sticky":false,"template":"","format":"standard","meta":{"footnotes":""},"categories":[12],"tags":[20,21,24,25,15,5600,22,23,13,30,28,29,14,16,26,27,387,42,43,44,45],"class_list":{"0":"post-126284","1":"post","2":"type-post","3":"status-publish","4":"format-standard","5":"has-post-thumbnail","7":"category-verden","8":"tag-breaking-news","9":"tag-breakingnews","10":"tag-featured-news","11":"tag-featurednews","12":"tag-headlines","13":"tag-kanarioyene","14":"tag-latest-news","15":"tag-latestnews","16":"tag-news","17":"tag-no","18":"tag-norge","19":"tag-norway","20":"tag-nyheter","21":"tag-overskrifter","22":"tag-top-stories","23":"tag-topstories","24":"tag-vaeret","25":"tag-verden","26":"tag-world","27":"tag-world-news","28":"tag-worldnews"},"share_on_mastodon":{"url":"https:\/\/pubeurope.com\/@no\/115820235520199453","error":""},"_links":{"self":[{"href":"https:\/\/www.europesays.com\/no\/wp-json\/wp\/v2\/posts\/126284","targetHints":{"allow":["GET"]}}],"collection":[{"href":"https:\/\/www.europesays.com\/no\/wp-json\/wp\/v2\/posts"}],"about":[{"href":"https:\/\/www.europesays.com\/no\/wp-json\/wp\/v2\/types\/post"}],"author":[{"embeddable":true,"href":"https:\/\/www.europesays.com\/no\/wp-json\/wp\/v2\/users\/2"}],"replies":[{"embeddable":true,"href":"https:\/\/www.europesays.com\/no\/wp-json\/wp\/v2\/comments?post=126284"}],"version-history":[{"count":0,"href":"https:\/\/www.europesays.com\/no\/wp-json\/wp\/v2\/posts\/126284\/revisions"}],"wp:featuredmedia":[{"embeddable":true,"href":"https:\/\/www.europesays.com\/no\/wp-json\/wp\/v2\/media\/126285"}],"wp:attachment":[{"href":"https:\/\/www.europesays.com\/no\/wp-json\/wp\/v2\/media?parent=126284"}],"wp:term":[{"taxonomy":"category","embeddable":true,"href":"https:\/\/www.europesays.com\/no\/wp-json\/wp\/v2\/categories?post=126284"},{"taxonomy":"post_tag","embeddable":true,"href":"https:\/\/www.europesays.com\/no\/wp-json\/wp\/v2\/tags?post=126284"}],"curies":[{"name":"wp","href":"https:\/\/api.w.org\/{rel}","templated":true}]}}