{"id":126287,"date":"2026-01-01T14:15:15","date_gmt":"2026-01-01T14:15:15","guid":{"rendered":"https:\/\/www.europesays.com\/no\/126287\/"},"modified":"2026-01-01T14:15:15","modified_gmt":"2026-01-01T14:15:15","slug":"enda-en-the-wire-skuespiller-er-dod-2","status":"publish","type":"post","link":"https:\/\/www.europesays.com\/no\/126287\/","title":{"rendered":"Enda en \u00abThe Wire\u00bb-skuespiller er d\u00f8d"},"content":{"rendered":"<p>  Skuespilleren Isiah Whitlock Jr er d\u00f8d, 71 \u00e5r gammel. Han er blant annet kjent fra TV-serien \u00abThe Wire\u00bb.<\/p>\n<p>\n    Skuespilleren Isiah Whitlock Jr. er d\u00f8d, 71 \u00e5r gammel. Han er mest kjent fra TV-serien \u00abThe Wire\u00bb. Foto: Charles Sykes \/ Invision \/ AP \/ NTB\n  <\/p>\n<p>\nIf\u00f8lge Whitlocks manager Brian Liebman d\u00f8de Isiah Whitlock \u00abfredelig\u00bb etter kort tids sykdom, skriver <a href=\"https:\/\/deadline.com\/2025\/12\/isiah-whitlock-jr-dead-the-wire-spike-lee-movies-1236658855\/\" target=\"_blank\" rel=\"nofollow noopener\">Deadline<\/a>.<\/p>\n<p>Whitlock var kanskje mest kjent som den korrupte senatoren \u00abClay\u00bb Davis i TV-serien \u00abThe Wire\u00bb. I l\u00f8pet av sin 30 \u00e5r lange karriere medvirket Whitlock ogs\u00e5 i serier som \u00abVeep\u00bb og \u00abYour Honor\u00bb.<\/p>\n<p>D\u00f8dsfallet kommer mindre enn to uker etter at Whitlocks \u00abThe Wire\u00bb-kollega James Ransone ble funnet d\u00f8d i Los Angeles. <\/p>\n<p>Ransone, som ble 46 \u00e5r, spilte en sentral rolle i seriens andre sesong, som havnearbeideren Ziggy Sabotka.<\/p>\n","protected":false},"excerpt":{"rendered":"Skuespilleren Isiah Whitlock Jr er d\u00f8d, 71 \u00e5r gammel. Han er blant annet kjent fra TV-serien \u00abThe Wire\u00bb.&hellip;\n","protected":false},"author":2,"featured_media":126288,"comment_status":"","ping_status":"","sticky":false,"template":"","format":"standard","meta":{"footnotes":""},"categories":[12],"tags":[20,21,24,25,15,22,23,13,30,28,29,14,16,26,27,42,43,44,45],"class_list":{"0":"post-126287","1":"post","2":"type-post","3":"status-publish","4":"format-standard","5":"has-post-thumbnail","7":"category-verden","8":"tag-breaking-news","9":"tag-breakingnews","10":"tag-featured-news","11":"tag-featurednews","12":"tag-headlines","13":"tag-latest-news","14":"tag-latestnews","15":"tag-news","16":"tag-no","17":"tag-norge","18":"tag-norway","19":"tag-nyheter","20":"tag-overskrifter","21":"tag-top-stories","22":"tag-topstories","23":"tag-verden","24":"tag-world","25":"tag-world-news","26":"tag-worldnews"},"share_on_mastodon":{"url":"https:\/\/pubeurope.com\/@no\/115820266981612720","error":""},"_links":{"self":[{"href":"https:\/\/www.europesays.com\/no\/wp-json\/wp\/v2\/posts\/126287","targetHints":{"allow":["GET"]}}],"collection":[{"href":"https:\/\/www.europesays.com\/no\/wp-json\/wp\/v2\/posts"}],"about":[{"href":"https:\/\/www.europesays.com\/no\/wp-json\/wp\/v2\/types\/post"}],"author":[{"embeddable":true,"href":"https:\/\/www.europesays.com\/no\/wp-json\/wp\/v2\/users\/2"}],"replies":[{"embeddable":true,"href":"https:\/\/www.europesays.com\/no\/wp-json\/wp\/v2\/comments?post=126287"}],"version-history":[{"count":0,"href":"https:\/\/www.europesays.com\/no\/wp-json\/wp\/v2\/posts\/126287\/revisions"}],"wp:featuredmedia":[{"embeddable":true,"href":"https:\/\/www.europesays.com\/no\/wp-json\/wp\/v2\/media\/126288"}],"wp:attachment":[{"href":"https:\/\/www.europesays.com\/no\/wp-json\/wp\/v2\/media?parent=126287"}],"wp:term":[{"taxonomy":"category","embeddable":true,"href":"https:\/\/www.europesays.com\/no\/wp-json\/wp\/v2\/categories?post=126287"},{"taxonomy":"post_tag","embeddable":true,"href":"https:\/\/www.europesays.com\/no\/wp-json\/wp\/v2\/tags?post=126287"}],"curies":[{"name":"wp","href":"https:\/\/api.w.org\/{rel}","templated":true}]}}