{"id":126289,"date":"2026-01-01T14:17:09","date_gmt":"2026-01-01T14:17:09","guid":{"rendered":"https:\/\/www.europesays.com\/no\/126289\/"},"modified":"2026-01-01T14:17:09","modified_gmt":"2026-01-01T14:17:09","slug":"nitrogruppa-gressvik-link-fikk-hetta-av-rakett-na-strommer-hundefolk-til-oksviken-for-a-lete-etter-valpen","status":"publish","type":"post","link":"https:\/\/www.europesays.com\/no\/126289\/","title":{"rendered":"Nitrogruppa, Gressvik | Link fikk hetta av rakett. N\u00e5 str\u00f8mmer hundefolk til Oksviken for \u00e5 lete etter valpen"},"content":{"rendered":"\n<p>Det ble en mareritt-nytt\u00e5rsaften for Kim R\u00f8nning og familien i Oksviken p\u00e5 Gressvik. Kim var hjemme med de to barna p\u00e5 sju og ti \u00e5r, og med valpen deres Link. Han er av rasen Eurasier, veier rundt 15 kilo, og er til vanlig en rolig og sindig kar, glad i folkene han kjenner, og glad i \u00e5 m\u00f8te nye hunder.<\/p>\n<p>\u2013 Men etter hvert som rakettene begynte \u00e5 smelle ble han stresset. Dette var hans f\u00f8rste nytt\u00e5rsaften. Vi var spente p\u00e5 hvordan han ville forholde seg. Men vi var ikke forberedt p\u00e5 hvor tidlig rakettene begynner \u00e5 smelle, og hvor mange de er. Link f\u00f8k opp og ned av sofaen, hit og dit. Han likte seg virkelig ikke, sier Kim R\u00f8nning.<\/p>\n<p>   <img decoding=\"async\" width=\"768\" height=\"1024\" fetchpriority=\"low\"  loading=\"lazy\"  src=\"https:\/\/www.europesays.com\/no\/wp-content\/uploads\/2026\/01\/7889630761.jpeg\" alt=\"\" class=\"brick-c-cFOWSL\" style=\"--brick-image-ratio: 768 \/ 1024;\"\/><\/p>\n<p>      Kim R\u00f8nning lette i timesvis nytt\u00e5rsaften, og har fortsatt i dag, uten hell s\u00e5 langt.<br \/>\n      Foto: Privat\n    <\/p>\n<p>  Lang line<\/p>\n<p>Kims kone var p\u00e5 nattevakt, og ligger og sover f\u00f8r hun skal g\u00e5 p\u00e5 ny vakt p\u00e5 sykehuset. Kim har trasket i mange timer ute og ropt og lett etter valpen, samtidig som han skal st\u00f8tte sine to barn, som frykter de har mistet sin bestevenn p\u00e5 fire ben. Han innr\u00f8mmer at det er tungt.<\/p>\n<p>\u2013 Link r\u00f8sket seg l\u00f8s, og stakk av med en gul langline p\u00e5 fem meter utenfor v\u00e5r bolig i Safranstien. Han har ogs\u00e5 p\u00e5 seg en bl\u00e5 sele. Jeg er redd langlinen har satt seg fast i noe. Samtidig h\u00e5per jeg at han f\u00e5r puste, og at han lever, sier Kim.<\/p>\n<p>   <img decoding=\"async\" width=\"375\" height=\"270\" fetchpriority=\"low\"  loading=\"lazy\"  src=\"https:\/\/www.europesays.com\/no\/wp-content\/uploads\/2026\/01\/Resized_Screenshot_20260101_125704_Facebook1.jpeg\" alt=\"\" class=\"brick-c-cFOWSL\" style=\"--brick-image-ratio: 375 \/ 270;\"\/><\/p>\n<p>      Link er vanligvis glad i \u00e5 hilse p\u00e5 andre hunder.<br \/>\n      Foto: Privat\n    <\/p>\n<p>  Overveldet over respons<\/p>\n<p>Kim har lagt ut etterlysning av Link p\u00e5 flere lokale Facebook-sider. Og mange har allerede deltatt i letingen etter valpen. N\u00e5 er ogs\u00e5 flere ekvipasjer fra <a href=\"https:\/\/www.google.com\/search?q=Nitrogruppa&amp;sca_esv=f775133c7e6e79d5&amp;rlz=1C1GCCU_en&amp;sxsrf=AE3TifMMm72m-oFvdKa9uE4kQBWVHvqZIw%3A1767270716952&amp;ei=PGlWaaPvOdWK7NYP7eGH6Q0&amp;ved=2ahUKEwiU2pm_rOqRAxU0BdsEHV8uPCUQgK4QegQIARAB&amp;uact=5&amp;oq=nitrogruppen+fredrikstad&amp;gs_lp=Egxnd3Mtd2l6LXNlcnAiGG5pdHJvZ3J1cHBlbiBmcmVkcmlrc3RhZDIFECEYoAFI8RVQ_gdYlBVwAXgBkAEAmAGwAaABxwmqAQM3LjW4AQPIAQD4AQGYAg2gAp0KwgIKEAAYsAMY1gQYR8ICBBAAGB7CAgYQABgFGB7CAgUQABjvBcICBxAhGKABGAqYAwCIBgGQBgiSBwM3LjagB8omsgcDNi42uAeVCsIHBTAuNS44yAcugAgA&amp;sclient=gws-wiz-serp&amp;mstk=AUtExfDPNEOhjNf-XOzVl2kK1OjkVNE_lpSaDeaYZji82-M9om_DfI2oRqMJoQEF3RxrD8LHHh-Uk8gWBMXORpveApci-cpDU06jXugd0NM8tK38d6KmayFlKFIch1CbFNB3_JWW_5CGAmIO5YvZwbUVR4UwIX7LPn0fNVOFUURNhNW8mikSYH_iiLunb47D73uDckiauJktcFIRGpVOpvbSwh7ZtVitO8zbo_I2mfu5aMDTpnRje4R-K8MKA-Con40puVeDjOP-2GlR-zqHOQshliTG&amp;csui=3\" rel=\"nofollow noopener\" target=\"_blank\">Nitrogruppa<\/a> i Fredrikstad p\u00e5 plass. De fungerer som et fellesskap for \u00e5 gjenforene kj\u00e6ledyr med sine eiere, ved \u00e5 dele meldinger om funn og savn, og gir en viktig service for hundeeiere i Fredrikstad.<\/p>\n<p>\u2013 Vi er tre ekvipasjer som har godkjente s\u00f8kshunder. Vi har pelslukt fra valpen som vi s\u00f8ker etter, forteller Christina Stryger, som har lett i mange timer torsdag sammen med huskyen NUK.<\/p>\n<p>   <img decoding=\"async\" width=\"817\" height=\"814\" fetchpriority=\"low\"  loading=\"lazy\"  src=\"https:\/\/www.europesays.com\/no\/wp-content\/uploads\/2026\/01\/Resized_20251121_1314101_1.jpeg\" alt=\"\" class=\"brick-c-cFOWSL\" style=\"--brick-image-ratio: 817 \/ 814;\"\/><\/p>\n<p>      Christina Stryger og hennes husky Nuk er med i Nitrogruppa. De holder til i Fredrikstad og var med p\u00e5 flere leteaksjoner etter hunder i Fredrikstad i fjor.<br \/>\n      Foto: privat\n    <\/p>\n<p>\u2013 Enn\u00e5 har ingen verken sett eller h\u00f8rt valpen. Men vi gir oss selvf\u00f8lgelig ikke. N\u00e5 oppfordrer vi alle som er glad i hunder om \u00e5 legge turen sin til Oksviken-omr\u00e5det, enten det er for \u00e5 lufte egen hund, eller for \u00e5 s\u00f8ke uten hund, sier hun.<\/p>\n<p>Har du informasjon om Link, ring eier Kim R\u00f8nning p\u00e5 452 81 806, eller Christina Stryger i Nitrogruppa, som treffes p\u00e5 90165373.<\/p>\n<p>    Vil du se neste video?<\/p>\n<p>    <a href=\"https:\/\/www.f-b.no\/bjorn-wiggo-fredrikstad\/v\/5-59-3783829\" class=\"recommend-poster\" data-adp-clicklabel=\"video-recommend\" data-adp-clickvalue=\"poster\" rel=\"nofollow noopener\" target=\"_blank\"><br \/>\n      <img decoding=\"async\" width=\"200\" height=\"200\" loading=\"lazy\" src=\"https:\/\/www.europesays.com\/no\/wp-content\/uploads\/2026\/01\/v-i-9ff0b2c4-1496-4691-9ac5-21a44a6551c8-1.jpg\" alt=\"\" class=\"brick-c-cFOWSL\" style=\"--brick-image-ratio: 200 \/ 200;\"\/><\/p>\n<p>Bj\u00f8rn Wiggos t\u00f8ffe diagnose og viktige budskap0:57<\/p>\n<p>    <\/a><\/p>\n","protected":false},"excerpt":{"rendered":"Det ble en mareritt-nytt\u00e5rsaften for Kim R\u00f8nning og familien i Oksviken p\u00e5 Gressvik. Kim var hjemme med de&hellip;\n","protected":false},"author":2,"featured_media":126290,"comment_status":"","ping_status":"","sticky":false,"template":"","format":"standard","meta":{"footnotes":""},"categories":[5],"tags":[36,20,21,24,25,13599,15,19,14851,22,23,17,18,13,14850,30,28,29,14,16,14852,1510,26,27],"class_list":{"0":"post-126289","1":"post","2":"type-post","3":"status-publish","4":"format-standard","5":"has-post-thumbnail","7":"category-overskrifter","8":"tag-art","9":"tag-breaking-news","10":"tag-breakingnews","11":"tag-featured-news","12":"tag-featurednews","13":"tag-gressvik","14":"tag-headlines","15":"tag-hovedoppslag","16":"tag-hunder","17":"tag-latest-news","18":"tag-latestnews","19":"tag-main-news","20":"tag-mainnews","21":"tag-news","22":"tag-nitrogruppa","23":"tag-no","24":"tag-norge","25":"tag-norway","26":"tag-nyheter","27":"tag-overskrifter","28":"tag-raketter","29":"tag-story","30":"tag-top-stories","31":"tag-topstories"},"share_on_mastodon":{"url":"https:\/\/pubeurope.com\/@no\/115820274963303381","error":""},"_links":{"self":[{"href":"https:\/\/www.europesays.com\/no\/wp-json\/wp\/v2\/posts\/126289","targetHints":{"allow":["GET"]}}],"collection":[{"href":"https:\/\/www.europesays.com\/no\/wp-json\/wp\/v2\/posts"}],"about":[{"href":"https:\/\/www.europesays.com\/no\/wp-json\/wp\/v2\/types\/post"}],"author":[{"embeddable":true,"href":"https:\/\/www.europesays.com\/no\/wp-json\/wp\/v2\/users\/2"}],"replies":[{"embeddable":true,"href":"https:\/\/www.europesays.com\/no\/wp-json\/wp\/v2\/comments?post=126289"}],"version-history":[{"count":0,"href":"https:\/\/www.europesays.com\/no\/wp-json\/wp\/v2\/posts\/126289\/revisions"}],"wp:featuredmedia":[{"embeddable":true,"href":"https:\/\/www.europesays.com\/no\/wp-json\/wp\/v2\/media\/126290"}],"wp:attachment":[{"href":"https:\/\/www.europesays.com\/no\/wp-json\/wp\/v2\/media?parent=126289"}],"wp:term":[{"taxonomy":"category","embeddable":true,"href":"https:\/\/www.europesays.com\/no\/wp-json\/wp\/v2\/categories?post=126289"},{"taxonomy":"post_tag","embeddable":true,"href":"https:\/\/www.europesays.com\/no\/wp-json\/wp\/v2\/tags?post=126289"}],"curies":[{"name":"wp","href":"https:\/\/api.w.org\/{rel}","templated":true}]}}