{"id":126295,"date":"2026-01-01T14:23:07","date_gmt":"2026-01-01T14:23:07","guid":{"rendered":"https:\/\/www.europesays.com\/no\/126295\/"},"modified":"2026-01-01T14:23:07","modified_gmt":"2026-01-01T14:23:07","slug":"stryn-ulykker-trafikkulykke-i-stryn","status":"publish","type":"post","link":"https:\/\/www.europesays.com\/no\/126295\/","title":{"rendered":"Stryn, Ulykker | Trafikkulykke i Stryn"},"content":{"rendered":"\n<p>110 Vest har f\u00e5tt inn melding om ei trafikkulykke p\u00e5 Nordfjordvegen i Stryn.<\/p>\n<p>Det er eit k\u00f8yret\u00f8y involvert i ulykka.<\/p>\n<p>If\u00f8lge 110-sentralen skal det vere fem personar i k\u00f8yret\u00f8yet. Alle er komt seg ut. Ambulansen kom til ulykka for \u00e5 ivareta dei involverte.<\/p>\n<p>Det er ikkje r\u00f8yk fr\u00e5 k\u00f8yret\u00f8yet, men det skal lekke litt olje.<\/p>\n<p><b>Mark\u00f8ren viser ikkje n\u00f8yaktig plassering, men ulykka skal ha skjedd i dette omr\u00e5det. <\/b><\/p>\n<p>If\u00f8lge B\u00f8rre Brekkvassmo ved 110-sentralen er det 70-sone p\u00e5 staden, men at farten til k\u00f8yret\u00f8yet skal ha vore l\u00e5gare enn dette. Det skal ogs\u00e5 vere meget glatt p\u00e5 staden.<\/p>\n<p>Kort tid etter ulykken melder Vegtrafikksentralen Vest at ett felt er stengt p\u00e5 grunn av trafikkulykka.<\/p>\n<p>Klokka 14.16 er brannvesenet ferdig p\u00e5 staden, og bilbergar skal ha henta bilen.<\/p>\n","protected":false},"excerpt":{"rendered":"110 Vest har f\u00e5tt inn melding om ei trafikkulykke p\u00e5 Nordfjordvegen i Stryn. Det er eit k\u00f8yret\u00f8y involvert&hellip;\n","protected":false},"author":2,"featured_media":231,"comment_status":"","ping_status":"","sticky":false,"template":"","format":"standard","meta":{"footnotes":""},"categories":[10],"tags":[36,20,21,24,25,15,22,23,13,30,28,29,14,16,1510,3344,26,27,224,1204],"class_list":{"0":"post-126295","1":"post","2":"type-post","3":"status-publish","4":"format-standard","5":"has-post-thumbnail","7":"category-norge","8":"tag-art","9":"tag-breaking-news","10":"tag-breakingnews","11":"tag-featured-news","12":"tag-featurednews","13":"tag-headlines","14":"tag-latest-news","15":"tag-latestnews","16":"tag-news","17":"tag-no","18":"tag-norge","19":"tag-norway","20":"tag-nyheter","21":"tag-overskrifter","22":"tag-story","23":"tag-stryn","24":"tag-top-stories","25":"tag-topstories","26":"tag-trafikk","27":"tag-ulykker"},"share_on_mastodon":{"url":"https:\/\/pubeurope.com\/@no\/115820298563312202","error":""},"_links":{"self":[{"href":"https:\/\/www.europesays.com\/no\/wp-json\/wp\/v2\/posts\/126295","targetHints":{"allow":["GET"]}}],"collection":[{"href":"https:\/\/www.europesays.com\/no\/wp-json\/wp\/v2\/posts"}],"about":[{"href":"https:\/\/www.europesays.com\/no\/wp-json\/wp\/v2\/types\/post"}],"author":[{"embeddable":true,"href":"https:\/\/www.europesays.com\/no\/wp-json\/wp\/v2\/users\/2"}],"replies":[{"embeddable":true,"href":"https:\/\/www.europesays.com\/no\/wp-json\/wp\/v2\/comments?post=126295"}],"version-history":[{"count":0,"href":"https:\/\/www.europesays.com\/no\/wp-json\/wp\/v2\/posts\/126295\/revisions"}],"wp:featuredmedia":[{"embeddable":true,"href":"https:\/\/www.europesays.com\/no\/wp-json\/wp\/v2\/media\/231"}],"wp:attachment":[{"href":"https:\/\/www.europesays.com\/no\/wp-json\/wp\/v2\/media?parent=126295"}],"wp:term":[{"taxonomy":"category","embeddable":true,"href":"https:\/\/www.europesays.com\/no\/wp-json\/wp\/v2\/categories?post=126295"},{"taxonomy":"post_tag","embeddable":true,"href":"https:\/\/www.europesays.com\/no\/wp-json\/wp\/v2\/tags?post=126295"}],"curies":[{"name":"wp","href":"https:\/\/api.w.org\/{rel}","templated":true}]}}