{"id":126298,"date":"2026-01-01T14:25:10","date_gmt":"2026-01-01T14:25:10","guid":{"rendered":"https:\/\/www.europesays.com\/no\/126298\/"},"modified":"2026-01-01T14:25:10","modified_gmt":"2026-01-01T14:25:10","slug":"kbk-fotball-ferdig-i-kbk-naer-ved-a-signere-for-ny-klubb","status":"publish","type":"post","link":"https:\/\/www.europesays.com\/no\/126298\/","title":{"rendered":"KBK, Fotball | Ferdig i KBK: N\u00e6r ved \u00e5 signere for ny klubb"},"content":{"rendered":"\n<p>Det er bare detaljer som gjenst\u00e5r f\u00f8r kontrakten mellom Mikkel Rakneberg (23) og den <a href=\"https:\/\/www.tv2.no\/sport\/bekrefter-pa-vei-til-tysk-fotball\/18424460\/\" rel=\"Follow nofollow noopener\" target=\"_blank\">tyske klubben Bochum er i boks, if\u00f8lge TV2<\/a>.<\/p>\n<p>Det eneste som gjenst\u00e5r, if\u00f8lge avisen, er en medisinsk test.<\/p>\n<p>Raknebergs agent, Mikail Adampour, bekrefter overfor TV2 at han er i Tyskland. Mer vil han ikke si.<\/p>\n<p>Mikail Adampour har tidligere sagt til Tidens Krav at Rakneberg har hat konkrete tilbud fra klubber i utlandet, og at det har v\u00e6rt interesse fra klubber i Tyskland, Polen og England.<\/p>\n<p><b>Tidens Krav er kjent med at det er nettopp Bochum som er i sluttforhandlinger med Rakneberg.<\/b><\/p>\n<p>  <a href=\"https:\/\/www.tk.no\/5-51-1787912\" class=\"related-teaser has-image default-story-teaser article--c-eRUmMG article--c-eRUmMG-jKCPdD-design-default\" rel=\"nofollow noopener\" target=\"_blank\"><\/p>\n<p>    <img decoding=\"async\" loading=\"lazy\"  src=\"https:\/\/www.europesays.com\/no\/wp-content\/uploads\/2026\/01\/NTB_cQOZmrcgNIs.jpg\" alt=\"\" class=\"brick-c-cFOWSL\" style=\"\"\/><\/p>\n<p>\n            Les ogs\u00e5<\/p>\n<p>              H\u00e5per \u00e5 ha ny jobb klar f\u00f8r \u00e5ret er omme\n        <\/p>\n<p>  <\/a><br \/>\n  G\u00e5r gratis<\/p>\n<p>23-\u00e5ringen fra L\u00f8venstad p\u00e5 Romerike kom til Kristiansund fra Ull\/Kisa f\u00f8r sesongen 2022. Det f\u00f8rste \u00e5ret i Eliteserien ble han stort sett sittende p\u00e5 benken, men Rakneberg hadde en sentral rolle p\u00e5 laget da KBK spilte i 1. divisjon i 2023. Og han var stabilt god p\u00e5 venstrebacken p\u00e5 \u00f8verste niv\u00e5 b\u00e5de i 2024 og 2025.<\/p>\n<p>Venstrebacken som har v\u00e6rt fast inventar p\u00e5 KBK&#8217;s A-lag de siste tre sesongene har ikke \u00f8nsket \u00e5 signere ny kontrakt med bl\u00e5tr\u00f8yene fra baillbyen. Rakneberg sto i sommer p\u00e5 blokka til Bod\u00f8\/Glimt. Det ble diskusjoner om en overgang, men det kom aldri bud fra Bod\u00f8.<\/p>\n<p>  <a href=\"https:\/\/www.tk.no\/5-51-1736791\" class=\"related-teaser has-image default-story-teaser article--c-eRUmMG article--c-eRUmMG-jKCPdD-design-default\" rel=\"nofollow noopener\" target=\"_blank\"><\/p>\n<p>    <img decoding=\"async\" loading=\"lazy\"  src=\"https:\/\/www.europesays.com\/no\/wp-content\/uploads\/2025\/09\/NTB_wMcnIghjVlw.jpg\" alt=\"\" class=\"brick-c-cFOWSL\" style=\"\"\/><\/p>\n<p>\n            Les ogs\u00e5<\/p>\n<p>              Bod\u00f8\/Glimt sjekket ut Rakneberg\n        <\/p>\n<p>  <\/a><\/p>\n<p>Ogs\u00e5 Viking og Molde skal ha fulgt spilleren tett.<\/p>\n<p>KBK har ogs\u00e5 flere ganger fors\u00f8kt seg p\u00e5 en kontraktsforlengelse med Rakneberg, uten hell.<\/p>\n<p>23-\u00e5ringens kan derfor finne seg ny arbeidsgiver fra 1. januar, uten at KBK sitter igjen med en eneste krone.<\/p>\n<p>Spiller p\u00e5 niv\u00e5 to<\/p>\n<p>Hvis Rakneberg og Bochum blir enige vil han fortsatt spille hjemmekamper i bl\u00e5 skjorte, men Eliteserie byttes ut med 2. bundesliga og Nordm\u00f8re stadion med Ruhrstadion: Her er det plass til 26.000 tilskuere, og det er nesten alltid fult p\u00e5 stadion n\u00e5r Bochum spiller hjemmekamper.<\/p>\n<p>Bochum rykket ned fra \u00f8verste niv\u00e5 i Tyskland i fjor, og ligger for \u00f8yeblikket p\u00e5 en 10. plass, etter vel halvspilt sesong.<\/p>\n<p>Raknebergs overgang er i f\u00f8lge TV2-ekspert Yaw Amankwah d\u00e5rlig nytt for Nordm\u00f8rsklubben:<\/p>\n<p><a href=\"https:\/\/www.tv2.no\/sport\/bekrefter-pa-vei-til-tysk-fotball\/18424460\/\" rel=\"Follow nofollow noopener\" target=\"_blank\">\u2013 Dessverre for KBK fremst\u00e5r de for \u00f8yeblikket som en av de soleklare dumpekandidatene i Eliteserien m\u00e5lt opp mot de andre lagene i ligaen, og nok en gang mister de en n\u00f8kkelspiller i overgangsvinduet, sier han til TV2.<\/a><\/p>\n<p>  <a href=\"https:\/\/www.tk.no\/5-51-1758370\" class=\"related-teaser has-image default-story-teaser article--c-eRUmMG article--c-eRUmMG-jKCPdD-design-default\" rel=\"nofollow noopener\" target=\"_blank\"><\/p>\n<p>    <img decoding=\"async\" loading=\"lazy\"  src=\"https:\/\/www.europesays.com\/no\/wp-content\/uploads\/2026\/01\/ll.jpg\" alt=\"\" class=\"brick-c-cFOWSL\" style=\"\"\/><\/p>\n<p>\n            Les ogs\u00e5<\/p>\n<p>              Hele forsvarsrekka kan forsvinne\n        <\/p>\n<p>  <\/a><\/p>\n<p>  <a href=\"https:\/\/www.tk.no\/5-51-1790959\" class=\"related-teaser has-image default-story-teaser article--c-eRUmMG article--c-eRUmMG-jKCPdD-design-default\" rel=\"nofollow noopener\" target=\"_blank\"><\/p>\n<p>    <img decoding=\"async\" loading=\"lazy\"  src=\"https:\/\/www.europesays.com\/no\/wp-content\/uploads\/2026\/01\/NTB__BAFYBQq7m4.jpg\" alt=\"\" class=\"brick-c-cFOWSL\" style=\"\"\/><\/p>\n<p>\n            Les ogs\u00e5<\/p>\n<p>              Forlater KBK for moderklubben: Beskrives som \u00e5rets julegave\n        <\/p>\n<p>  <\/a><\/p>\n<p>  <a href=\"https:\/\/www.tk.no\/5-51-1783927\" class=\"related-teaser has-image default-story-teaser article--c-eRUmMG article--c-eRUmMG-jKCPdD-design-default\" rel=\"nofollow noopener\" target=\"_blank\"><\/p>\n<p>    <img decoding=\"async\" loading=\"lazy\"  src=\"https:\/\/www.europesays.com\/no\/wp-content\/uploads\/2026\/01\/NTB_ZoItZs-sliI.jpg\" alt=\"\" class=\"brick-c-cFOWSL\" style=\"\"\/><\/p>\n<p>\n            Les ogs\u00e5<\/p>\n<p>              Lavt tilskuersnitt, men h\u00f8ye ambisjoner: \u2013 Skal v\u00e6re stedet man m\u00e5 v\u00e6re annenhver s\u00f8ndag\n        <\/p>\n<p>  <\/a><\/p>\n","protected":false},"excerpt":{"rendered":"Det er bare detaljer som gjenst\u00e5r f\u00f8r kontrakten mellom Mikkel Rakneberg (23) og den tyske klubben Bochum er&hellip;\n","protected":false},"author":2,"featured_media":126299,"comment_status":"","ping_status":"","sticky":false,"template":"","format":"standard","meta":{"footnotes":""},"categories":[59],"tags":[36,13602,92,3219,30,28,29,83,82,1510],"class_list":{"0":"post-126298","1":"post","2":"type-post","3":"status-publish","4":"format-standard","5":"has-post-thumbnail","7":"category-sport","8":"tag-art","9":"tag-eliteserie-kvalifisering","10":"tag-fotball","11":"tag-kbk","12":"tag-no","13":"tag-norge","14":"tag-norway","15":"tag-sport","16":"tag-sports","17":"tag-story"},"share_on_mastodon":{"url":"https:\/\/pubeurope.com\/@no\/115820306293796710","error":""},"_links":{"self":[{"href":"https:\/\/www.europesays.com\/no\/wp-json\/wp\/v2\/posts\/126298","targetHints":{"allow":["GET"]}}],"collection":[{"href":"https:\/\/www.europesays.com\/no\/wp-json\/wp\/v2\/posts"}],"about":[{"href":"https:\/\/www.europesays.com\/no\/wp-json\/wp\/v2\/types\/post"}],"author":[{"embeddable":true,"href":"https:\/\/www.europesays.com\/no\/wp-json\/wp\/v2\/users\/2"}],"replies":[{"embeddable":true,"href":"https:\/\/www.europesays.com\/no\/wp-json\/wp\/v2\/comments?post=126298"}],"version-history":[{"count":0,"href":"https:\/\/www.europesays.com\/no\/wp-json\/wp\/v2\/posts\/126298\/revisions"}],"wp:featuredmedia":[{"embeddable":true,"href":"https:\/\/www.europesays.com\/no\/wp-json\/wp\/v2\/media\/126299"}],"wp:attachment":[{"href":"https:\/\/www.europesays.com\/no\/wp-json\/wp\/v2\/media?parent=126298"}],"wp:term":[{"taxonomy":"category","embeddable":true,"href":"https:\/\/www.europesays.com\/no\/wp-json\/wp\/v2\/categories?post=126298"},{"taxonomy":"post_tag","embeddable":true,"href":"https:\/\/www.europesays.com\/no\/wp-json\/wp\/v2\/tags?post=126298"}],"curies":[{"name":"wp","href":"https:\/\/api.w.org\/{rel}","templated":true}]}}