{"id":126308,"date":"2026-01-01T14:33:16","date_gmt":"2026-01-01T14:33:16","guid":{"rendered":"https:\/\/www.europesays.com\/no\/126308\/"},"modified":"2026-01-01T14:33:16","modified_gmt":"2026-01-01T14:33:16","slug":"kultur-dode-disse-kulturpersonlighetene-mistet-vi-i-2025","status":"publish","type":"post","link":"https:\/\/www.europesays.com\/no\/126308\/","title":{"rendered":"Kultur, D\u00f8de | Disse kulturpersonlighetene mistet vi i 2025"},"content":{"rendered":"\n<p>Dag Solstad (83), Ingvar Ambj\u00f8rnsen (69) og Roy Jacobsen (70), ruvende og folkekj\u00e6re skikkelser i norsk litteratur gjennom flere \u00e5rtier, d\u00f8de med f\u00e5 m\u00e5neders mellomrom.<\/p>\n<p>Ogs\u00e5 andre velkjente forfatterprofiler som Tor \u00c5ge Bringsv\u00e6rd, Liv K\u00f8ltzow og Henning Hagerup, gikk ut av tiden.<\/p>\n<p>\u2013 B\u00e5de lesere, venner, kollegaer og bransjefolk har opplevd det som sv\u00e6rt tungt \u00e5 miste s\u00e5 mange profilerte forfattere, sier Bj\u00f8rn Vatne, leder for Den norske Forfatterforening til NTB:<\/p>\n<p>\u2013 De har v\u00e6rt mentorer, forbilder, institusjoner i forlagene, og v\u00e6rt med p\u00e5 \u00e5 bygge litteratur-Norge slik vi kjenner det i dag. Jeg kjenner ikke til at tilsvarende har skjedd noen gang.<\/p>\n<p>Her er noen av de norske kulturpersonlighetene gikk bort i 2025.<\/p>\n<p>Januar<\/p>\n<p>Den norske samtidskunstneren H\u00e5kon Bleken gikk bort, 96 \u00e5r gammel. Han malte til det siste. I sitt jubileums\u00e5r i 2024 hadde han hele ti utstillinger rundt i Norge og skulle akkurat \u00e5pne en ny da han ble syk.<\/p>\n<p>Kai Simon Fredriksen, kjent fra dokumentarfilmen \u00abIbelin\u00bb, d\u00f8de 46 \u00e5r gammel. Som avataren Nomine ledet han World of Warcraft-lauget Starlight.<\/p>\n<p>Den prisvinnende filmfotografen Harald Gunnar Paalgard, s\u00e6rlig kjent for \u00e5 ha filmet \u00abOrions Belte\u00bb, d\u00f8de 74 \u00e5r gammel.<\/p>\n<p>Februar<\/p>\n<p>Fotograf, regiss\u00f8r og fotol\u00e6rer, kjent for sine bilder av stjerner innen mote og rock- og popmusikk, Bj\u00f8rn Opsahl d\u00f8de 56 \u00e5r gammel.<\/p>\n<p>Mars<\/p>\n<p>En av nyere, norsk litteraturs mest innflytelsesrike forfattere, Dag Solstad d\u00f8de 83 \u00e5r gammel. Kjent for b\u00f8ker som \u00abGymnasl\u00e6rer Pedersen\u00bb, \u00abGenanse og verdighet\u00bb og \u00abRoman 1987\u00bb. Hans siste og selvbiografiske roman \u00abEndelig! Lykken. Og mitt fors\u00f8k, i 2022, p\u00e5 \u00e5 utholde smerten ved tidens herjinger\u00bb, ble utgitt posthumt.<\/p>\n<p>TV-profilen Lars Olav Karlsen, kjent fra TV-serien \u00abHeia Tufte\u00bb og leder av fotballsupporterklubben Oljeberget, d\u00f8de 48 \u00e5r gammel.<\/p>\n<p>Tidligere Dagbladet-redakt\u00f8r og Opera-sjef Bj\u00f8rn Simensen d\u00f8de 77 \u00e5r gammel.<\/p>\n<p>April<\/p>\n<p>Kunstneren Rolf Groven d\u00f8de 82 \u00e5r gammel. Han var s\u00e6rlig kjent for sine politiske satiremalerier, med temaer som naturvern, Nei til EF\/EU og motstand mot krig og opprustning.<\/p>\n<p>Mai<\/p>\n<p>Monna Tandberg, skuespiller med alle de store Ibsen-rollene s\u00e5 vel som dronning Fjellrose i \u00abBl\u00e5fjell\u00bb bak seg, d\u00f8de 85 \u00e5r gammel.<\/p>\n<p>K\u00e5s\u00f8ren og forfatteren \u00d8yvind Thorsen, kjent som Vito, d\u00f8de 81 \u00e5r gammel.<\/p>\n<p>Regiss\u00f8r og tidligere teatersjef for Tr\u00f8ndelag Teater og Det Norske Teatret Otto Homlung d\u00f8de, 81 \u00e5r gammel.<\/p>\n<p>Krimforfatteren J\u00f8rgen Gunnerud, som vant Rivertonprisen i 2007, d\u00f8de 76 \u00e5r gammel.<\/p>\n<p>Bendik Rugaas, i sin tid den f\u00f8rste nasjonalbibliotekar, d\u00f8de 82 \u00e5r gammel. Som statsr\u00e5d frontet han Ap-prosjektet \u00abDet norske hus\u00bb.<\/p>\n<p>Juni<\/p>\n<p>Geirr Lystrup, visesanger, gitarist, komponist og forfatter, gikk bort 76 \u00e5r gammel. Han ga ut mer enn 40 album og 30 b\u00f8ker.<\/p>\n<p>Jon Eikemo, prisbel\u00f8nt og folkekj\u00e6r skuespiller prisbel\u00f8nt for sine nynorsktolkninger, d\u00f8de 85 \u00e5r gammel.<\/p>\n<p>Einar Olsen, tidligere journalist, redakt\u00f8r og forfatter, sentral i arbeiderpressen p\u00e5 1970- og 1980-tallet, d\u00f8de, 89 \u00e5r gammel.<\/p>\n<p>Axel Skalstad, jazz- og progrock-trommeslager i band som Krokofant og Wzrd, d\u00f8de 32 \u00e5r gammel.<\/p>\n<p>Juli<\/p>\n<p>Ingvar Ambj\u00f8rnsen vendte tidlig i 2025 tilbake til Norge etter mange \u00e5r i Tyskland, og gikk bort 69 \u00e5r gammel. Folkekj\u00e6r for b\u00f8ker som \u00abDen siste revejakta\u00bb og \u00abHvite niggere\u00bb og de popul\u00e6re bokseriene om \u00abPelle &amp; Proffen\u00bb og \u00abElling\u00bb.<\/p>\n<p>Sakprosaforfatteren og milj\u00f8- og solidaritetsforkjemperen Erik Dammann, grunnlegger av Framtiden i v\u00e5re hender, ble 94 \u00e5r.<\/p>\n<p>Treningsinfluenseren Scott Engh, kjent som \u00abCoach Engh\u00bb p\u00e5 Tiktok, d\u00f8de i en fallulykke, 22 \u00e5r gammel.<\/p>\n<p>Keramikeren Grete R\u00f8nning, som blant annet designet Porsgrund Porsel\u00e6nsfabriks offisielle OL-servise til Lillehammer 1994, ble 87 \u00e5r.<\/p>\n<p>August<\/p>\n<p>Frank \u00d8ren, vokalist i Bjelleklang \u2013 bandet kjent for sanger som \u00abGummihatt\u00bb og \u00abGud, Hvor Du Er Deilig\u00bb, d\u00f8de, 59 \u00e5r gammel.<\/p>\n<p>Tor \u00c5ge Bringsv\u00e6rd, forfatteren med et livsverk som spente fra science fiction til de popul\u00e6re barneb\u00f8kene om Karsten og Petra, gikk bort 85 \u00e5r gammel.<\/p>\n<p>Jan Erik Berntsen, som hadde en over 50 \u00e5r lang karriere ved Tr\u00f8ndelag Teater, d\u00f8de 80 \u00e5r gammel.<\/p>\n<p>Jazzmusikeren Bj\u00f8rn Kjellemyr, som samarbeidet med blant annet Terje Rypdal, Jon Eberson og Chet Baker, d\u00f8de 74 \u00e5r gammel.<\/p>\n<p>September<\/p>\n<p>Modist og hattekunstner Mona Strand, som blant annet skapte hatter for dronning Sonja og kronprinsesse Mette-Marit, d\u00f8de 60 \u00e5r gammel.<\/p>\n<p>S\u00f8rlandets visesanger og komponist Ivar B\u00f8ksle d\u00f8de 78 \u00e5r gammel.<\/p>\n<p>   <img decoding=\"async\" width=\"4896\" height=\"3264\" fetchpriority=\"low\"  loading=\"lazy\"  src=\"https:\/\/www.europesays.com\/no\/wp-content\/uploads\/2026\/01\/NTB_eoxVO3DISrw.jpg\" alt=\"Oslo  20110823.&#10;Forfatteren Roy Jacobsen fotografert p\u00e5 Cappelen Damm forlag tirsdag. Jacobsen er i h\u00f8st aktuell med boka \" anger=\"\" foto:=\"\" erlend=\"\" aas=\"\" ntb=\"\" class=\"brick-c-cFOWSL\" style=\"--brick-image-ratio: 4896 \/ 3264;\"\/><\/p>\n<p>      Forfatteren Roy Jacobsen gikk bort i oktober.<br \/>\n      Foto: Erlend Aas\n    <\/p>\n<p>  Oktober<\/p>\n<p>Forfatteren Roy Jacobsen, en av v\u00e5r tids mest anerkjente, prisbel\u00f8nte og leste forfattere, d\u00f8de bare 70 \u00e5r gammel, etter \u00e5 ha slitt med hjerteproblemer.<\/p>\n<p>Skuespilleren Jan Frostad d\u00f8de 75 \u00e5r gammel.<\/p>\n<p>Jorunn Kjellsby, skuespilleren kjent fra b\u00e5de teater og en rekke filmer \u2013 ikke minst av Wam &amp; Venner\u00f8d \u2013 d\u00f8de, 81 \u00e5r gammel.<\/p>\n<p>Den prisbel\u00f8nte forfatteren Liv K\u00f8ltzow d\u00f8de 80 \u00e5r gammel. S\u00e6rlig kjent for sitt tidlige feministiske st\u00e5sted, men sa selv hun skrev om tiden og bevisstheten.<\/p>\n<p>Henning Hagerup, forfatter, prisbel\u00f8nt kritiker og hyllet oversetter \u2013 ogs\u00e5 av Donald Duck-bladet i en \u00e5rrekke \u2013 d\u00f8de 66 \u00e5r gammel.<\/p>\n<p>Vidar L\u00f8nn-Arnesen, forkjemper for pop i NRK og han som sto bak storsuksesser som \u00abDa Capo!\u00bb og \u00abTi i skuddet\u00bb, d\u00f8de 85 \u00e5r gammel.<\/p>\n<p>Ingar Knudtsen, regnet som en av de fremste norske forfattere innen sjangrene science fiction og fantastisk litteratur, d\u00f8de 80 \u00e5r gammel.<\/p>\n<p>November<\/p>\n<p>Hege Newth, forfatter og tidligere generalsekret\u00e6r i Norsk PEN og festivalsjef for Bj\u00f8rnsonfestivalen, d\u00f8de \u2013 59 \u00e5r gammel.<\/p>\n<p>Kai Kiil, vokalist og frontfigur i det norske bandet Banana Airlines, gikk bort, 78 \u00e5r gammel.<\/p>\n<p>Pressemannen Trygve \u00abTrym\u00bb Moe d\u00f8de, 97 \u00e5r gammel. Han var tidligere leder for Norsk Journalistlag og administrativ redakt\u00f8r i NTB.<\/p>\n<p>Inger Teien, sanger og skuespiller i alt fra musikkteater via komedier til realistisk problemdramatikk, d\u00f8de 88 \u00e5r gammel.<\/p>\n<p>Den norske dirigenten og fagottisten Terje Boye Hansen gikk bort, 79 \u00e5r gammel.<\/p>\n<p>Revyskuespilleren, vokalisten og musikeren Dag Spantell, kjent for l\u00e5ten \u00abKjendisparty\u00bb, d\u00f8de 75 \u00e5r gammel.<\/p>\n<p>Desember<\/p>\n<p>Den kjente jazzanmelderen, journalist og forfatter Stein Kagge, 92 \u00e5r gammel.<\/p>\n","protected":false},"excerpt":{"rendered":"Dag Solstad (83), Ingvar Ambj\u00f8rnsen (69) og Roy Jacobsen (70), ruvende og folkekj\u00e6re skikkelser i norsk litteratur gjennom&hellip;\n","protected":false},"author":2,"featured_media":126309,"comment_status":"","ping_status":"","sticky":false,"template":"","format":"standard","meta":{"footnotes":""},"categories":[58],"tags":[6518,36,4787,71,410,30,28,29,1510,72],"class_list":{"0":"post-126308","1":"post","2":"type-post","3":"status-publish","4":"format-standard","5":"has-post-thumbnail","7":"category-underholdning","8":"tag-6518","9":"tag-art","10":"tag-dode","11":"tag-entertainment","12":"tag-kultur","13":"tag-no","14":"tag-norge","15":"tag-norway","16":"tag-story","17":"tag-underholdning"},"share_on_mastodon":{"url":"https:\/\/pubeurope.com\/@no\/115820337742685796","error":""},"_links":{"self":[{"href":"https:\/\/www.europesays.com\/no\/wp-json\/wp\/v2\/posts\/126308","targetHints":{"allow":["GET"]}}],"collection":[{"href":"https:\/\/www.europesays.com\/no\/wp-json\/wp\/v2\/posts"}],"about":[{"href":"https:\/\/www.europesays.com\/no\/wp-json\/wp\/v2\/types\/post"}],"author":[{"embeddable":true,"href":"https:\/\/www.europesays.com\/no\/wp-json\/wp\/v2\/users\/2"}],"replies":[{"embeddable":true,"href":"https:\/\/www.europesays.com\/no\/wp-json\/wp\/v2\/comments?post=126308"}],"version-history":[{"count":0,"href":"https:\/\/www.europesays.com\/no\/wp-json\/wp\/v2\/posts\/126308\/revisions"}],"wp:featuredmedia":[{"embeddable":true,"href":"https:\/\/www.europesays.com\/no\/wp-json\/wp\/v2\/media\/126309"}],"wp:attachment":[{"href":"https:\/\/www.europesays.com\/no\/wp-json\/wp\/v2\/media?parent=126308"}],"wp:term":[{"taxonomy":"category","embeddable":true,"href":"https:\/\/www.europesays.com\/no\/wp-json\/wp\/v2\/categories?post=126308"},{"taxonomy":"post_tag","embeddable":true,"href":"https:\/\/www.europesays.com\/no\/wp-json\/wp\/v2\/tags?post=126308"}],"curies":[{"name":"wp","href":"https:\/\/api.w.org\/{rel}","templated":true}]}}