{"id":126316,"date":"2026-01-01T14:45:30","date_gmt":"2026-01-01T14:45:30","guid":{"rendered":"https:\/\/www.europesays.com\/no\/126316\/"},"modified":"2026-01-01T14:45:30","modified_gmt":"2026-01-01T14:45:30","slug":"hendelser-trafikkulykker-angrep-politiet-med-stol","status":"publish","type":"post","link":"https:\/\/www.europesays.com\/no\/126316\/","title":{"rendered":"Hendelser, Trafikkulykker | Angrep politiet med stol"},"content":{"rendered":"\n<p>Klokken 04.15 rykket politiet ut til en privat adresse etter melding om en voldshendelse p\u00e5 en privatadresse.<\/p>\n<p>P\u00e5 stedet ble de m\u00f8tt av en utagerende mann i 50-\u00e5rene. Han gikk til angrep p\u00e5 politiet med en stol. <\/p>\n<p>Han ble p\u00e5grepet, og det viste seg han hadde ut\u00f8vd vold mot to kvinner som befant seg p\u00e5 adressen, samt ut\u00f8vd skadeverk p\u00e5 selve leiligheten.<\/p>\n<p>Mannen anmeldes, og settes i arresten. <\/p>\n<p>Kj\u00f8rte i en stubbe<\/p>\n<p>I tillegg, klokken 01.04, fikk n\u00f8detatene melding om en trafikkulykke der to personer var involvert. <\/p>\n<p>Operasjonsleder Marius Daffinrud Fosvold hos S\u00f8r-\u00d8st politidistrikt opplyser at en personbil hadde havnet utenfor veien og kollidert i en stubbe. <\/p>\n<p>Hele hendelsesforl\u00f8pet bak ulykken er ikke kjent, men de to personene som satt i bilen skal selv ha kommet seg ut av kj\u00f8ret\u00f8yet etter ulykken.<\/p>\n<p>De ble begge kj\u00f8rt til legevakt for en sjekk.<\/p>\n<p>Hendelsen skjedde p\u00e5 Vinbekkvegen i B\u00f8 i Midt-Telemark. <\/p>\n<p>Senere, klokken 03.28, fors\u00f8kte politiet \u00e5 stanse en bil for kontroll. Den stoppet ikke, og politiet mistet observasjon. <\/p>\n<p>Det tok ikke lenge f\u00f8r politiet politiet fant bilen igjen, den sto parkert ikke langt unna. <\/p>\n<p>F\u00f8reren fremsto beruset og tok pr\u00f8ver. Politiet oppretter sak.<\/p>\n","protected":false},"excerpt":{"rendered":"Klokken 04.15 rykket politiet ut til en privat adresse etter melding om en voldshendelse p\u00e5 en privatadresse. P\u00e5&hellip;\n","protected":false},"author":2,"featured_media":1273,"comment_status":"","ping_status":"","sticky":false,"template":"","format":"standard","meta":{"footnotes":""},"categories":[10],"tags":[36,20,21,24,25,15,168,22,23,626,13,30,28,29,14,16,1510,26,27,1100],"class_list":{"0":"post-126316","1":"post","2":"type-post","3":"status-publish","4":"format-standard","5":"has-post-thumbnail","7":"category-norge","8":"tag-art","9":"tag-breaking-news","10":"tag-breakingnews","11":"tag-featured-news","12":"tag-featurednews","13":"tag-headlines","14":"tag-hendelser","15":"tag-latest-news","16":"tag-latestnews","17":"tag-midt-telemark","18":"tag-news","19":"tag-no","20":"tag-norge","21":"tag-norway","22":"tag-nyheter","23":"tag-overskrifter","24":"tag-story","25":"tag-top-stories","26":"tag-topstories","27":"tag-trafikkulykker"},"share_on_mastodon":{"url":"https:\/\/pubeurope.com\/@no\/115820385183691328","error":""},"_links":{"self":[{"href":"https:\/\/www.europesays.com\/no\/wp-json\/wp\/v2\/posts\/126316","targetHints":{"allow":["GET"]}}],"collection":[{"href":"https:\/\/www.europesays.com\/no\/wp-json\/wp\/v2\/posts"}],"about":[{"href":"https:\/\/www.europesays.com\/no\/wp-json\/wp\/v2\/types\/post"}],"author":[{"embeddable":true,"href":"https:\/\/www.europesays.com\/no\/wp-json\/wp\/v2\/users\/2"}],"replies":[{"embeddable":true,"href":"https:\/\/www.europesays.com\/no\/wp-json\/wp\/v2\/comments?post=126316"}],"version-history":[{"count":0,"href":"https:\/\/www.europesays.com\/no\/wp-json\/wp\/v2\/posts\/126316\/revisions"}],"wp:featuredmedia":[{"embeddable":true,"href":"https:\/\/www.europesays.com\/no\/wp-json\/wp\/v2\/media\/1273"}],"wp:attachment":[{"href":"https:\/\/www.europesays.com\/no\/wp-json\/wp\/v2\/media?parent=126316"}],"wp:term":[{"taxonomy":"category","embeddable":true,"href":"https:\/\/www.europesays.com\/no\/wp-json\/wp\/v2\/categories?post=126316"},{"taxonomy":"post_tag","embeddable":true,"href":"https:\/\/www.europesays.com\/no\/wp-json\/wp\/v2\/tags?post=126316"}],"curies":[{"name":"wp","href":"https:\/\/api.w.org\/{rel}","templated":true}]}}