{"id":126317,"date":"2026-01-01T14:46:25","date_gmt":"2026-01-01T14:46:25","guid":{"rendered":"https:\/\/www.europesays.com\/no\/126317\/"},"modified":"2026-01-01T14:46:25","modified_gmt":"2026-01-01T14:46:25","slug":"det-ropes-og-skrikes","status":"publish","type":"post","link":"https:\/\/www.europesays.com\/no\/126317\/","title":{"rendered":"&#8211; Det ropes og skrikes"},"content":{"rendered":"<p>    Kort fortalt<\/p>\n<ul lang=\"nb-NO\">\n<li>Reaksjonene fra norske skil\u00f8pere var blandede etter det nye fem kilometer fellesstart heat-formatet p\u00e5 nytt\u00e5rsaften.<\/li>\n<li>Nettavisen-kommentator Ernst A. Lersveen mener nordmenn er for negative til nye formater og oppfordrer til \u00e5 gi dem en sjanse.<\/li>\n<li>Astrid \u00d8yre Slind og andre norske ut\u00f8vere uttrykte skepsis til formatet, mens amerikanske vinnere som Jessie Diggins likte lagf\u00f8lelsen i heatet.<\/li>\n<\/ul>\n<p class=\"italic ai-disclaimer\" data-lab-italic=\"italic\">Sammendraget er laget av ChatGPT og godkjent av Dagbladet.<\/p>\n<p>      Vis mer<br \/>\n      Vis mindre<\/p>\n<p>TOBLACH (Dagbladet): &#8211; Bare \u00e5 legge ned, sa Erik Valnes.<\/p>\n<p>&#8211; Et morsomt konsept, mente Harald \u00d8stberg Amundsen.\u00a0<\/p>\n<p>&#8211; Joker nord, sa Astrid \u00d8yre Slind.<\/p>\n<p> &#8211; Det er hvert fall umulig for publikum \u00e5 skj\u00f8nne, sa Emil Iversen.<\/p>\n<p>&#8211; Tullete \u00f8velse, mente Simen Hegstad Kr\u00fcger.<\/p>\n<p>        <img loading=\"lazy\" decoding=\"async\" src=\"https:\/\/www.europesays.com\/no\/wp-content\/uploads\/2026\/01\/83870717.webp.webp\" width=\"980\" height=\"559\" title=\"KOMMENTATOR: Nettavisens Ernst A. Lersveen har fulgt langrenn i mange, mange \u00e5r. Foto: Kristoffer L\u00f8k\u00e5s \/ Dagbladet\" alt=\"\" class=\"\" style=\"--aspect-ratio-image: 1.75; \"\/><\/p>\n<p>\n        KOMMENTATOR: Nettavisens Ernst A. Lersveen har fulgt langrenn i mange, mange \u00e5r. Foto: Kristoffer L\u00f8k\u00e5s \/ Dagbladet\n    <\/p>\n<p>\u00abHuffameg\u00bb\t<\/p>\n<p>Reaksjonene haglet etter nyvinningen fem kilometer fellesstart heat p\u00e5 nytt\u00e5rsaften. Med ut\u00f8vere fordelt i fire forskjellige heat hadde plasseringen i m\u00e5l egentlig ingenting \u00e5 si. Alt handlet om tid.\u00a0<\/p>\n<p>Johannes H\u00f8sflot Kl\u00e6bo vant sitt heat, men ble nummer 12 totalt.\u00a0<\/p>\n<p>    <a itemprop=\"url\" href=\"https:\/\/www.dagbladet.no\/sport\/reagerer-umulig-for-publikum\/84032682\" rel=\"nofollow noopener\" target=\"_blank\"><\/p>\n<p>        <img loading=\"lazy\" decoding=\"async\" src=\"https:\/\/www.europesays.com\/no\/wp-content\/uploads\/2026\/01\/84041904.webp.webp\" width=\"980\" height=\"441\" title=\"Reagerer: - Umulig for publikum\" alt=\"\" class=\"lazyload\" style=\"--aspect-ratio-image: 2.22; \"\/><\/p>\n<p>        Reagerer: &#8211; Umulig for publikum<\/p>\n<p>    <\/a><\/p>\n<p class=\"font-weight-bold m-font-weight-bold\" data-lab-font_weight=\"font-weight-bold\">Det var noen f\u00e5 nordmenn som likte dette, men de fleste var alts\u00e5 ganske s\u00e5 kritiske. De mener tida til ut\u00f8veren avhenger helt av hva slags heat man havner i.<\/p>\n<p>Det fikk Nettavisens Ernst A. Lersveen til \u00e5 rykke ut p\u00e5 <a href=\"https:\/\/www.nettavisen.no\/norsk-debatt\/norsk-skisport-imot-alt-klager-pa-alt\/o\/5-95-2803186\" rel=\"nofollow noopener\" target=\"_blank\">kommentatorplass<\/a> onsdag.\u00a0\u00abHuffameg som nordmenn p\u00e5 ski klager!\u00bb skrev han.<\/p>\n<p>    Fakta: Tour de Ski, 4. etappe, herrer<\/p>\n<p>1. Gus Schumacher (USA) 9:35.4<\/p>\n<p>2. Benjamin Moser (\u00d8sterrike) +0.2<\/p>\n<p>3. Lars Heggen (Norge) +0.6<\/p>\n<p>4. Jules Chappaz (Frankrike) +0.7<\/p>\n<p>5. James Clugnet (Storbritannia) +0.7<\/p>\n<p>6. Michal Novak (Tsjekkia) +5.4<\/p>\n<p>7. Niilo Moilanen (Finland) +6.0<\/p>\n<p>8. Emil Iversen (Norge) +7.1<\/p>\n<p>9. Andreas Fjorden Ree (Norge) +7.2<\/p>\n<p>10. Richard Jouve (Frankrike) +8.4<\/p>\n<p>      Vis mer<br \/>\n      Vis mindre<\/p>\n<p>&#8211; Befriende\t<\/p>\n<p>Dagbladet ber ham utdype:<\/p>\n<p>&#8211;\u00a0For det f\u00f8rste synes jeg det var kult med noe annet enn 10 km. Jeg syns langrenn bare har blitt 10 km i fristil eller klassisk, s\u00e5 det var befriende med noe annet. Jeg er ikke mer patriot enn at jeg syns det er hyggelig at det dukker opp andre nasjoner enn Norge. <\/p>\n<p>P\u00e5 herresida var det sju ulike nasjoner topp sju. Vanligvis dominerer Norge de \u00f8verste plassene.<\/p>\n<p class=\"font-weight-bold m-font-weight-bold\" data-lab-font_weight=\"font-weight-bold\">&#8211; Jeg h\u00f8rer ogs\u00e5 at det ropes og skrikes om at det er urettferdig med ulike heat. Det er det i sprintstafetter og andre stafetter ogs\u00e5. Hvordan skal vi f\u00e5 alt til \u00e5 bli likt? Mener disse nordmennene som klager og syter at det er rettferdig n\u00e5r de har bedre kunnskap om ski og sm\u00f8ring? Er det rettferdig? <\/p>\n<p>\u00abDet kan godt hende\u00bb, erkjenner Heidi Weng p\u00e5 sp\u00f8rsm\u00e5l fra Nettavisen om det er typisk norsk \u00e5 v\u00e6re negativ til nye formater.<\/p>\n<p>        <img loading=\"lazy\" decoding=\"async\" src=\"https:\/\/www.europesays.com\/no\/wp-content\/uploads\/2026\/01\/84044170.webp.webp\" width=\"980\" height=\"559\" title=\"REAKSJONENE HAGLET: Heidi Weng og resten av de norske ut\u00f8verne var delte i sine meninger om nyvinningen. Foto: Terje Pedersen \/ NTB\" alt=\"\" class=\"\" style=\"--aspect-ratio-image: 1.75; \"\/><\/p>\n<p>\n        REAKSJONENE HAGLET: Heidi Weng og resten av de norske ut\u00f8verne var delte i sine meninger om nyvinningen. Foto: Terje Pedersen \/ NTB\n    <\/p>\n<p>&#8211; Vi er redde om vi behersker det nye\t<\/p>\n<p>Tilbake til Lersveen:<\/p>\n<p>&#8211;\u00a0I det \u00f8yeblikket de f\u00e5r til riktig grafikk og tid p\u00e5 alle heat underveis, n\u00e5r det blir enda tydeligere, blir dette kjempekult. Jeg synes det er viktig \u00e5 v\u00e6re \u00e5pen for forandring og pr\u00f8ve nye ting. Tour de Ski er det rette stedet \u00e5 gj\u00f8re det. Jeg sier ikke at det var perfekt, men det var spennende og mye action, sier Nettavisen-kommentatoren og fortsetter:<\/p>\n<p>&#8211;\u00a0Det er en tendens til at vi nordmenn er skeptiske til forandring. Vi er redde for om vi behersker det nye. Det gjelder skisport i ti\u00e5r etter ti\u00e5r. Vi har blitt vant til at vi er altfor suverene. Jeg skrev det, og det st\u00e5r jeg ved: Vi nordmenn har en egen evne til \u00e5 sutre og klage. Vi m\u00e5 la ting f\u00e5 en sjanse. Begynn med det, og s\u00e5 f\u00e5r det evalueres. Hvis du g\u00e5r inn med en negativ innstilling, blir det kjedelig for deg. <\/p>\n<p>        LANGRENN: Det er ikke alltid like lett \u00e5 ha kontroll p\u00e5 ski og staver, selv om du er profesjonell. Video: @Fridakarlsson\/Wimt: Frida Karlsson\/NTB, S\u00f8r\u00f8 Olsen\/Dagbladet TV-sporten<\/p>\n<p>Slind: &#8211; Kjedelig\t<\/p>\n<p class=\"font-weight-normal m-font-weight-normal\" data-lab-font_weight=\"font-weight-normal\">Astrid \u00d8yre Slind, beste norske kvinne p\u00e5 en 12.-plass, og nevnte Weng tenker at Tour de Ski er feil sted \u00e5 teste ut et slikt format &#8211; motsatt av Lersveen som mener det er en ypperlig anledning.<\/p>\n<p>Slind forsikrer om at hun ikke er imot noe nytt, selv om hun omtalte det som \u00abjoker nord\u00bb tirsdag:<\/p>\n<p>&#8211; Jeg kunne gjerne hatt det i vanlig verdenscup. Men det er kjedelig for sammendraget i en Tour at det har noe \u00e5 si. For nesten alle nordmenn som er med \u00e5 kjempe i et sammendrag, s\u00e5 vet du at det har s\u00e5 mye \u00e5 si hvem du er i gruppe med. Da blir du litt skeptisk, fordi du f\u00f8ler at det kan \u00f8delgge touren selv om du er sterk selv. Du konkurrerer p\u00e5 ulike vilk\u00e5r. <\/p>\n<p>        SETTER FYR: Janteloppet p\u00e5 Hafjell skrotet kvinneklassen p\u00e5 40 kilometer. N\u00e5 fyrer landslagsstjerne Astrid \u00d8yre Slind l\u00f8s, og brenner startnummeret. Video: Instagram\/@astridoslind<\/p>\n<p>Etter l\u00f8pet kommer Karoline Simpson-Larsen og Julie Bjervig Drivenes i tospann i intervjusonen. De gikk begge i heat 4.<\/p>\n<p class=\"italic m-italic\" data-lab-italic=\"italic\">&#8211; Likte dere formatet?<\/p>\n<p>&#8211; Nei &#8230;<\/p>\n<p>&#8211; Nei!<\/p>\n<p>Begge ler godt.<\/p>\n<p>&#8211; Jeg tror ikke det handler om at vi er norske, sier Drivenes p\u00e5 sp\u00f8rsm\u00e5l om at det fremst\u00e5r som at utlendingene liker dette langt bedre enn nordmennene.<\/p>\n<p>&#8211; Man har null kontroll p\u00e5 hvordan man ligger an. Jeg g\u00e5r i m\u00e5l som nummer to, men jeg har ikke peiling p\u00e5 hvor fort jeg g\u00e5r i forhold til resten, sier Simpson-Larsen.\u00a0<\/p>\n<p>        FLAU: Kristin Austgulen Fosn\u00e6s og Astrid \u00d8yre Slind snikfilmes i kulissene. Video: L\u00f8k\u00e5s\/Haarstad<\/p>\n<p>Avfeier negativ stemning\t<\/p>\n<p>Hun ble alts\u00e5 18 totalt etter \u00e5 ha g\u00e5tt som nummer to i m\u00e5l i det fjerde og siste heatet.<\/p>\n<p>&#8211; Jeg syns ikke folk g\u00e5r rundt og syter, sier Drivenes.<\/p>\n<p>    <a itemprop=\"url\" href=\"https:\/\/www.dagbladet.no\/sport\/stormet-vekk-disket\/84043903\" rel=\"nofollow noopener\" target=\"_blank\"><\/p>\n<p>        <img loading=\"lazy\" decoding=\"async\" src=\"https:\/\/www.europesays.com\/no\/wp-content\/uploads\/2026\/01\/84043914.webp.webp\" width=\"980\" height=\"441\" title=\"Stormet vekk: Disket\" alt=\"\" class=\"lazyload\" style=\"--aspect-ratio-image: 2.22; \"\/><\/p>\n<p>         Stormet vekk: Disket<\/p>\n<p>    <\/a><\/p>\n<p>&#8211; Men i mediene s\u00e5 bryr de seg som regel om den ene setningen som sies om disse tingene. I norske medier ser det ut som vi klager mye, men innad syns jeg det ikke var noen negativ stemning. Folk var spente p\u00e5 nytt format.\u00a0<\/p>\n<p>Det ble amerikansk seier p\u00e5 herre- og kvinnesida takket v\u00e6re Gus Schumacher og Jessie Diggins. Spesielt f\u00f8rstnevnte hadde gitt bra med penger om du hadde spilt.<\/p>\n<p>Diggins trekker fram lagf\u00f8lelsen i heatet og syns det var artig \u00e5 samarbeide seg fram mot m\u00e5l.\u00a0<\/p>\n<p>        <img loading=\"lazy\" decoding=\"async\" src=\"https:\/\/www.europesays.com\/no\/wp-content\/uploads\/2026\/01\/84044656.webp.webp\" width=\"980\" height=\"559\" title=\"INGEN D\u00c5RLIG STEMNING: - Folk var spente p\u00e5 nytt format, sier Julie Bjervig Drivenes.Foto: Terje Pedersen \/ NTB\" alt=\"\" class=\"\" style=\"--aspect-ratio-image: 1.75; \"\/><\/p>\n<p>\n        INGEN D\u00c5RLIG STEMNING: &#8211; Folk var spente p\u00e5 nytt format, sier Julie Bjervig Drivenes.Foto: Terje Pedersen \/ NTB\n    <\/p>\n<p>Hun forst\u00e5r likevel kritikken som kommer fra Norge, og enkelte andre utlendinger som Federico Pellegrino og Iivo Niskanen.<\/p>\n<p>&#8211; Distansel\u00f8peren i meg \u00f8nsket at dette skulle v\u00e6re en individuell start, mens sprinteren i meg tenkte\u00a0\u00abkult\u00bb! S\u00e5 jeg forst\u00e5r begge sider av det og at alle ikke liker alle formater, sier Diggins til Dagbladet.<\/p>\n<p>    Tour de Ski-sammendraget:<\/p>\n<p>Herrer:<\/p>\n<p>1) Kl\u00e6bo 33.30 minutter, 2) Heggen 0.45 min. bak, 3) Amundsen 0.57, 4) Moser 0.59, 5) Stenshagen 1.01, 6) Schumacher 1.09. <\/p>\n<p>Kvinner:<\/p>\n<p>1) Diggins 38.36 minutter, 2) Slind 0.50 min. bak, 3) Ilar 1.00, 4) Dahlqvist 1.11, 5) Stadlober 1.14, 6) Emma Ribom 1.21. <\/p>\n<p>      Vis mer<br \/>\n      Vis mindre<\/p>\n","protected":false},"excerpt":{"rendered":"Kort fortalt Reaksjonene fra norske skil\u00f8pere var blandede etter det nye fem kilometer fellesstart heat-formatet p\u00e5 nytt\u00e5rsaften. Nettavisen-kommentator&hellip;\n","protected":false},"author":2,"featured_media":126318,"comment_status":"","ping_status":"","sticky":false,"template":"","format":"standard","meta":{"footnotes":""},"categories":[5],"tags":[20,21,4694,24,25,15,19,398,22,23,17,18,13,30,28,29,14,16,83,26,27,12662],"class_list":{"0":"post-126317","1":"post","2":"type-post","3":"status-publish","4":"format-standard","5":"has-post-thumbnail","7":"category-overskrifter","8":"tag-breaking-news","9":"tag-breakingnews","10":"tag-ernst-a-lersveen","11":"tag-featured-news","12":"tag-featurednews","13":"tag-headlines","14":"tag-hovedoppslag","15":"tag-langrenn","16":"tag-latest-news","17":"tag-latestnews","18":"tag-main-news","19":"tag-mainnews","20":"tag-news","21":"tag-no","22":"tag-norge","23":"tag-norway","24":"tag-nyheter","25":"tag-overskrifter","26":"tag-sport","27":"tag-top-stories","28":"tag-topstories","29":"tag-tour-de-ski"},"share_on_mastodon":{"url":"https:\/\/pubeurope.com\/@no\/115820389272203676","error":""},"_links":{"self":[{"href":"https:\/\/www.europesays.com\/no\/wp-json\/wp\/v2\/posts\/126317","targetHints":{"allow":["GET"]}}],"collection":[{"href":"https:\/\/www.europesays.com\/no\/wp-json\/wp\/v2\/posts"}],"about":[{"href":"https:\/\/www.europesays.com\/no\/wp-json\/wp\/v2\/types\/post"}],"author":[{"embeddable":true,"href":"https:\/\/www.europesays.com\/no\/wp-json\/wp\/v2\/users\/2"}],"replies":[{"embeddable":true,"href":"https:\/\/www.europesays.com\/no\/wp-json\/wp\/v2\/comments?post=126317"}],"version-history":[{"count":0,"href":"https:\/\/www.europesays.com\/no\/wp-json\/wp\/v2\/posts\/126317\/revisions"}],"wp:featuredmedia":[{"embeddable":true,"href":"https:\/\/www.europesays.com\/no\/wp-json\/wp\/v2\/media\/126318"}],"wp:attachment":[{"href":"https:\/\/www.europesays.com\/no\/wp-json\/wp\/v2\/media?parent=126317"}],"wp:term":[{"taxonomy":"category","embeddable":true,"href":"https:\/\/www.europesays.com\/no\/wp-json\/wp\/v2\/categories?post=126317"},{"taxonomy":"post_tag","embeddable":true,"href":"https:\/\/www.europesays.com\/no\/wp-json\/wp\/v2\/tags?post=126317"}],"curies":[{"name":"wp","href":"https:\/\/api.w.org\/{rel}","templated":true}]}}