{"id":126319,"date":"2026-01-01T14:47:31","date_gmt":"2026-01-01T14:47:31","guid":{"rendered":"https:\/\/www.europesays.com\/no\/126319\/"},"modified":"2026-01-01T14:47:31","modified_gmt":"2026-01-01T14:47:31","slug":"roper-detaljer-dagbladet","status":"publish","type":"post","link":"https:\/\/www.europesays.com\/no\/126319\/","title":{"rendered":"R\u00f8per detaljer &#8211; Dagbladet"},"content":{"rendered":"<ol>\n<li><a href=\"https:\/\/news.google.com\/rss\/articles\/CBMiZEFVX3lxTFBlaEp2MVdlRkNaOVFpZDlkUnpzVGZBbllNNE5aUmE5bDFfNHFQQnk4Z2I0OUFFaFliMVNvMnRvRE1YZks5VW1vRVEyUG9SbkVUUndTX2p4YXoxamZMd1pYU0k5aHY?oc=5\" target=\"_blank\" rel=\"nofollow noopener\">R\u00f8per detaljer<\/a>&nbsp;&nbsp;Dagbladet<\/li>\n<li><a href=\"https:\/\/news.google.com\/rss\/articles\/CBMijwFBVV95cUxNaXBpVFBGQ2NUalR3ZUMtSjJLTlBfTTVDaGRtNTJBbVNVWjl1NTBCTElXeGVrQ191ZlhzYnZSUTUzeHJkZmlGUlFnbmRmTWFxNW5CcHVyS2FmY3dyQnZnVWhrX3d3cVpDOEF5RFNOWEdWSVVURUVWRUxEdmJOcjRKVFQ5b1dYWkgyQzFDVmJUSQ?oc=5\" target=\"_blank\" rel=\"nofollow noopener\">Sportsstudio &#8211; Haaland avsl\u00f8rer at han \u00f8nsker seg britisk pass: \u2013 Hadde elsket det<\/a>&nbsp;&nbsp;Stavanger Aftenblad<\/li>\n<li><a href=\"https:\/\/news.google.com\/rss\/articles\/CBMijwFBVV95cUxPM0R3SmM0Z0xkLTBLMzFteUdpT2xBVFpKRmRkanphUEJJQW1HWlFYQTlHMjNBV3ppa2VSU0ZHYk1YejNLalZnRUc2aDI4X2FQZm03TkROeWkxdEhQRzRLaXZWelpETFhueVlfaEM2dmFiZ2pUZWFTcDNmMGdOcUtZbHdTUlp5RjhQc0lWUkNTRQ?oc=5\" target=\"_blank\" rel=\"nofollow noopener\">Haaland tar ansvar for motgangen: \u2013 Min jobb \u00e5 ta klubben tilbake<\/a>&nbsp;&nbsp;433.no<\/li>\n<li><a href=\"https:\/\/news.google.com\/rss\/articles\/CBMixAFBVV95cUxPYnZxd3Y2N254UE1ZaXNkclhUOE03YjVqd0o4RFNPQmxCTV9TX1FMT1pNV00zbEZaczFtZkFRM2owdEFiSTVKLWc1M3JlOHBZOW12YmVrc1ZLTlhJam8tOGpzYk5rZUNvbFZtUmoyeWstbXpEeUZ5VEVsN2N2UjJqT2gwRjV1WVRMTVU3VHdfWkVxT1BQWFU0aXk2eGctTnFXWGVFRTYzb1UzbGRqbFIwbS04UFlnLTJqLVZGTzVkcldfYlZw?oc=5\" target=\"_blank\" rel=\"nofollow noopener\">Haaland avsl\u00f8rer at han \u00f8nsker seg engelsk pass: \u2013 Hadde elsket det<\/a>&nbsp;&nbsp;MSN<\/li>\n<li><a href=\"https:\/\/news.google.com\/rss\/articles\/CBMitwFBVV95cUxQYWxDMWNvTHhILXFiOTVtcHNMS1d5OFlSb1YyX2VCdmVHa2JxVjRQZHl6amY5U1ljTFdBREdpMWdQSGhpcUd4MkJfUGlicXN2aVJ3aFpFUFNrRzlsZFp0Y2tqb3l6MTZ0REtLeGthdVFnZ3VOdlRwaHBodURJN0VkRHpIVlo2cGoxMlBndkNDZFZPaTQ4NjhNQTVydDZTRmk0UGpiZzhJUW16TElxZkk4dVgzS3p0UjA?oc=5\" target=\"_blank\" rel=\"nofollow noopener\">(+) Haaland avsl\u00f8rer at han \u00f8nsker seg engelsk pass: \u2013 Hadde elsket det<\/a>&nbsp;&nbsp;folkebladet.no<\/li>\n<\/ol>\n","protected":false},"excerpt":{"rendered":"R\u00f8per detaljer&nbsp;&nbsp;Dagbladet Sportsstudio &#8211; Haaland avsl\u00f8rer at han \u00f8nsker seg britisk pass: \u2013 Hadde elsket det&nbsp;&nbsp;Stavanger Aftenblad Haaland&hellip;\n","protected":false},"author":2,"featured_media":126320,"comment_status":"","ping_status":"","sticky":false,"template":"","format":"standard","meta":{"footnotes":""},"categories":[59],"tags":[810,92,671,30,28,29,83,82],"class_list":{"0":"post-126319","1":"post","2":"type-post","3":"status-publish","4":"format-standard","5":"has-post-thumbnail","7":"category-sport","8":"tag-erling-braut-haaland","9":"tag-fotball","10":"tag-manchester-city","11":"tag-no","12":"tag-norge","13":"tag-norway","14":"tag-sport","15":"tag-sports"},"share_on_mastodon":{"url":"https:\/\/pubeurope.com\/@no\/115820392764418113","error":""},"_links":{"self":[{"href":"https:\/\/www.europesays.com\/no\/wp-json\/wp\/v2\/posts\/126319","targetHints":{"allow":["GET"]}}],"collection":[{"href":"https:\/\/www.europesays.com\/no\/wp-json\/wp\/v2\/posts"}],"about":[{"href":"https:\/\/www.europesays.com\/no\/wp-json\/wp\/v2\/types\/post"}],"author":[{"embeddable":true,"href":"https:\/\/www.europesays.com\/no\/wp-json\/wp\/v2\/users\/2"}],"replies":[{"embeddable":true,"href":"https:\/\/www.europesays.com\/no\/wp-json\/wp\/v2\/comments?post=126319"}],"version-history":[{"count":0,"href":"https:\/\/www.europesays.com\/no\/wp-json\/wp\/v2\/posts\/126319\/revisions"}],"wp:featuredmedia":[{"embeddable":true,"href":"https:\/\/www.europesays.com\/no\/wp-json\/wp\/v2\/media\/126320"}],"wp:attachment":[{"href":"https:\/\/www.europesays.com\/no\/wp-json\/wp\/v2\/media?parent=126319"}],"wp:term":[{"taxonomy":"category","embeddable":true,"href":"https:\/\/www.europesays.com\/no\/wp-json\/wp\/v2\/categories?post=126319"},{"taxonomy":"post_tag","embeddable":true,"href":"https:\/\/www.europesays.com\/no\/wp-json\/wp\/v2\/tags?post=126319"}],"curies":[{"name":"wp","href":"https:\/\/api.w.org\/{rel}","templated":true}]}}