{"id":126333,"date":"2026-01-01T15:01:08","date_gmt":"2026-01-01T15:01:08","guid":{"rendered":"https:\/\/www.europesays.com\/no\/126333\/"},"modified":"2026-01-01T15:01:08","modified_gmt":"2026-01-01T15:01:08","slug":"suspenderer-hele-landslaget-etter-afrikamesterskapet","status":"publish","type":"post","link":"https:\/\/www.europesays.com\/no\/126333\/","title":{"rendered":"Suspenderer hele landslaget etter Afrikamesterskapet"},"content":{"rendered":"\n<p class=\"_lead_o9xde_2 _lead_xtcu6_50 layout-component text-serif-m layout-normal text-serif-l layout-component layout-wide layout-padded _wide_17hqh_1 layout-padded\">Gabon tapte alle kampene i Afrikamesterskapet. N\u00e5 er landslaget oppl\u00f8st &#8211; og den st\u00f8rste stjernen sparket.<\/p>\n<p><img alt=\"Pierre-Emerick Aubameyang har spilt sin siste landskamp.  Foto: FRANCK FIFE \/ AFP \/ NTB\" class=\"_image_qp4xg_65 layout-component layout-wide\" data-fullscreen- data-track-element-type=\"Article image fullscreen\" data-track-name=\"ImageFullscreen\" fetchpriority=\"high\" decoding=\"sync\" loading=\"eager\" height=\"2813\" itemprop=\"image\"  src=\"https:\/\/www.europesays.com\/no\/wp-content\/uploads\/2026\/01\/78799dfc-0698-4ada-9490-412a6c7d10b3.jpeg\"  style=\"object-position:0% 0%\" width=\"4220\"\/>Pierre-Emerick Aubameyang har spilt sin siste landskamp.  Foto: FRANCK FIFE \/ AFP \/ NTB<\/p>\n<ul aria-hidden=\"true\" class=\"_images_ntbth_112\">\n<li><a class=\"_link_ntbth_117\" href=\"https:\/\/www.vg.no\/forfatter\/andreas-hopen\" style=\"z-index:1\" title=\"Andreas Hopen\" rel=\"nofollow noopener\" target=\"_blank\"><img alt=\"Bilde av Andreas Hopen\" class=\"_image_ntbth_93\" fetchpriority=\"low\" loading=\"lazy\" decoding=\"async\" itemprop=\"image\"  src=\"https:\/\/www.europesays.com\/no\/wp-content\/uploads\/2026\/01\/8d697287-ea03-4d54-ab67-6d65b82629eb.jpeg\"  width=\"480\"\/><\/a><\/li>\n<\/ul>\n<p> Oppdatert torsdag 1. januar kl. 15:46    <\/p>\n<ul class=\"_list_o9xde_3 _list_64s2r_85 _unordered_o9xde_106 text-sans-m\">\n<li class=\"_item_o9xde_30\">Gabon tapte alle kampene i Afrikamesterskapet og forsvant ut uten poeng.<\/li>\n<li class=\"_item_o9xde_30\">Regjeringen har besluttet \u00e5 oppl\u00f8se trenerteamet og suspendere landslaget p\u00e5 ubestemt tid.<\/li>\n<li class=\"_item_o9xde_30\">Aubameyang og Ecuele Manga er utelukket fra landslaget.<\/li>\n<\/ul>\n<p>Vis mer <\/p>\n<p class=\"_paragraph_o9xde_4 _paragraph_xtcu6_10 layout-component text-serif-m layout-normal text-serif-m layout-padded\">Det har landets regjering(!) vedtatt, if\u00f8lge <a href=\"https:\/\/www.reuters.com\/sports\/soccer\/gabon-government-sack-aubameyang-national-team-2026-01-01\/?taid=695675b2f6b710000197f53a&amp;utm_campaign=trueAnthem:+Trending+Content&amp;utm_medium=trueAnthem&amp;utm_source=twitter\" class=\"_link_o9xde_39\" rel=\"nofollow noopener\" target=\"_blank\">Reuters<\/a>.<\/p>\n<p class=\"_paragraph_o9xde_4 _paragraph_xtcu6_10 layout-component text-serif-m layout-normal text-serif-m layout-padded\">P\u00e5 2025s siste dag tapte Gabon 2\u20133 mot Elfenbenskysten og forsvant ut av mesterskapet uten ett eneste poeng. Da fikk statsapparatet nok.<\/p>\n<p class=\"_paragraph_o9xde_4 _paragraph_xtcu6_10 layout-component text-serif-m layout-normal text-serif-m layout-padded\">\u2013 Etter Panternes skammelige innsats i Afrikamesterskapet har regjeringen besluttet \u00e5 oppl\u00f8se trenerteamet, suspendere landslaget p\u00e5 ubestemt tid og utelukke spillerne Bruno Ecuele Manga (37) og Pierre-Emerick Aubameyang (36), uttalte fungerende idrettsminister Simplice-Desire Mamboula etter 3-2-tapet mot Elfenbenskysten i Marrakech onsdag.<\/p>\n<ul class=\"_list_o9xde_3 _list_xtcu6_9 _unordered_o9xde_106 layout-component text-serif-m layout-normal text-serif-m layout-padded\">\n<li class=\"_item_o9xde_30\"><strong class=\"_strong_o9xde_25\">L\u00f8rdag starter \u00e5ttedelsfinalene i Afrikamesterskapet. Kampene ser du p\u00e5 VG med <a href=\"https:\/\/tv.vg.no\/video\/350513\/attedelsfinale-i-afrikamesterskapet\" class=\"_link_o9xde_39\" rel=\"nofollow noopener\" target=\"_blank\">VG+ Sport<\/a><\/strong><\/li>\n<\/ul>\n<p class=\"_paragraph_o9xde_4 _paragraph_xtcu6_10 layout-component text-serif-m layout-normal text-serif-m layout-padded\">Ecuele Manga har flest landskamper i landets historie. Aubameyang er tidenes toppscorer med 39 fulltreffere. Den tidligere Arsenal- og Barcelona-spissen skiftet fra fransk til gabonsk statsborgerskap i 2009.<\/p>\n<p class=\"_paragraph_o9xde_4 _paragraph_xtcu6_10 layout-component text-serif-m layout-normal text-serif-m layout-padded\">Hverken Aubameyang eller Ecuele Manga spilte onsdagens kamp. F\u00f8rstnevnte var ute med en skade og hadde allerede reist tilbake til klubben sin.<\/p>\n<p class=\"_paragraph_o9xde_4 _paragraph_xtcu6_10 layout-component text-serif-m layout-normal text-serif-m layout-padded\">\u2013 Jeg tror lagets problemer er mye dypere enn den lille personen jeg er, kommenterte den tidligere Arsenal-spissen p\u00e5 <a href=\"https:\/\/x.com\/Auba\/status\/2006468888612286509\" class=\"_link_o9xde_39\" rel=\"nofollow\">X<\/a> etter \u00e5 ha blitt ekskludert fra landslaget.<\/p>\n","protected":false},"excerpt":{"rendered":"Gabon tapte alle kampene i Afrikamesterskapet. N\u00e5 er landslaget oppl\u00f8st &#8211; og den st\u00f8rste stjernen sparket. Pierre-Emerick Aubameyang&hellip;\n","protected":false},"author":2,"featured_media":126334,"comment_status":"","ping_status":"","sticky":false,"template":"","format":"standard","meta":{"footnotes":""},"categories":[59],"tags":[12926,92,30,28,29,83,82],"class_list":{"0":"post-126333","1":"post","2":"type-post","3":"status-publish","4":"format-standard","5":"has-post-thumbnail","7":"category-sport","8":"tag-afrikamesterskapet-i-fotball","9":"tag-fotball","10":"tag-no","11":"tag-norge","12":"tag-norway","13":"tag-sport","14":"tag-sports"},"share_on_mastodon":{"url":"https:\/\/pubeurope.com\/@no\/115820447991578090","error":""},"_links":{"self":[{"href":"https:\/\/www.europesays.com\/no\/wp-json\/wp\/v2\/posts\/126333","targetHints":{"allow":["GET"]}}],"collection":[{"href":"https:\/\/www.europesays.com\/no\/wp-json\/wp\/v2\/posts"}],"about":[{"href":"https:\/\/www.europesays.com\/no\/wp-json\/wp\/v2\/types\/post"}],"author":[{"embeddable":true,"href":"https:\/\/www.europesays.com\/no\/wp-json\/wp\/v2\/users\/2"}],"replies":[{"embeddable":true,"href":"https:\/\/www.europesays.com\/no\/wp-json\/wp\/v2\/comments?post=126333"}],"version-history":[{"count":0,"href":"https:\/\/www.europesays.com\/no\/wp-json\/wp\/v2\/posts\/126333\/revisions"}],"wp:featuredmedia":[{"embeddable":true,"href":"https:\/\/www.europesays.com\/no\/wp-json\/wp\/v2\/media\/126334"}],"wp:attachment":[{"href":"https:\/\/www.europesays.com\/no\/wp-json\/wp\/v2\/media?parent=126333"}],"wp:term":[{"taxonomy":"category","embeddable":true,"href":"https:\/\/www.europesays.com\/no\/wp-json\/wp\/v2\/categories?post=126333"},{"taxonomy":"post_tag","embeddable":true,"href":"https:\/\/www.europesays.com\/no\/wp-json\/wp\/v2\/tags?post=126333"}],"curies":[{"name":"wp","href":"https:\/\/api.w.org\/{rel}","templated":true}]}}