{"id":126337,"date":"2026-01-01T15:06:32","date_gmt":"2026-01-01T15:06:32","guid":{"rendered":"https:\/\/www.europesays.com\/no\/126337\/"},"modified":"2026-01-01T15:06:32","modified_gmt":"2026-01-01T15:06:32","slug":"lave-brant-ned-i-loten-i-innlandet-travel-natt-for-politiet-nyttarsaften-nrk-innlandet-lokale-nyheter-tv-og-radio","status":"publish","type":"post","link":"https:\/\/www.europesays.com\/no\/126337\/","title":{"rendered":"L\u00e5ve brant ned i L\u00f8ten i Innlandet \u2013 travel natt for politiet nytt\u00e5rsaften \u2013 NRK Innlandet \u2013 Lokale nyheter, TV og radio"},"content":{"rendered":"<p>Ved 21-tiden nytt\u00e5rsaften fikk politiet melding om brann i L\u00f8ten.<\/p>\n<p>\u2013 L\u00e5ven, samt en del kj\u00f8ret\u00f8yer, ansees som tapt, opplyste politiet i Innlandet.<\/p>\n<p>Brannvesenet klarte \u00e5 hindre spredning til et bolighus, som l\u00e5 f\u00e5 meter unna den brennende l\u00e5ven.<\/p>\n<p>Et par h\u00f8ner mistet derimot livet i brannen. Brannen ble oppdaget av en forbipasserende, som fikk varslet eier.<\/p>\n<p>Brannen ble slukket i l\u00f8pet av natten.\n<\/p>\n<p>Se video av brannen i L\u00f8ten p\u00e5 nytt\u00e5rsaften. <\/p>\n<p>Fyrverkeri veltet mot hus<\/p>\n<p>Politiet i Innlandet har hatt en travel natt. Ved 04-tiden natt til 1. nytt\u00e5rsdag hadde politiet h\u00e5ndtert rundt 80 ulike oppdrag.<\/p>\n<p><strong>\u2013 Det har v\u00e6rt en travel natt for politiet i Innlandet. Det har v\u00e6rt ordensforstyrrelser, noen mindre branntill\u00f8p rundt noens resultat av fyrverkeri, sier operasjonsleder Per Solberg hos politiet i Innlandet til NRK.<\/strong><\/p>\n<p>I Ringebu tok et kj\u00f8ret\u00f8y fyr etter at et fyrverkeribatteri ble avfyrt. \u00c9n person fikk brannskader p\u00e5 hendene, og \u00e9n person er avh\u00f8rt som mistenkt.\n<\/p>\n<p><img decoding=\"async\"   src=\"data:image\/gif;base64,R0lGODlhAQABAIAAAAAAAP\/\/\/yH5BAEAAAAALAAAAAABAAEAAAIBRAA7\" loading=\"eager\" alt=\"Brann i L\u00f8ten\" title=\"Foto: Petter Aamodt \/ NTB\"\/><\/p>\n<p class=\"\">I L\u00f8ten brant noen h\u00f8ner inne i en l\u00e5ve. L\u00e5ven er nedbrent.<\/p>\n<p>Foto: Petter Aamodt \/ NTB<\/p>\n<p>P\u00e5 Raufoss veltet et fyrverkeri og skj\u00f8t mot et hus, noe som f\u00f8rte til at gresset tok fyr. Huset ble ikke skadet.<\/p>\n<p>Det er ikke meldt om alvorlige personskader eller st\u00f8rre materielle skader som f\u00f8lge av brann.<\/p>\n<p>Flere ble evakuert i Hemsedal<\/p>\n<p>Det var ikke bare i Innlandet det br\u00f8t ut brann. Blant annet ble 36 personer evakuert etter at det br\u00f8t ut <a href=\"https:\/\/www.nrk.no\/nyheter\/36-evakuert-etter-brann-i-leilighetsbygg-1.17710699\" target=\"_blank\" ec-id=\"pp:article:1.17710699\" ec-name=\"brann i et leilighetsbygg i Hemsedal\" rel=\"nofollow noopener\">brann i et leilighetsbygg i Hemsedal<\/a>.<\/p>\n<p>Brannvesenet fikk kontroll p\u00e5 brannen klokken 22.45 i g\u00e5r kveld, men en periode var det fare for spredning til andre leiligheter.<\/p>\n<p>I Time i Rogaland tok det fyr i en plasthall. If\u00f8lge politiet skal ungdommer med firhjulinger ha fyrt av raketter innend\u00f8rs i hallen. Brannen ble raskt slukket.<\/p>\n<p><img decoding=\"async\"   src=\"data:image\/gif;base64,R0lGODlhAQABAIAAAAAAAP\/\/\/yH5BAEAAAAALAAAAAABAAEAAAIBRAA7\" loading=\"eager\" alt=\"Brann i L\u00f8ten\" title=\"Foto: Petter Aamodt \/ NTB\"\/><\/p>\n<p class=\"\">Brannvesenet slukket brannen i L\u00f8ten p\u00e5 nytt\u00e5rsaften. De har ogs\u00e5 hatt en travel natt. Det har v\u00e6rt flere sm\u00e5 branntill\u00f8p som f\u00f8lge av fyrverkeri.<\/p>\n<p>Foto: Petter Aamodt \/ NTB<\/p>\n<p>Kl. 03.37 rykket politi og brannvesen ut til et hotell p\u00e5 Beitost\u00f8len.<\/p>\n<p>En vannslange skal ha blitt brukt inne, noe som ga vannskader. Politiet mistenker skadeverk og har startet etterforskning<\/p>\n<p>Les mer:<\/p>\n<p>Publisert<\/p>\n<p>01.01.2026, kl. 08.21<\/p>\n<p>Oppdatert<\/p>\n<p>01.01.2026, kl. 08.59<\/p>\n","protected":false},"excerpt":{"rendered":"Ved 21-tiden nytt\u00e5rsaften fikk politiet melding om brann i L\u00f8ten. \u2013 L\u00e5ven, samt en del kj\u00f8ret\u00f8yer, ansees som&hellip;\n","protected":false},"author":2,"featured_media":126338,"comment_status":"","ping_status":"","sticky":false,"template":"","format":"standard","meta":{"footnotes":""},"categories":[10],"tags":[20,21,24,25,15,22,23,13,30,28,29,14,16,26,27],"class_list":{"0":"post-126337","1":"post","2":"type-post","3":"status-publish","4":"format-standard","5":"has-post-thumbnail","7":"category-norge","8":"tag-breaking-news","9":"tag-breakingnews","10":"tag-featured-news","11":"tag-featurednews","12":"tag-headlines","13":"tag-latest-news","14":"tag-latestnews","15":"tag-news","16":"tag-no","17":"tag-norge","18":"tag-norway","19":"tag-nyheter","20":"tag-overskrifter","21":"tag-top-stories","22":"tag-topstories"},"share_on_mastodon":{"url":"https:\/\/pubeurope.com\/@no\/115820467866604410","error":""},"_links":{"self":[{"href":"https:\/\/www.europesays.com\/no\/wp-json\/wp\/v2\/posts\/126337","targetHints":{"allow":["GET"]}}],"collection":[{"href":"https:\/\/www.europesays.com\/no\/wp-json\/wp\/v2\/posts"}],"about":[{"href":"https:\/\/www.europesays.com\/no\/wp-json\/wp\/v2\/types\/post"}],"author":[{"embeddable":true,"href":"https:\/\/www.europesays.com\/no\/wp-json\/wp\/v2\/users\/2"}],"replies":[{"embeddable":true,"href":"https:\/\/www.europesays.com\/no\/wp-json\/wp\/v2\/comments?post=126337"}],"version-history":[{"count":0,"href":"https:\/\/www.europesays.com\/no\/wp-json\/wp\/v2\/posts\/126337\/revisions"}],"wp:featuredmedia":[{"embeddable":true,"href":"https:\/\/www.europesays.com\/no\/wp-json\/wp\/v2\/media\/126338"}],"wp:attachment":[{"href":"https:\/\/www.europesays.com\/no\/wp-json\/wp\/v2\/media?parent=126337"}],"wp:term":[{"taxonomy":"category","embeddable":true,"href":"https:\/\/www.europesays.com\/no\/wp-json\/wp\/v2\/categories?post=126337"},{"taxonomy":"post_tag","embeddable":true,"href":"https:\/\/www.europesays.com\/no\/wp-json\/wp\/v2\/tags?post=126337"}],"curies":[{"name":"wp","href":"https:\/\/api.w.org\/{rel}","templated":true}]}}