{"id":126341,"date":"2026-01-01T15:08:10","date_gmt":"2026-01-01T15:08:10","guid":{"rendered":"https:\/\/www.europesays.com\/no\/126341\/"},"modified":"2026-01-01T15:08:10","modified_gmt":"2026-01-01T15:08:10","slug":"kristine-stavas-skistad-tour-de-ski","status":"publish","type":"post","link":"https:\/\/www.europesays.com\/no\/126341\/","title":{"rendered":"Kristine Stav\u00e5s Skistad, Tour de Ski"},"content":{"rendered":"\n<p>   <img decoding=\"async\" width=\"1500\" height=\"440\" fetchpriority=\"low\"  loading=\"lazy\"  src=\"https:\/\/www.europesays.com\/no\/wp-content\/uploads\/2026\/01\/1767280089_64_tour+de+ski+byline+simen+l%C3%B8nning+sjur+tveito.jpg\" alt=\"\" class=\"brick-c-cFOWSL\" style=\"--brick-image-ratio: 1500 \/ 440;\"\/><\/p>\n<p>TOBLACH (<a href=\"https:\/\/www.nettavisen.no\/sport\/slakter-kristine-stavas-skistad-oppforsel\/s\/5-95-2803927\" rel=\"Follow nofollow noopener\" target=\"_blank\">Nettavisen<\/a>): \u2013 Vi f\u00e5r v\u00e6re glade vi fortsatt er med, sier Stav\u00e5s Skistad etter den fjerde etappen av Tour de ski.<\/p>\n<p>P\u00e5 1. nytt\u00e5rsdags 20 kilometer jaktstart i Toblach herjet Jessie Diggins i front, mens Skistad slet helt sist i l\u00f8ypa.<\/p>\n<p>Hun kom til slutt i m\u00e5l som nummer 69 av 69 l\u00f8pere, hele 14 minutter og elleve sekunder bak Diggins, og hun ligger alts\u00e5 helt sist i sammendraget i Tour de ski.<\/p>\n<p>Underveis i rennet fryktet Skistad \u00e5 bli tatt igjen med en runde av Diggins, noe som ville betydd at hun ikke hadde f\u00e5tt fortsette i Tour de ski.<\/p>\n<p>\u2013 Det s\u00e5 stygt ut en periode der n\u00e5r jeg kjente hvordan jeg f\u00f8lte meg. Men heldigvis f\u00e5r vi g\u00e5 videre, s\u00e5 vi f\u00e5r v\u00e6re glad for det, sier Skistad til Nettavisen.<\/p>\n<p><b>Les ogs\u00e5: <a href=\"https:\/\/www.nettavisen.no\/sport\/millioner-av-nordmenn-gjor-dette-feil\/s\/5-95-2803203\" rel=\"Follow nofollow noopener\" target=\"_blank\">Millioner av nordmenn gj\u00f8r dette: \u2013 Feil<\/a><\/b><\/p>\n<p>Angrep fra Sverige<\/p>\n<p>Konnerud-jenta klarte alts\u00e5 \u00e5 unng\u00e5 \u00e5 bli tatt igjen, og n\u00e5r faren var over valgte hun \u00e5 ta det usedvanlig rolig p\u00e5 sisterunden.<\/p>\n<p>NRK sine kommentatorer mente det s\u00e5 ut som Skistad gikk en s\u00f8ndagstur p\u00e5 de siste hundre meterne av l\u00f8pet. Ogs\u00e5 noen av l\u00f8perne fikk med seg Skistads \u00abstunt\u00bb.<\/p>\n<p>   <img decoding=\"async\" width=\"5064\" height=\"3376\" fetchpriority=\"low\"  loading=\"lazy\"  src=\"https:\/\/www.europesays.com\/no\/wp-content\/uploads\/2026\/01\/NTB_dv_9nflbu2o.jpg\" alt=\"Toblach, Italia 20260101. &#10;Kristine Stav\u00e5s Skistad i m\u00e5l etter 20 km jaktstart klassisk for kvinner i Tour de ski.&#10;Foto: Terje Pedersen \/ NTB\" class=\"brick-c-cFOWSL\" style=\"--brick-image-ratio: 5064 \/ 3376;\"\/><\/p>\n<p>Den svenske l\u00f8peren Moa Lundgren er ikke noe fan av at Skistad valgte \u00e5 ta det s\u00e5 rolig mot slutten av 20-kilometeren, og dermed havne s\u00e5 langt bak.<\/p>\n<p>\u2013 Jeg kunne ikke ha gjort det og levd med det. Jeg ville ha v\u00e6rt for skuffet over meg selv hvis jeg hadde ligget s\u00e5 langt bak, sier hun.<\/p>\n<p>Svenske <a href=\"https:\/\/www.expressen.se\/sport\/langdskidor\/norska-fiaskot-stavas-skistad-sist-av-alla\/\" rel=\"Follow nofollow noopener\" target=\"_blank\">Expressen<\/a> beskriver det som et angrep p\u00e5 den norske langrennsprofilen.<\/p>\n<p>Skistad sier selv at hun gjorde det for \u00e5 spare krefter til l\u00f8rdagens sprint i Val di Fiemme.<\/p>\n<p>\u2013 P\u00e5 sisterunden var det bare \u00e5 ta det pent s\u00e5nn at jeg kan st\u00e5 p\u00e5 beina de neste dagene, sier hun etter l\u00f8pet.<\/p>\n<p><b>Les ogs\u00e5: <a href=\"https:\/\/www.nettavisen.no\/sport\/frida-karlsson-forklarer-de-blodige-bildene\/s\/5-95-2803316\" rel=\"Follow nofollow noopener\" target=\"_blank\">Karlsson forklarer de blodige bildene<\/a><\/b><\/p>\n<p>Tunge dager i Toblach<\/p>\n<p>Skistad har nemlig langt h\u00f8yere forventninger til den klassiske sprinten enn det hun har f\u00e5tt til p\u00e5 distanserennene i Toblach.<\/p>\n<p>De litt lengre skirennene har g\u00e5tt mye tyngre enn Skistad h\u00e5pte p\u00e5.<\/p>\n<p>\u2013 Noen dager fungerer ingenting, og det er egentlig s\u00e5nn det har v\u00e6rt p\u00e5 alle disse distanserennene. Jeg skj\u00f8nner ikke helt hva som skjer. Talentl\u00f8s p\u00e5 alt annet enn sprint, sier hun.<\/p>\n<p>F\u00f8r sprinten i Val di Fiemme venter en etterlengtet hviledag fredag. L\u00f8rdagens sprint starter med prolog klokken 12.15 og finaleheatene starter klokken 14.45.<\/p>\n","protected":false},"excerpt":{"rendered":"TOBLACH (Nettavisen): \u2013 Vi f\u00e5r v\u00e6re glade vi fortsatt er med, sier Stav\u00e5s Skistad etter den fjerde etappen&hellip;\n","protected":false},"author":2,"featured_media":126342,"comment_status":"","ping_status":"","sticky":false,"template":"","format":"standard","meta":{"footnotes":""},"categories":[59],"tags":[36,10648,794,30,28,29,83,82,1510,12662],"class_list":{"0":"post-126341","1":"post","2":"type-post","3":"status-publish","4":"format-standard","5":"has-post-thumbnail","7":"category-sport","8":"tag-art","9":"tag-konnerud","10":"tag-kristine-stavas-skistad","11":"tag-no","12":"tag-norge","13":"tag-norway","14":"tag-sport","15":"tag-sports","16":"tag-story","17":"tag-tour-de-ski"},"share_on_mastodon":{"url":"https:\/\/pubeurope.com\/@no\/115820475552983310","error":""},"_links":{"self":[{"href":"https:\/\/www.europesays.com\/no\/wp-json\/wp\/v2\/posts\/126341","targetHints":{"allow":["GET"]}}],"collection":[{"href":"https:\/\/www.europesays.com\/no\/wp-json\/wp\/v2\/posts"}],"about":[{"href":"https:\/\/www.europesays.com\/no\/wp-json\/wp\/v2\/types\/post"}],"author":[{"embeddable":true,"href":"https:\/\/www.europesays.com\/no\/wp-json\/wp\/v2\/users\/2"}],"replies":[{"embeddable":true,"href":"https:\/\/www.europesays.com\/no\/wp-json\/wp\/v2\/comments?post=126341"}],"version-history":[{"count":0,"href":"https:\/\/www.europesays.com\/no\/wp-json\/wp\/v2\/posts\/126341\/revisions"}],"wp:featuredmedia":[{"embeddable":true,"href":"https:\/\/www.europesays.com\/no\/wp-json\/wp\/v2\/media\/126342"}],"wp:attachment":[{"href":"https:\/\/www.europesays.com\/no\/wp-json\/wp\/v2\/media?parent=126341"}],"wp:term":[{"taxonomy":"category","embeddable":true,"href":"https:\/\/www.europesays.com\/no\/wp-json\/wp\/v2\/categories?post=126341"},{"taxonomy":"post_tag","embeddable":true,"href":"https:\/\/www.europesays.com\/no\/wp-json\/wp\/v2\/tags?post=126341"}],"curies":[{"name":"wp","href":"https:\/\/api.w.org\/{rel}","templated":true}]}}