{"id":126356,"date":"2026-01-01T15:30:27","date_gmt":"2026-01-01T15:30:27","guid":{"rendered":"https:\/\/www.europesays.com\/no\/126356\/"},"modified":"2026-01-01T15:30:27","modified_gmt":"2026-01-01T15:30:27","slug":"advarer-mot-glatte-veier-i-sor-norge-smp-no","status":"publish","type":"post","link":"https:\/\/www.europesays.com\/no\/126356\/","title":{"rendered":"Advarer mot glatte veier i S\u00f8r-Norge &#8211; smp.no"},"content":{"rendered":"<ol>\n<li><a href=\"https:\/\/news.google.com\/rss\/articles\/CBMifkFVX3lxTFBRUUpWaVVhNl9RZHVVcFV4YUxSSTQ2V1RoVW1BY2ZsdHFpV1FrMXlXVXNhWTVXZjhUU0V5QmtmVmVMOE43aVlqamhFNEFKUWNKT2E4aldQY01LMEVSZ1ZRS3FESmp6TVNGZ21YalFrMVdPOTJhV3hLWUdNU09RQQ?oc=5\" target=\"_blank\" rel=\"nofollow noopener\">Advarer mot glatte veier i S\u00f8r-Norge<\/a>&nbsp;&nbsp;smp.no<\/li>\n<li><a href=\"https:\/\/news.google.com\/rss\/articles\/CBMivwFBVV95cUxOZFVOTVRabVhUTHhza3Y0S0pJaTFQV1NRYmJ5ZmhfcGY1TkRjVmQ2RkFLM0YzWm1rWHJpcTdQOTkzLUhGOVdfY2s2Tzl5cHp0U01DY2taLUtxVUhIenlkRHN5NmwwaGNsYnJFY25WY09zMHZTZ21hZ1VXaTNrQkxlZW9fY25vQXRoN3BvSjFRajRPRTltelMtTGxCNFIweUltb202aDRmZnN6ZmJfVkNVaGs3MkN0M0JURGFiazRZNA?oc=5\" target=\"_blank\" rel=\"nofollow noopener\">V\u00e6r, Glatt veibane | Skal du ut og kj\u00f8re? Ta det med ro: \u2013 Etter hvert vil det ogs\u00e5 legge seg litt sn\u00f8 opp\u00e5 glatta<\/a>&nbsp;&nbsp;T\u00f8nsbergs Blad<\/li>\n<li><a href=\"https:\/\/news.google.com\/rss\/articles\/CBMisgFBVV95cUxQbnBSX2JOZ2NwdklxSXlHWVZpbjFFT01WWk5qbnhEbmVxMmJpdWlEUEFubWN1NjVZWjhmcEVTbC1FR09BMk45dmFXel9wTUM1cnB1eC16MGlpVEM4dkJYNk83T1ZmNW83QktVdnVMRGpfelhoQ0cxa2R0OXhkdTFyeXFTazV1dHZ0VFVEel91QTFHd24welVLelU4Ym1hM0ppMFYtRVBaMG44NF85Zkc3Q213?oc=5\" target=\"_blank\" rel=\"nofollow noopener\">\u2013 Det kan bli verre i kveld, sier Siver<\/a>&nbsp;&nbsp;Bergens Tidende<\/li>\n<li><a href=\"https:\/\/news.google.com\/rss\/articles\/CBMihgFBVV95cUxPem02SFh4WjNsd1hoOE8wbS1WMkJCSGtpb2JPWWVKalRvMk9rNk1kYUxCaUhxWDFZUm9YMEU4U3RPWkl6NmpVcDRZWi1zalUwLVM5a2tKOERabWV4bk40TnBSS3R1OXpnTjFKeWtwWlFqRWNXSkV5TEg4ZmNYZHVBSzdZQ3ZTdw?oc=5\" target=\"_blank\" rel=\"nofollow noopener\">Fredrikstad sentrum, V\u00e6r | Sv\u00e6rt glatte veier den f\u00f8rste morgenen i 2026<\/a>&nbsp;&nbsp;Fredriksstad Blad<\/li>\n<li><a href=\"https:\/\/news.google.com\/rss\/articles\/CBMilgFBVV95cUxNcWppTHNoLWc5UE5DRU5UZjh3azRXOFE0akRMMWI2NG5BcGpSUFFxbUljR3EtZWpMODJWR243QTNfekI1TERma3NFTlJKZVlwTnNvQzRPQkZudllRcEdyYXpGZkVPZUlHVVhkMzgtMDRCWHQzekhWX2hsVmYxSlFHQzdMa04xZWlQc0RjazNkVTRhNFdWVWc?oc=5\" target=\"_blank\" rel=\"nofollow noopener\">Balestrand | Vinterf\u00f8re p\u00e5 fleire vegar: \u2013 Det har vore litt klager<\/a>&nbsp;&nbsp;Sogn Avis<\/li>\n<\/ol>\n","protected":false},"excerpt":{"rendered":"Advarer mot glatte veier i S\u00f8r-Norge&nbsp;&nbsp;smp.no V\u00e6r, Glatt veibane | Skal du ut og kj\u00f8re? Ta det med&hellip;\n","protected":false},"author":2,"featured_media":126357,"comment_status":"","ping_status":"","sticky":false,"template":"","format":"standard","meta":{"footnotes":""},"categories":[10],"tags":[20,21,24,25,15,22,23,13,30,28,29,14,16,26,27],"class_list":{"0":"post-126356","1":"post","2":"type-post","3":"status-publish","4":"format-standard","5":"has-post-thumbnail","7":"category-norge","8":"tag-breaking-news","9":"tag-breakingnews","10":"tag-featured-news","11":"tag-featurednews","12":"tag-headlines","13":"tag-latest-news","14":"tag-latestnews","15":"tag-news","16":"tag-no","17":"tag-norge","18":"tag-norway","19":"tag-nyheter","20":"tag-overskrifter","21":"tag-top-stories","22":"tag-topstories"},"share_on_mastodon":{"url":"https:\/\/pubeurope.com\/@no\/115820561867273950","error":""},"_links":{"self":[{"href":"https:\/\/www.europesays.com\/no\/wp-json\/wp\/v2\/posts\/126356","targetHints":{"allow":["GET"]}}],"collection":[{"href":"https:\/\/www.europesays.com\/no\/wp-json\/wp\/v2\/posts"}],"about":[{"href":"https:\/\/www.europesays.com\/no\/wp-json\/wp\/v2\/types\/post"}],"author":[{"embeddable":true,"href":"https:\/\/www.europesays.com\/no\/wp-json\/wp\/v2\/users\/2"}],"replies":[{"embeddable":true,"href":"https:\/\/www.europesays.com\/no\/wp-json\/wp\/v2\/comments?post=126356"}],"version-history":[{"count":0,"href":"https:\/\/www.europesays.com\/no\/wp-json\/wp\/v2\/posts\/126356\/revisions"}],"wp:featuredmedia":[{"embeddable":true,"href":"https:\/\/www.europesays.com\/no\/wp-json\/wp\/v2\/media\/126357"}],"wp:attachment":[{"href":"https:\/\/www.europesays.com\/no\/wp-json\/wp\/v2\/media?parent=126356"}],"wp:term":[{"taxonomy":"category","embeddable":true,"href":"https:\/\/www.europesays.com\/no\/wp-json\/wp\/v2\/categories?post=126356"},{"taxonomy":"post_tag","embeddable":true,"href":"https:\/\/www.europesays.com\/no\/wp-json\/wp\/v2\/tags?post=126356"}],"curies":[{"name":"wp","href":"https:\/\/api.w.org\/{rel}","templated":true}]}}