{"id":126358,"date":"2026-01-01T15:40:30","date_gmt":"2026-01-01T15:40:30","guid":{"rendered":"https:\/\/www.europesays.com\/no\/126358\/"},"modified":"2026-01-01T15:40:30","modified_gmt":"2026-01-01T15:40:30","slug":"kjendis-nyttar-dette-er-kjendisenes-nyttarsforsetter-romerikes-blad","status":"publish","type":"post","link":"https:\/\/www.europesays.com\/no\/126358\/","title":{"rendered":"Kjendis, Nytt\u00e5r | Dette er kjendisenes nytt\u00e5rsforsetter &#8211; Romerikes Blad"},"content":{"rendered":"<ol>\n<li><a href=\"https:\/\/news.google.com\/rss\/articles\/CBMiekFVX3lxTE9OTGQwZG5oRVRnWkozdldYRkQ3R3B5OVV0TnhicXM5QmFfMTMyQllnaW1UWTE2SFdjVVVBRnpYNndCQ2tGWHQ5TzhTeDc2bVduN2ltempiNFNnczBVaGhlclRPS2pEMU10LWh0MjRoRlAxX0I2R2NPTTVR?oc=5\" target=\"_blank\" rel=\"nofollow noopener\">Kjendis, Nytt\u00e5r | Dette er kjendisenes nytt\u00e5rsforsetter<\/a>&nbsp;&nbsp;Romerikes Blad<\/li>\n<li><a href=\"https:\/\/news.google.com\/rss\/articles\/CBMijAFBVV95cUxQOGYzTlIzWkQ1TGw1VHVrQjhwem5wS0M4eC1UV3hIX2J4T091Vzd6MzFjMEJ4Q0I3akloNDZaV2EwM1o1aGtJTV9IZHVMNkJ2T25jREgwYVY5V05NX25TTEYyUEJvREJwT0pCVElhajN4bk1uaTNCZmJoMEE2NkxrQnFKV3RBLUtoRkZzOQ?oc=5\" target=\"_blank\" rel=\"nofollow noopener\">Skien, Nytt\u00e5rsforsett | &#8211; Jeg vil tenke mer p\u00e5 det som er st\u00f8rre enn meg selv<\/a>&nbsp;&nbsp;Telemarksavisa<\/li>\n<li><a href=\"https:\/\/news.google.com\/rss\/articles\/CBMitwFBVV95cUxQTWtOZUxaT1Q2YWdVSGwyQlMwQ0NLOTF5U0tXdDlhUWdRMkppUkxpUDg3dk5KbGZMT0ltbkpveHp1RVlWaVFJZGFBNG52TWRsTTRyYkJaaTJ5Y0FpTDVEUUJ0aklXbThGQzRpZV90VTVsV3Flc2R0Z3lBMjNKRHFHVEVHenB3cHVwcm9VUUdENm5henFFTnU4SGFNRlNJdjFwLW5PYUp6YWxOLUF4UU1MWlVHZ3FtSkU?oc=5\" target=\"_blank\" rel=\"nofollow noopener\">Kjendisenes nytt\u00e5rsforsetter: \u2013 Lover \u00e5 ikke v\u00e6re utro i 2026<\/a>&nbsp;&nbsp;Nettavisen<\/li>\n<li><a href=\"https:\/\/news.google.com\/rss\/articles\/CBMiiwFBVV95cUxPVlVyUjdxb0g0ZDVLbHN0WWZKZXU0WU1MT09ldFJmOEtHbEcyTVVJczhrR1N6bmlmR0V4dmU4ZERtUmZ1bllMMV9ham5YeGVoN3ppdndFRjZnMU1iVG1GcnZjRkN2MzZDbkVOWkxVVURjWEhjLTJ6ZGs3MkNHUTBIUkl4NXJVb0tlZ1ow?oc=5\" target=\"_blank\" rel=\"nofollow noopener\">Dette \u00f8nskjer folk i \u00c5lesund \u00e5 f\u00e5 til i \u00e5ret som kjem<\/a>&nbsp;&nbsp;smp.no<\/li>\n<li><a href=\"https:\/\/news.google.com\/rss\/articles\/CBMirAFBVV95cUxNekZQQWp3YXlKVEw4dFNON1dNQjJ4V2gyU2dKbFEtS1FySHRqUllIUF9iTXhock8taXBpdVJKMnVMa0YtMmNFTUxwcTc1NzhvSUNWZzJCWi1UbzBUMzNvSmVMUnBOWlVLX3JGd0FHaFZYbFpzckNiT3pqMFZrOG5EY19HMWw3d1dKdE9tNXlLV2FwbC1SZkx3bkI4bFdaelNLOEszeGxQd0pwMDJa?oc=5\" target=\"_blank\" rel=\"nofollow noopener\">\u2013 Gleder meg til \u00e5 r\u00f8pe mer<\/a>&nbsp;&nbsp;agderposten.no<\/li>\n<\/ol>\n","protected":false},"excerpt":{"rendered":"Kjendis, Nytt\u00e5r | Dette er kjendisenes nytt\u00e5rsforsetter&nbsp;&nbsp;Romerikes Blad Skien, Nytt\u00e5rsforsett | &#8211; Jeg vil tenke mer p\u00e5 det&hellip;\n","protected":false},"author":2,"featured_media":126359,"comment_status":"","ping_status":"","sticky":false,"template":"","format":"standard","meta":{"footnotes":""},"categories":[10],"tags":[20,21,24,25,15,22,23,13,30,28,29,14,16,26,27],"class_list":{"0":"post-126358","1":"post","2":"type-post","3":"status-publish","4":"format-standard","5":"has-post-thumbnail","7":"category-norge","8":"tag-breaking-news","9":"tag-breakingnews","10":"tag-featured-news","11":"tag-featurednews","12":"tag-headlines","13":"tag-latest-news","14":"tag-latestnews","15":"tag-news","16":"tag-no","17":"tag-norge","18":"tag-norway","19":"tag-nyheter","20":"tag-overskrifter","21":"tag-top-stories","22":"tag-topstories"},"share_on_mastodon":{"url":"https:\/\/pubeurope.com\/@no\/115820601216263034","error":""},"_links":{"self":[{"href":"https:\/\/www.europesays.com\/no\/wp-json\/wp\/v2\/posts\/126358","targetHints":{"allow":["GET"]}}],"collection":[{"href":"https:\/\/www.europesays.com\/no\/wp-json\/wp\/v2\/posts"}],"about":[{"href":"https:\/\/www.europesays.com\/no\/wp-json\/wp\/v2\/types\/post"}],"author":[{"embeddable":true,"href":"https:\/\/www.europesays.com\/no\/wp-json\/wp\/v2\/users\/2"}],"replies":[{"embeddable":true,"href":"https:\/\/www.europesays.com\/no\/wp-json\/wp\/v2\/comments?post=126358"}],"version-history":[{"count":0,"href":"https:\/\/www.europesays.com\/no\/wp-json\/wp\/v2\/posts\/126358\/revisions"}],"wp:featuredmedia":[{"embeddable":true,"href":"https:\/\/www.europesays.com\/no\/wp-json\/wp\/v2\/media\/126359"}],"wp:attachment":[{"href":"https:\/\/www.europesays.com\/no\/wp-json\/wp\/v2\/media?parent=126358"}],"wp:term":[{"taxonomy":"category","embeddable":true,"href":"https:\/\/www.europesays.com\/no\/wp-json\/wp\/v2\/categories?post=126358"},{"taxonomy":"post_tag","embeddable":true,"href":"https:\/\/www.europesays.com\/no\/wp-json\/wp\/v2\/tags?post=126358"}],"curies":[{"name":"wp","href":"https:\/\/api.w.org\/{rel}","templated":true}]}}