{"id":126360,"date":"2026-01-01T15:42:08","date_gmt":"2026-01-01T15:42:08","guid":{"rendered":"https:\/\/www.europesays.com\/no\/126360\/"},"modified":"2026-01-01T15:42:08","modified_gmt":"2026-01-01T15:42:08","slug":"norge-med-sitt-svakeste-nyttarshopprenn-pa-24-ar-alle-utenfor-topp-15","status":"publish","type":"post","link":"https:\/\/www.europesays.com\/no\/126360\/","title":{"rendered":"Norge med sitt svakeste nytt\u00e5rshopprenn p\u00e5 24 \u00e5r \u2013 alle utenfor topp 15"},"content":{"rendered":"\n<p class=\"_lead_o9xde_2 _lead_xtcu6_50 layout-component text-serif-m layout-normal text-serif-l layout-component layout-wide layout-padded _wide_17hqh_1 layout-padded\">Kristoffer Eriksen Sundal ble igjen beste norske i nytt\u00e5rshopprennet, men greide ikke \u00e5 unng\u00e5 at det ble et skrekkelig norsk resultat i Garmisch-Partenkirchen. <\/p>\n<p><img alt=\"Kristoffer Eriksen Sundal ble beste nordmann torsdag, men endte langt bak de beste.  Foto: Matthias Schrader \/ AP \/ NTB\" class=\"_image_qp4xg_65 layout-component layout-wide\" data-fullscreen- data-track-element-type=\"Article image fullscreen\" data-track-name=\"ImageFullscreen\" fetchpriority=\"high\" decoding=\"sync\" loading=\"eager\" height=\"2965\" itemprop=\"image\"  src=\"https:\/\/www.europesays.com\/no\/wp-content\/uploads\/2026\/01\/d286b3d9-0f3e-4b9f-9c91-f7a443612d47.png\"  style=\"object-position:0% 0%\" width=\"4448\"\/>Kristoffer Eriksen Sundal ble beste nordmann torsdag, men endte langt bak de beste.  Foto: Matthias Schrader \/ AP \/ NTB<\/p>\n<ul aria-hidden=\"true\" class=\"_images_ntbth_112\">\n<li><a class=\"_link_ntbth_117\" href=\"https:\/\/www.vg.no\/forfatter\/ntb\" style=\"z-index:1\" title=\"NTB\" rel=\"nofollow noopener\" target=\"_blank\"><img alt=\"Bilde av NTB\" class=\"_image_ntbth_93\" fetchpriority=\"low\" loading=\"lazy\" decoding=\"async\" itemprop=\"image\"  src=\"https:\/\/www.europesays.com\/no\/wp-content\/uploads\/2026\/01\/1767282128_25_c33980b0-5d07-4027-84a1-813f90a7c8d6.png\"  width=\"480\"\/><\/a><\/li>\n<\/ul>\n<p> Oppdatert torsdag 1. januar kl. 16:39     <\/p>\n<p class=\"_paragraph_o9xde_4 _paragraph_xtcu6_10 layout-component text-serif-m layout-normal text-serif-m layout-padded\">Sundal leverte to hopp 127,5 og 124 meter, som s\u00f8rget for 16.-plass p\u00e5 resultatlista. Han var sv\u00e6rt frustrert etterp\u00e5. Forholdene gjorde det ikke enkelt.<\/p>\n<p class=\"_paragraph_o9xde_4 _paragraph_xtcu6_10 layout-component text-serif-m layout-normal text-serif-m layout-padded\">\u2013 For helvete, da. Det er s\u00e5 mye fokus p\u00e5 utstyr med \u00abs\u00e5 mange millimeter der og s\u00e5 mange der\u00bb. Det er mye mer urettferdig de greiene her (forholdene). Det er veldig frustrerende og synd. Det var ikke helt maks hopping heller, men det g\u00e5r aldri, sa Sundal til Viaplay.<\/p>\n<p class=\"_paragraph_o9xde_4 _paragraph_xtcu6_10 layout-component text-serif-m layout-normal text-serif-m layout-padded\">\u2013 Det er vanskelig \u00e5 hoppe noe lenger enn 120 meter. Bakken er s\u00e5 flat i bunn, og jeg er ikke god nok til \u00e5 n\u00e5 den lengden jeg trenger. Jeg skulle \u00f8nske jeg fikk muligheten til \u00e5 vise hva jeg kan med litt roligere forhold, men det fikk jeg ikke i dag, la han til.<\/p>\n<p class=\"_paragraph_o9xde_4 _paragraph_xtcu6_10 layout-component text-serif-m layout-normal text-serif-m layout-padded\">Norge gjorde dermed sitt svakeste nytt\u00e5rshopprenn p\u00e5 24 \u00e5r.<\/p>\n<p class=\"_paragraph_o9xde_4 _paragraph_xtcu6_10 layout-component text-serif-m layout-normal text-serif-m layout-padded\">Halvor Egner Graneruds niendeplass i 2019 og Anders Bardals niendeplass i 2012 var Norges svakeste plasseringer siden skrekk\u00e5ret 2002. Da ble Bardal best p\u00e5 43.-plass.<\/p>\n<p class=\"_paragraph_o9xde_4 _paragraph_xtcu6_10 layout-component text-serif-m layout-normal text-serif-m layout-padded\">Slovenske Domen Prevc har v\u00e6rt i superform denne vinteren og fortsatte i samme spor i Garmisch. Han hadde ledelsen allerede etter 1. omgangen og s\u00f8rget for at ingen tok seg forbi i finaleomgangen. Hoppene var p\u00e5 143 og 141 meter foran 22.000 tilskuere.<\/p>\n<p class=\"_paragraph_o9xde_4 _paragraph_xtcu6_10 layout-component text-serif-m layout-normal text-serif-m layout-padded\">Prevc radet opp fem strake seire i desember. Sloveneren vant ogs\u00e5 \u00e5pningsrennet i <a href=\"https:\/\/www.vg.no\/tag\/hoppuka?utm_source=vg-article&amp;utm_medium=auto-tagger&amp;utm_campaign=43qgba\" class=\"_link_o9xde_39\" rel=\"nofollow noopener\" target=\"_blank\">hoppuka<\/a> i Oberstdorf. <\/p>\n<p>Svakt av de norske<\/p>\n<p class=\"_paragraph_o9xde_4 _paragraph_xtcu6_10 layout-component text-serif-m layout-normal text-serif-m layout-padded\">Robin Pedersen leverte to hopp p\u00e5 131,5 og 131, mens Johann Andr\u00e9 Forfang landet p\u00e5 130 meter to ganger p\u00e5 rad. Det endte med henholdsvis 17.- og 18.-plass for den norske duoen. <\/p>\n<p class=\"_paragraph_o9xde_4 _paragraph_xtcu6_10 layout-component text-serif-m layout-normal text-serif-m layout-padded\">Marius Lindvik landet p\u00e5 126,5 og 130,5 meter og tok 22.-plassen.<\/p>\n<p class=\"_paragraph_o9xde_4 _paragraph_xtcu6_10 layout-component text-serif-m layout-normal text-serif-m layout-padded\">Isak Andreas Langmo kom seg akkurat med til finaleomgangen. Han leverte et hopp p\u00e5 124 meter i 1. omgangen, men landet bare p\u00e5 112,5 meter i sitt andre hopp. Dermed ble det 29.-plass. <\/p>\n<p class=\"_paragraph_o9xde_4 _paragraph_xtcu6_10 layout-component text-serif-m layout-normal text-serif-m layout-padded\">Hoppuka fortsetter i Innsbruck, f\u00f8r den avsluttes i Bischofshofen 6. januar.<\/p>\n<p class=\"_paragraph_o9xde_4 _paragraph_xtcu6_10 layout-component text-serif-m layout-normal text-serif-m layout-padded\">Daniel Tschofenig fra \u00d8sterrike vant Hoppuka forrige sesong. Granerud er forrige nordmann som gikk til topps utgaven som ble arrangert i 2022\/23-sesongen. Triumfen blir ikke gjenskapt denne sesongen.<\/p>\n<p>Flere disk<\/p>\n<p class=\"_paragraph_o9xde_4 _paragraph_xtcu6_10 layout-component text-serif-m layout-normal text-serif-m layout-padded\">Granerud hoppet best av de norske i kvalifiseringen til det tradisjonsrike nytt\u00e5rshopprennet onsdag, men ble senere disket for ureglementert dress. Dermed fikk han ikke delta torsdag.<\/p>\n<p class=\"_paragraph_o9xde_4 _paragraph_xtcu6_10 layout-component text-serif-m layout-normal text-serif-m layout-padded\">Graneruds dress skal ha v\u00e6rt noen millimeter for kort i beina. Diskvalifikasjonen betyr at alt h\u00e5p om en god plassering sammenlagt ogs\u00e5 er ute for Granerud.<\/p>\n<p class=\"_paragraph_o9xde_4 _paragraph_xtcu6_10 layout-component text-serif-m layout-normal text-serif-m layout-padded\">Torsdag ble flere ut\u00f8vere disket under selve konkurransen. Den slovenske hoppstjernen Timi Zajc fikk en lei start p\u00e5 det nye \u00e5ret. I 1. omgangen ble det kjent at sloveneren hadde blitt disket for andre gang p\u00e5 f\u00e5 dager etter at det samme skjedde i konkurransen i Oberstdorf i romjula. <\/p>\n<p class=\"_paragraph_o9xde_4 _paragraph_xtcu6_10 layout-component text-serif-m layout-normal text-serif-m layout-padded\">To disk gir r\u00f8dt kort og Zajc er dermed suspendert resten av Hoppuka. <\/p>\n","protected":false},"excerpt":{"rendered":"Kristoffer Eriksen Sundal ble igjen beste norske i nytt\u00e5rshopprennet, men greide ikke \u00e5 unng\u00e5 at det ble et&hellip;\n","protected":false},"author":2,"featured_media":126361,"comment_status":"","ping_status":"","sticky":false,"template":"","format":"standard","meta":{"footnotes":""},"categories":[59],"tags":[12126,770,12661,12257,1489,1129,899,30,28,29,14572,83,82],"class_list":{"0":"post-126360","1":"post","2":"type-post","3":"status-publish","4":"format-standard","5":"has-post-thumbnail","7":"category-sport","8":"tag-halvor-egner-granerud","9":"tag-hopp","10":"tag-hoppuka","11":"tag-isak-andreas-langmo","12":"tag-johann-andre-forfang","13":"tag-kristoffer-eriksen-sundal","14":"tag-marius-lindvik","15":"tag-no","16":"tag-norge","17":"tag-norway","18":"tag-robin-pedersen","19":"tag-sport","20":"tag-sports"},"share_on_mastodon":{"url":"https:\/\/pubeurope.com\/@no\/115820609053448632","error":""},"_links":{"self":[{"href":"https:\/\/www.europesays.com\/no\/wp-json\/wp\/v2\/posts\/126360","targetHints":{"allow":["GET"]}}],"collection":[{"href":"https:\/\/www.europesays.com\/no\/wp-json\/wp\/v2\/posts"}],"about":[{"href":"https:\/\/www.europesays.com\/no\/wp-json\/wp\/v2\/types\/post"}],"author":[{"embeddable":true,"href":"https:\/\/www.europesays.com\/no\/wp-json\/wp\/v2\/users\/2"}],"replies":[{"embeddable":true,"href":"https:\/\/www.europesays.com\/no\/wp-json\/wp\/v2\/comments?post=126360"}],"version-history":[{"count":0,"href":"https:\/\/www.europesays.com\/no\/wp-json\/wp\/v2\/posts\/126360\/revisions"}],"wp:featuredmedia":[{"embeddable":true,"href":"https:\/\/www.europesays.com\/no\/wp-json\/wp\/v2\/media\/126361"}],"wp:attachment":[{"href":"https:\/\/www.europesays.com\/no\/wp-json\/wp\/v2\/media?parent=126360"}],"wp:term":[{"taxonomy":"category","embeddable":true,"href":"https:\/\/www.europesays.com\/no\/wp-json\/wp\/v2\/categories?post=126360"},{"taxonomy":"post_tag","embeddable":true,"href":"https:\/\/www.europesays.com\/no\/wp-json\/wp\/v2\/tags?post=126360"}],"curies":[{"name":"wp","href":"https:\/\/api.w.org\/{rel}","templated":true}]}}