{"id":126373,"date":"2026-01-01T15:57:20","date_gmt":"2026-01-01T15:57:20","guid":{"rendered":"https:\/\/www.europesays.com\/no\/126373\/"},"modified":"2026-01-01T15:57:20","modified_gmt":"2026-01-01T15:57:20","slug":"ma-trekke-i-bremsen","status":"publish","type":"post","link":"https:\/\/www.europesays.com\/no\/126373\/","title":{"rendered":"&#8211; M\u00e5 trekke i bremsen"},"content":{"rendered":"<p class=\"kicker \" style=\"\">Amundsen-alarm:<\/p>\n<p>  Harald \u00d8stberg Amundsen er klar for OL, men det g\u00e5r ikke p\u00e5 skinner fem uker f\u00f8r: &#8211; Jeg er veldig preget.<\/p>\n<p>\n    LUGGER: Harald \u00d8stberg Amundsen er plaget p\u00e5 rundt 1200 meters h\u00f8yde i Toblach. Foto: Terje Pedersen \/ NTB\n  <\/p>\n<p>TOBLACH (Dagbladet): Harald \u00d8stberg Amundsen ble bare nummer ni p\u00e5 jaktstarten p\u00e5 den fjerde av seks etapper i Tour de Ski.<\/p>\n<p>P\u00e5 den 2. etappen (10 kilometer klassisk) ble det en beskjeden 7. plass til ham \u00e5 v\u00e6re.<\/p>\n<p>Han er tatt ut til vinter-OL i likhet med Johannes H\u00f8sflot Kl\u00e6bo, Martin L\u00f8wstr\u00f8m Nyenget, Einar Hedegart og Erik Valnes (tre plasser er enda ledige).\u00a0<\/p>\n<p>Men formen er ikke p\u00e5 topp.<\/p>\n<p> &#8211; Det er ikke noe sp\u00f8k \u00e5 dundre gjennom en Tour med seks skirenn. Jeg f\u00f8ler jeg tyner en kropp som er litt p\u00e5 h\u00e6la hele veien inn i Touren. Det knyter seg, og det blir t\u00f8ff belastning p\u00e5 pust og lunger, sier Amundsen til pressen.<\/p>\n<p>        <img loading=\"lazy\" decoding=\"async\" src=\"https:\/\/www.europesays.com\/no\/wp-content\/uploads\/2026\/01\/84045580.webp.webp\" width=\"980\" height=\"559\" title=\"Harald \u00d8stberg Amundsen underveis p\u00e5 Tour de Skis 4. etappe, som ble vunnet av Johannes H\u00f8sflot Kl\u00e6bo. Foto: Terje Pedersen \/ NTB\" alt=\"\" class=\"\" style=\"--aspect-ratio-image: 1.75; \"\/><\/p>\n<p>\n        Harald \u00d8stberg Amundsen underveis p\u00e5 Tour de Skis 4. etappe, som ble vunnet av Johannes H\u00f8sflot Kl\u00e6bo. Foto: Terje Pedersen \/ NTB\n    <\/p>\n<p>&#8211; Lungene f\u00e5r kj\u00f8rt seg\t<\/p>\n<p>F\u00f8r Tour de Ski har han hatt tre individuelle pallplasser i verdenscupen denne sesongen, men v\u00e6rt et godt stykke unna i italienske Toblach.<\/p>\n<p> &#8211; Jeg hadde hvert fall dr\u00f8mt \u00e5 f\u00f8le meg piggere. Det knyter seg. Jeg er veldig preget etter alle skirenn jeg f\u00e5r g\u00e5tt her. Lungene f\u00e5r kj\u00f8rt seg. Jeg kjenner jeg bruker lang tid p\u00e5 \u00e5 restituere meg. <\/p>\n<p> &#8211; De gangene man virkelig er i god form, s\u00e5 kjenner man at kroppen bare henter seg veldig fort, mens n\u00e5 har jeg litt mer en kropp som skriker etter hvile. <\/p>\n<p>    Tour de Ski:<\/p>\n<p class=\"font-weight-bold m-font-weight-bold\" data-lab-font_weight=\"font-weight-bold\">Sammenlagt:<\/p>\n<p>1. Johannes H\u00f8sflot Kl\u00e6bo<\/p>\n<p>2. Mattis Stenshagen +51<\/p>\n<p>3. Edvin Anger, Federico Pellegrino, Emil Iversen, Gus Schumacher, +1. minutt<\/p>\n<p>7. Lars Heggen, Benjamin Moser +1.01<\/p>\n<p>9. Harald \u00d8stberg Amundsen +1.03<\/p>\n<p>      Vis mer<br \/>\n      Vis mindre<\/p>\n<p>Amundsen: &#8211; M\u00e5 trekke i bremsen\t<\/p>\n<p>27-\u00e5ringen er p\u00e5 papiret en som kan g\u00e5 samtlige seks OL-\u00f8velser for Norge. Men det er ikke gitt at du f\u00e5r g\u00e5tt alt, bare fordi man er tatt ut til OL. Norge kan bare ta ut fire ut\u00f8vere til hver \u00f8velse, selv om det er \u00e5tte nordmenn i troppen.<\/p>\n<p class=\"italic m-italic\" data-lab-italic=\"italic\"> &#8211; M\u00e5 du gj\u00f8re noe annerledes inn mot OL? sp\u00f8r Dagbladet.<\/p>\n<p>&#8211; Ja, det m\u00e5 jeg. <\/p>\n<p>OL begynner 6. februar.<\/p>\n<p>    <a itemprop=\"url\" href=\"https:\/\/www.dagbladet.no\/sport\/det-ropes-og-skrikes\/84043877\" rel=\"nofollow noopener\" target=\"_blank\"><\/p>\n<p>        <img loading=\"lazy\" decoding=\"async\" src=\"https:\/\/www.europesays.com\/no\/wp-content\/uploads\/2026\/01\/84044153.webp.webp\" width=\"980\" height=\"441\" title=\"- Det ropes og skrikes\" alt=\"\" class=\"lazyload\" style=\"--aspect-ratio-image: 2.22; \"\/><\/p>\n<p>        &#8211; Det ropes og skrikes<\/p>\n<p>    <\/a><\/p>\n<p>&#8211; N\u00e5 m\u00e5 jeg bare restituere og gj\u00f8re det beste ut av de to siste rennene, og s\u00e5 for min egen kropp og helse sin del, m\u00e5 jeg nok trekke i bremsen etter Touren.<\/p>\n<p class=\"italic m-italic\" data-lab-italic=\"italic\">&#8211; Er du stresset?<\/p>\n<p> &#8211; Jeg er ikke stresset, men jeg skulle selvf\u00f8lgelig gjerne vist enda mer gryende form p\u00e5 de klassiskrennene vi har g\u00e5tt. <\/p>\n<p>Treneren: &#8211; Sliter litt med pusten\t<\/p>\n<p>Landslagstrener Eirik Myhr Nossum sier Amundsen har slitt med luftveiene de siste dagene.<\/p>\n<p>&#8211; Det er ikke noe bedre i dag n\u00e5r det er kulde. Han sliter litt med \u00e5 puste. Det gj\u00f8r ikke noe for ham med en hviledag i morgen, sier han p\u00e5 sp\u00f8rsm\u00e5l fra NTB.<\/p>\n<p>        <img loading=\"lazy\" decoding=\"async\" src=\"https:\/\/www.europesays.com\/no\/wp-content\/uploads\/2026\/01\/84045596.webp.webp\" width=\"980\" height=\"559\" title=\"BOSS-UM: Landslagstrener Eirik Nyhr Nossum. Foto: Terje Pedersen \/ NTB\" alt=\"\" class=\"\" style=\"--aspect-ratio-image: 1.75; \"\/><\/p>\n<p>\n        BOSS-UM: Landslagstrener Eirik Nyhr Nossum. Foto: Terje Pedersen \/ NTB\n    <\/p>\n<p>Langrennsstjerne Heidi Weng p\u00e5pekte onsdag at svenske Ebba Andersson var i svak form i Tour de Ski forrige sesong &#8211; f\u00f8r hun prikket formen inn mot Trondheim-VM.\u00a0<\/p>\n<p>Amundsen klarer ikke se det slik.<\/p>\n<p> &#8211; Nei, ikke p\u00e5 herresiden fra Norge. Du m\u00e5 v\u00e6re i form hele tida hvis du skal kunne g\u00e5 det du vil. Jeg er selvf\u00f8lgelig med, men det koster mye, kjenner jeg. <\/p>\n","protected":false},"excerpt":{"rendered":"Amundsen-alarm: Harald \u00d8stberg Amundsen er klar for OL, men det g\u00e5r ikke p\u00e5 skinner fem uker f\u00f8r: &#8211;&hellip;\n","protected":false},"author":2,"featured_media":126374,"comment_status":"","ping_status":"","sticky":false,"template":"","format":"standard","meta":{"footnotes":""},"categories":[5],"tags":[20,21,24,25,15,19,398,22,23,17,18,13,30,28,29,14,16,83,26,27,12662],"class_list":{"0":"post-126373","1":"post","2":"type-post","3":"status-publish","4":"format-standard","5":"has-post-thumbnail","7":"category-overskrifter","8":"tag-breaking-news","9":"tag-breakingnews","10":"tag-featured-news","11":"tag-featurednews","12":"tag-headlines","13":"tag-hovedoppslag","14":"tag-langrenn","15":"tag-latest-news","16":"tag-latestnews","17":"tag-main-news","18":"tag-mainnews","19":"tag-news","20":"tag-no","21":"tag-norge","22":"tag-norway","23":"tag-nyheter","24":"tag-overskrifter","25":"tag-sport","26":"tag-top-stories","27":"tag-topstories","28":"tag-tour-de-ski"},"share_on_mastodon":{"url":"https:\/\/pubeurope.com\/@no\/115820668134845882","error":""},"_links":{"self":[{"href":"https:\/\/www.europesays.com\/no\/wp-json\/wp\/v2\/posts\/126373","targetHints":{"allow":["GET"]}}],"collection":[{"href":"https:\/\/www.europesays.com\/no\/wp-json\/wp\/v2\/posts"}],"about":[{"href":"https:\/\/www.europesays.com\/no\/wp-json\/wp\/v2\/types\/post"}],"author":[{"embeddable":true,"href":"https:\/\/www.europesays.com\/no\/wp-json\/wp\/v2\/users\/2"}],"replies":[{"embeddable":true,"href":"https:\/\/www.europesays.com\/no\/wp-json\/wp\/v2\/comments?post=126373"}],"version-history":[{"count":0,"href":"https:\/\/www.europesays.com\/no\/wp-json\/wp\/v2\/posts\/126373\/revisions"}],"wp:featuredmedia":[{"embeddable":true,"href":"https:\/\/www.europesays.com\/no\/wp-json\/wp\/v2\/media\/126374"}],"wp:attachment":[{"href":"https:\/\/www.europesays.com\/no\/wp-json\/wp\/v2\/media?parent=126373"}],"wp:term":[{"taxonomy":"category","embeddable":true,"href":"https:\/\/www.europesays.com\/no\/wp-json\/wp\/v2\/categories?post=126373"},{"taxonomy":"post_tag","embeddable":true,"href":"https:\/\/www.europesays.com\/no\/wp-json\/wp\/v2\/tags?post=126373"}],"curies":[{"name":"wp","href":"https:\/\/api.w.org\/{rel}","templated":true}]}}