{"id":126381,"date":"2026-01-01T16:05:14","date_gmt":"2026-01-01T16:05:14","guid":{"rendered":"https:\/\/www.europesays.com\/no\/126381\/"},"modified":"2026-01-01T16:05:14","modified_gmt":"2026-01-01T16:05:14","slug":"rant-gjennom-fire-etasjer","status":"publish","type":"post","link":"https:\/\/www.europesays.com\/no\/126381\/","title":{"rendered":"&#8211; Rant gjennom fire etasjer"},"content":{"rendered":"<p class=\"kicker t20\" style=\"\">Denise Richards og Aaron Phypers:<\/p>\n<p>  Det tidligere ekteparet skylder et stort bel\u00f8p.\u00a0<\/p>\n<p>\n    STYGT BRUDD: Det har v\u00e6rt et turbulent \u00e5r for det tidligere ekteparet. Foto: REX \/ Shutterstock\n  <\/p>\n<p>    Kort fortalt<\/p>\n<ul lang=\"nb-NO\">\n<li>Denise Richards og eksmannen Aaron Phypers blir kastet ut fra boligen sin i Calabasas p\u00e5 grunn av ubetalt husleie.<\/li>\n<li>De skylder utleieren 84 000 dollar, tilsvarende nesten 850 000 norske kroner, og m\u00e5 ogs\u00e5 dekke advokatkostnader og skader p\u00e5 eiendommen.<\/li>\n<li>Richards hevder hun flyttet ut for to \u00e5r siden og at Phypers skulle v\u00e6re ansvarlig for husleien mens hans familie bodde der.<\/li>\n<li>Phypers ble siktet for vold og trusler mot Richards tidligere i \u00e5r, men han avviser alle anklager om mishandling.<\/li>\n<\/ul>\n<p class=\"italic ai-disclaimer\" data-lab-italic=\"italic\">Sammendraget er laget av ChatGPT og godkjent av Dagbladet.<\/p>\n<p>      Vis mer<br \/>\n      Vis mindre<\/p>\n<p>I juni 2020 signerte skuespilleren Denise Richards (54) og eksmannen Aaron Phypers (53) leieavtale for en eiendom i Calabasas i California.<\/p>\n<p>N\u00e5, rundt fem og et halvt \u00e5r seinere, har de f\u00e5tt beskjed om \u00e5 flytte ut fra boligen.<\/p>\n<p class=\"font-weight-bold m-font-weight-bold\" data-lab-font_weight=\"font-weight-bold\">Grunnen skal v\u00e6re ubetalt husleie.<\/p>\n<p>Skylder mye<\/p>\n<p>Det var fredag 26. desember en dommer i Los Angeles Superior Court godkjente utleierens krav om \u00e5 kaste ut det tidligere ekteparet fra eiendommen, if\u00f8lge rettsdokumenter som <a href=\"https:\/\/pagesix.com\/2025\/12\/29\/celebrity-news\/denise-richards-and-ex-aaron-phypers-evicted-from-la-home-over-84k-in-unpaid-rent\/\" rel=\"nofollow noopener\" target=\"_blank\">Page Six<\/a> har f\u00e5tt tilgang til.<\/p>\n<p>    <a itemprop=\"url\" href=\"https:\/\/www.dagbladet.no\/kjendis\/siktet-for-vold-mot-ekskona\/83748921\" rel=\"nofollow noopener\" target=\"_blank\"><\/p>\n<p>        <img loading=\"lazy\" decoding=\"async\" src=\"https:\/\/www.europesays.com\/no\/wp-content\/uploads\/2026\/01\/1767283511_943_83748990.webp.webp\" width=\"980\" height=\"441\" title=\"Siktet for vold mot ekskona\" alt=\"\" class=\"lazyload\" style=\"--aspect-ratio-image: 2.22; \"\/><\/p>\n<p>        Siktet for vold mot ekskona<\/p>\n<p>    <\/a><\/p>\n<p>Klagen fra utleier sier at Richards og Phypers skylder 84 000 dollar i husleie. Dette tilsvarer nesten 850 000 norske kroner.<\/p>\n<p>Han ber dem ogs\u00e5 om \u00e5 betale advokatkostnader og erstatning for skader p\u00e5 eiendommen.<\/p>\n<p>I juli ble det kjent at paret g\u00e5r fra hverandre etter \u00e5 ha v\u00e6rt gift i sju \u00e5r. <a href=\"https:\/\/www.dagbladet.no\/kjendis\/vitne-han-kvalte-henne\/83689257\" rel=\"nofollow noopener\" target=\"_blank\">Det var Phypers som s\u00f8kte om skilsmisse.<\/a><\/p>\n<p>Richards bor derfor ikke lenger i Calabasas-eiendommen. Hun hevdet i rettsdokumenter i august at hun flyttet ut av hjemmet for to \u00e5r siden.\u00a0<\/p>\n<p>        ANKLAGES: \u00abThe Real Housewives of Beverly Hills\u00bb-profilen Denise Richards anklages for \u00e5 ha ligget med venninnen, Brandi Glanville. Video: Hayu hos TV 2 Sumo \/ R\u00f8d L\u00f8per<\/p>\n<p>Skuespilleren var under inntrykket av at Phypers familie skulle bo der midlertidig. Hun skal derfor ha informert eksmannen om at han ble ansvarlig for husleien mens familien bodde i hjemmet.<\/p>\n<p>Fikk ikke kontakt<\/p>\n<p>\u00abReal Housewives of Beverly Hills\u00bb-profilen hevdet at Phypers og familien hadde \u00abskadet huset alvorlig\u00bb, og beskrev tilstanden som \u00e5 v\u00e6re i en \u00abkaotisk tilstand\u00bb.<\/p>\n<p>        <img loading=\"lazy\" decoding=\"async\" src=\"https:\/\/www.europesays.com\/no\/wp-content\/uploads\/2026\/01\/1767283512_164_84040416.webp.webp\" width=\"667\" height=\"381\" title=\"JAMES BOND: Denise Richards spilte en sentral rolle i James Bond-filmen \u00abThe World Is Not Enough\u00bb fra 1999. Foto: Moviestore\/REX\" alt=\"\" class=\"\" style=\"--aspect-ratio-image: 1.75; \"\/><\/p>\n<p>\n        JAMES BOND: Denise Richards spilte en sentral rolle i James Bond-filmen \u00abThe World Is Not Enough\u00bb fra 1999. Foto: Moviestore\/REX\n    <\/p>\n<p>I dokumentene opplyses det om at utleier har fors\u00f8kt \u00e5 komme i kontakt med Phypers, men ikke hadde klart \u00e5 f\u00e5 tak i ham. Ettersom b\u00e5de Phypers og Richards navn st\u00e5r i leiekontrakten, fikk derfor begge varsel om utkastelse.<\/p>\n<p>I november fikk Richards innvilget permanent bes\u00f8ksforbud mot eksmannen, etter \u00e5 ha hevdet at han <a href=\"https:\/\/www.dagbladet.no\/kjendis\/siktet-for-vold-mot-ekskona\/83748921\" rel=\"nofollow noopener\" target=\"_blank\">mishandlet henne gjennom ekteskapet.<\/a> Dette benektet Phypers.<\/p>\n<p>    <a itemprop=\"url\" href=\"https:\/\/www.dagbladet.no\/kjendis\/hardt-ut-falske-bevis\/83742297\" rel=\"nofollow noopener\" target=\"_blank\"><\/p>\n<p>        <img loading=\"lazy\" decoding=\"async\" src=\"https:\/\/www.europesays.com\/no\/wp-content\/uploads\/2026\/01\/1767283512_104_83742302.webp.webp\" width=\"980\" height=\"441\" title=\"Hardt ut: - Falske bevis\" alt=\"\" class=\"lazyload\" style=\"--aspect-ratio-image: 2.22; \"\/><\/p>\n<p>        Hardt ut: &#8211; Falske bevis<\/p>\n<p>    <\/a><\/p>\n<p>Arrestert i rettssalen  <\/p>\n<p>Kort tid etter bruddet i juli fikk Richards\u00a0innvilget midlertidig bes\u00f8ksforbud mot eksmannen, etter \u00e5 ha anklaget ham for fysisk og psykisk mishandling.<\/p>\n<p class=\"font-weight-bold m-font-weight-bold\" data-lab-font_weight=\"font-weight-bold\">I oktober m\u00f8ttes de to i retten, Phypers var tiltalt for fire forhold.<\/p>\n<p>        <img loading=\"lazy\" decoding=\"async\" src=\"https:\/\/www.europesays.com\/no\/wp-content\/uploads\/2026\/01\/1767283513_794_84039984.webp.webp\" width=\"667\" height=\"381\" title=\"VAR GIFT: Charlie Sheen og Denise Richards var gift i fire \u00e5r fram til 2006. Foto: Image Press Agency\/NurPhoto\/Shutterstock\" alt=\"\" class=\"\" style=\"--aspect-ratio-image: 1.75; \"\/><\/p>\n<p>\n        VAR GIFT: Charlie Sheen og Denise Richards var gift i fire \u00e5r fram til 2006. Foto: Image Press Agency\/NurPhoto\/Shutterstock\n    <\/p>\n<p class=\"font-weight-normal m-font-weight-normal\" data-lab-font_weight=\"font-weight-normal\">Forholdene han er tiltalt for er to tilfeller av vold mot ektefelle, samt to tilfeller av \u00e5 ha fors\u00f8kt \u00e5 hindre vitneforklaring gjennom trusler eller makt, viser dokumenter <a href=\"https:\/\/www.tmz.com\/2025\/10\/20\/aaron-phypers-charged-with-injuring-denise-richards\/\" rel=\"nofollow noopener\" target=\"_blank\">TMZ<\/a>\u00a0fikk tilgang til.<\/p>\n<p>Han har hele tiden avvist anklagene fra ekskona.<\/p>\n<p>    <a itemprop=\"url\" href=\"https:\/\/www.dagbladet.no\/kjendis\/vitne-han-kvalte-henne\/83689257\" rel=\"nofollow noopener\" target=\"_blank\"><\/p>\n<p>        <img loading=\"lazy\" decoding=\"async\" src=\"https:\/\/www.europesays.com\/no\/wp-content\/uploads\/2026\/01\/1767283514_875_83689708.webp.webp\" width=\"980\" height=\"441\" title=\"Vitne: - Han kvalte henne\" alt=\"\" class=\"lazyload\" style=\"--aspect-ratio-image: 2.22; \"\/><\/p>\n<p>        Vitne: &#8211; Han kvalte henne<\/p>\n<p>    <\/a><\/p>\n<p>&#8211; Jeg har aldri fysisk eller psykisk mishandlet Denise, eller noen andre. Disse anklagene er falske og dypt s\u00e5rende. Denise og jeg har, som mange andre par, hatt v\u00e5re uenigheter. Men enhver antydning om mishandling er usann, uttalte han kort tid etter at de f\u00f8rste anklagene ble kjent.<\/p>\n<p>Phypers er for tida l\u00f8slatt mot kausjon, men risikerer fengsel dersom han blir d\u00f8mt.<\/p>\n","protected":false},"excerpt":{"rendered":"Denise Richards og Aaron Phypers: Det tidligere ekteparet skylder et stort bel\u00f8p.\u00a0 STYGT BRUDD: Det har v\u00e6rt et&hellip;\n","protected":false},"author":2,"featured_media":126382,"comment_status":"","ping_status":"","sticky":false,"template":"","format":"standard","meta":{"footnotes":""},"categories":[10],"tags":[20,21,24,25,15,2539,22,23,13,30,28,29,14,16,26,27],"class_list":{"0":"post-126381","1":"post","2":"type-post","3":"status-publish","4":"format-standard","5":"has-post-thumbnail","7":"category-norge","8":"tag-breaking-news","9":"tag-breakingnews","10":"tag-featured-news","11":"tag-featurednews","12":"tag-headlines","13":"tag-innenriks","14":"tag-latest-news","15":"tag-latestnews","16":"tag-news","17":"tag-no","18":"tag-norge","19":"tag-norway","20":"tag-nyheter","21":"tag-overskrifter","22":"tag-top-stories","23":"tag-topstories"},"share_on_mastodon":{"url":"https:\/\/pubeurope.com\/@no\/115820699568483523","error":""},"_links":{"self":[{"href":"https:\/\/www.europesays.com\/no\/wp-json\/wp\/v2\/posts\/126381","targetHints":{"allow":["GET"]}}],"collection":[{"href":"https:\/\/www.europesays.com\/no\/wp-json\/wp\/v2\/posts"}],"about":[{"href":"https:\/\/www.europesays.com\/no\/wp-json\/wp\/v2\/types\/post"}],"author":[{"embeddable":true,"href":"https:\/\/www.europesays.com\/no\/wp-json\/wp\/v2\/users\/2"}],"replies":[{"embeddable":true,"href":"https:\/\/www.europesays.com\/no\/wp-json\/wp\/v2\/comments?post=126381"}],"version-history":[{"count":0,"href":"https:\/\/www.europesays.com\/no\/wp-json\/wp\/v2\/posts\/126381\/revisions"}],"wp:featuredmedia":[{"embeddable":true,"href":"https:\/\/www.europesays.com\/no\/wp-json\/wp\/v2\/media\/126382"}],"wp:attachment":[{"href":"https:\/\/www.europesays.com\/no\/wp-json\/wp\/v2\/media?parent=126381"}],"wp:term":[{"taxonomy":"category","embeddable":true,"href":"https:\/\/www.europesays.com\/no\/wp-json\/wp\/v2\/categories?post=126381"},{"taxonomy":"post_tag","embeddable":true,"href":"https:\/\/www.europesays.com\/no\/wp-json\/wp\/v2\/tags?post=126381"}],"curies":[{"name":"wp","href":"https:\/\/api.w.org\/{rel}","templated":true}]}}