{"id":126383,"date":"2026-01-01T16:07:17","date_gmt":"2026-01-01T16:07:17","guid":{"rendered":"https:\/\/www.europesays.com\/no\/126383\/"},"modified":"2026-01-01T16:07:17","modified_gmt":"2026-01-01T16:07:17","slug":"lokale-nyheter-porsgrunn-rune-tribune-55-har-sett-101-vm-jeg-sniker-meg-fram","status":"publish","type":"post","link":"https:\/\/www.europesays.com\/no\/126383\/","title":{"rendered":"Lokale nyheter, Porsgrunn | Rune Tribune (55) har sett 101 VM: \u2013 Jeg sniker meg fram"},"content":{"rendered":"\n<p>\u2013 Jeg hadde jubileum med verdensmesterskap nummer 100 under VM i friidrett i Tokyo i september, sier Rune Eikeland entusiastisk n\u00e5r PD tar kontakt for \u00e5 snakke om radiodokumentaren \u00ab\u00d8yeblikket\u00bb. <\/p>\n<p>\u2013 I tillegg avslutta jeg \u00e5ret med H\u00e5ndball-VM i Nederland og Tyskland n\u00e5 i desember.<\/p>\n<p>Lidenskapelig br\u00f8ling<\/p>\n<p>Supersupporteren, som trolig har vist seg flest ganger i TV-ruta med norsk flagg og vikinghjelm, har mange reised\u00f8gn.<\/p>\n<p>\u2013 Jeg betaler alt av egen lomme, men jeg kj\u00f8per ikke de dyreste billettene, sier Rune Tribune. <\/p>\n<p>\u2013 Det handler om god planlegging. Etter hvert kjenner jeg mange folk i b\u00e5de langrenn, skiskyting, h\u00e5ndball og fotball, s\u00e5 jeg treffer alltid en god gjeng jeg kan heie med. <\/p>\n<p>Sniker meg fram<\/p>\n<p>\u2013 Ikke de dyreste billettene sier du, men du klarer alltid \u00e5 komme p\u00e5 tv?<\/p>\n<p>\u2013 Jeg sniker meg fram, sier den r\u00f8slige 55-\u00e5ringen og smiler. <\/p>\n<p>\u2013 Man f\u00e5r jo litt erfaring med \u00e5rene, s\u00e5 jeg vet hvor tv-kameraene st\u00e5r. I tillegg er jeg god til \u00e5 gj\u00f8re litt ut av situasjonen. <\/p>\n<p>Bak all roping og br\u00f8ling ligger en enorm interesse for sport. Eikeland var selv aktiv i b\u00e5de friidrett og langrenn i yngre dager. I tillegg spiller han i Porsgrunn Janitsjarorkester.<\/p>\n<p>\u2013 Fotball er det beste, men jeg elsker fortsatt langrenn og friidrett. Jeg har v\u00e6rt p\u00e5 61 bortekamper i fotball og deltatt i 8 OL. <\/p>\n<p>Vendepunktet<\/p>\n<p>I NRK-podkasten \u00ab\u00d8yeblikket\u00bb forteller Rune Eikeland om ulykken som endret livet hans da han var 18 \u00e5r.<\/p>\n<p>\u2013 Jeg fikk skrens p\u00e5 bilen, og blir st\u00e5ende p\u00e5 tvers. S\u00e5 kommer det en bil imot og kutter bilen min i to, rett bak setet. Der r\u00f8yk dr\u00f8mmen om proffkarriere som fotballspiller. <\/p>\n<p>28+28<\/p>\n<p>Supporterkarrieren starta allerede da Rune var p\u00e5 interrail i 1990.<\/p>\n<p>\u2013 Jeg fikk med meg to kamper i fotball-VM i Italia. Men det st\u00f8rste var nok da Norge slo Brasil p\u00e5 Stade V\u00e9lodrome i Marseille p\u00e5 sankthansaften 1998. Da var jeg 28 \u00e5r. <\/p>\n<p>28 \u00e5r senere blir det mer fotball p\u00e5 Rune Tribune. Han har allerede bestilt billetter til sommerens VM i USA, Canada og Mexico, og har stor tro p\u00e5 herrelandslaget.<\/p>\n<p>\u2013 Jeg har billetter til kampene mot Senegal og Frankrike. I tillegg har jeg s\u00f8kt p\u00e5 billetter til kvart- og semifinale hvis Norge g\u00e5r videre. Jeg tror Haaland kan bli toppscorer i VM.<\/p>\n<p>Karaokestjerna<\/p>\n<p>\u2013 Hva synes du selv om \u00abartistnavnet\u00bb Rune Tribune? Er det belastende.<\/p>\n<p>\u2013 P\u00e5 ingen m\u00e5te. Det dukka opp da jeg var Odd-supporter i 1998 eller 99. Noen kalte meg Rune Tribune, og det synes jeg passer bra. <\/p>\n<p>Selv om det ofte blir st\u00f8y rundt Rune Tribune, s\u00e5 kan han synge. Han elsker faktisk karaoke. <\/p>\n<p>\u2013 Jeg var innom og sang noen l\u00e5ter p\u00e5 Park Bistro sist l\u00f8rdag. Stappfullt med folk. I Porsgrunn er det bra karaoke b\u00e5de p\u00e5 bistroen og Sailors. Det er nesten som \u00e5 v\u00e6re p\u00e5 VM <\/p>\n<p>Rune Tribune avslutter intervjuet med PD p\u00e5 samme m\u00e5te som i NRK-podkasten.<\/p>\n<p>\u2013 Jeg er skapt til \u00e5 v\u00e6re supporter. Det er livet for meg. <\/p>\n","protected":false},"excerpt":{"rendered":"\u2013 Jeg hadde jubileum med verdensmesterskap nummer 100 under VM i friidrett i Tokyo i september, sier Rune&hellip;\n","protected":false},"author":2,"featured_media":126384,"comment_status":"","ping_status":"","sticky":false,"template":"","format":"standard","meta":{"footnotes":""},"categories":[59],"tags":[36,2247,30,28,29,1370,83,82,1510,3398,11971],"class_list":{"0":"post-126383","1":"post","2":"type-post","3":"status-publish","4":"format-standard","5":"has-post-thumbnail","7":"category-sport","8":"tag-art","9":"tag-lokale-nyheter","10":"tag-no","11":"tag-norge","12":"tag-norway","13":"tag-porsgrunn","14":"tag-sport","15":"tag-sports","16":"tag-story","17":"tag-supporter","18":"tag-vm-i-fotball"},"share_on_mastodon":{"url":"https:\/\/pubeurope.com\/@no\/115820707502441102","error":""},"_links":{"self":[{"href":"https:\/\/www.europesays.com\/no\/wp-json\/wp\/v2\/posts\/126383","targetHints":{"allow":["GET"]}}],"collection":[{"href":"https:\/\/www.europesays.com\/no\/wp-json\/wp\/v2\/posts"}],"about":[{"href":"https:\/\/www.europesays.com\/no\/wp-json\/wp\/v2\/types\/post"}],"author":[{"embeddable":true,"href":"https:\/\/www.europesays.com\/no\/wp-json\/wp\/v2\/users\/2"}],"replies":[{"embeddable":true,"href":"https:\/\/www.europesays.com\/no\/wp-json\/wp\/v2\/comments?post=126383"}],"version-history":[{"count":0,"href":"https:\/\/www.europesays.com\/no\/wp-json\/wp\/v2\/posts\/126383\/revisions"}],"wp:featuredmedia":[{"embeddable":true,"href":"https:\/\/www.europesays.com\/no\/wp-json\/wp\/v2\/media\/126384"}],"wp:attachment":[{"href":"https:\/\/www.europesays.com\/no\/wp-json\/wp\/v2\/media?parent=126383"}],"wp:term":[{"taxonomy":"category","embeddable":true,"href":"https:\/\/www.europesays.com\/no\/wp-json\/wp\/v2\/categories?post=126383"},{"taxonomy":"post_tag","embeddable":true,"href":"https:\/\/www.europesays.com\/no\/wp-json\/wp\/v2\/tags?post=126383"}],"curies":[{"name":"wp","href":"https:\/\/api.w.org\/{rel}","templated":true}]}}