{"id":126411,"date":"2026-01-01T16:44:11","date_gmt":"2026-01-01T16:44:11","guid":{"rendered":"https:\/\/www.europesays.com\/no\/126411\/"},"modified":"2026-01-01T16:44:11","modified_gmt":"2026-01-01T16:44:11","slug":"langrenn-loten-var-fulltegnet-men-ma-avlyse-er-med-tungt-hjerte","status":"publish","type":"post","link":"https:\/\/www.europesays.com\/no\/126411\/","title":{"rendered":"Langrenn, L\u00f8ten | Var fulltegnet, men m\u00e5 avlyse: \u2013 Er med tungt hjerte"},"content":{"rendered":"\n<p>Med en ekstremt varm november og desember, har sn\u00f8en latt vente p\u00e5 seg i lavlandet.\u00a0<\/p>\n<p>F\u00f8rst p\u00e5 siste dag i 2025, eller f\u00f8rste dag i 2026 (alt etter hvordan man ser det), kom det en god dose sn\u00f8.\u00a0<\/p>\n<p>Nytt\u00e5rsraketter ble sendt opp med sn\u00f8 i ansiktet, og mange ble nok glade for mulighetene det vil gi for skif\u00f8ret.\u00a0<\/p>\n<p>For andre kom det for sent.\u00a0<\/p>\n<p>  <a href=\"https:\/\/www.ostlendingen.no\/80-69-170004\" class=\"related-teaser has-image default-story-teaser article--c-eRUmMG article--c-eRUmMG-jKCPdD-design-default\" rel=\"nofollow noopener\" target=\"_blank\"><\/p>\n<p>    <img decoding=\"async\" loading=\"lazy\"  src=\"https:\/\/www.europesays.com\/no\/wp-content\/uploads\/2026\/01\/photo.jpg\" alt=\"\" class=\"brick-c-cFOWSL\" style=\"\"\/><\/p>\n<p>\n            Les ogs\u00e5<\/p>\n<p>              Arrang\u00f8rene flytter Budorrennet \u2013 satser p\u00e5 \u00e5 f\u00e5 gjennomf\u00f8rt\n        <\/p>\n<p>  <\/a><\/p>\n<p>Arrang\u00f8r av Budorrennet, Nordbygda\/L\u00f8ten Ski, meldte 1. januar at \u00e5rets utgave ikke blir noe av.\u00a0<\/p>\n<p>De hadde et h\u00e5p i romjula, at det skulle komme nok sn\u00f8, men s\u00e5nn ble det ikke.\u00a0<\/p>\n<p>Det tradisjonsrike rennet, som startet i 2008, g\u00e5r fra Budor skistadion og i en trase p\u00e5 Hedmarksvidda.\u00a0<\/p>\n<p>Rennet skulle egentlig skje l\u00f8rdag 3. januar med nok en fulltegnet utgave med 600 deltakere, men n\u00e5 har arrang\u00f8ren kastet inn h\u00e5ndkleet.\u00a0<\/p>\n<p>\u2013 Vi har avventet med endelig avgj\u00f8relse i h\u00e5p om nok sn\u00f8 til Budorrennet 2026. Med bakgrunn i for lite sn\u00f8 og en del is i tiltenkte l\u00f8ypetras\u00e9, er det med tungt hjerte vi ser oss n\u00f8dt til \u00e5 avlyse \u00e5rets Budorrenn, skriver arrang\u00f8ren p\u00e5 sin nettside.\u00a0<\/p>\n<p>Budor pleier \u00e5 v\u00e6re en av de mer sn\u00f8sikre omr\u00e5dene hver vinter, men i \u00e5r har det v\u00e6rt skralt overalt.<\/p>\n<p>I fjor\u00e5rets utgave av rennet var det ogs\u00e5 600 startende.\u00a0<\/p>\n<p>Rennet er seedingrenn til flere st\u00f8rre renn som Vasaloppet og Birkebeinerrennet, samt med i en langl\u00f8pscup for Innlandet, der arrangementene Stenfjellrunden, Trysil Skimaraton og Valdres Skimaraton ogs\u00e5 er.\u00a0<\/p>\n<p>\u2013 Alle p\u00e5meldte vil f\u00e5 refundert startkontingenten, sier arrang\u00f8ren.\u00a0<\/p>\n","protected":false},"excerpt":{"rendered":"Med en ekstremt varm november og desember, har sn\u00f8en latt vente p\u00e5 seg i lavlandet.\u00a0 F\u00f8rst p\u00e5 siste&hellip;\n","protected":false},"author":2,"featured_media":126412,"comment_status":"","ping_status":"","sticky":false,"template":"","format":"standard","meta":{"footnotes":""},"categories":[59],"tags":[36,398,1272,30,28,29,14,83,82,1510],"class_list":{"0":"post-126411","1":"post","2":"type-post","3":"status-publish","4":"format-standard","5":"has-post-thumbnail","7":"category-sport","8":"tag-art","9":"tag-langrenn","10":"tag-loten","11":"tag-no","12":"tag-norge","13":"tag-norway","14":"tag-nyheter","15":"tag-sport","16":"tag-sports","17":"tag-story"},"share_on_mastodon":{"url":"https:\/\/pubeurope.com\/@no\/115820853075674425","error":""},"_links":{"self":[{"href":"https:\/\/www.europesays.com\/no\/wp-json\/wp\/v2\/posts\/126411","targetHints":{"allow":["GET"]}}],"collection":[{"href":"https:\/\/www.europesays.com\/no\/wp-json\/wp\/v2\/posts"}],"about":[{"href":"https:\/\/www.europesays.com\/no\/wp-json\/wp\/v2\/types\/post"}],"author":[{"embeddable":true,"href":"https:\/\/www.europesays.com\/no\/wp-json\/wp\/v2\/users\/2"}],"replies":[{"embeddable":true,"href":"https:\/\/www.europesays.com\/no\/wp-json\/wp\/v2\/comments?post=126411"}],"version-history":[{"count":0,"href":"https:\/\/www.europesays.com\/no\/wp-json\/wp\/v2\/posts\/126411\/revisions"}],"wp:featuredmedia":[{"embeddable":true,"href":"https:\/\/www.europesays.com\/no\/wp-json\/wp\/v2\/media\/126412"}],"wp:attachment":[{"href":"https:\/\/www.europesays.com\/no\/wp-json\/wp\/v2\/media?parent=126411"}],"wp:term":[{"taxonomy":"category","embeddable":true,"href":"https:\/\/www.europesays.com\/no\/wp-json\/wp\/v2\/categories?post=126411"},{"taxonomy":"post_tag","embeddable":true,"href":"https:\/\/www.europesays.com\/no\/wp-json\/wp\/v2\/tags?post=126411"}],"curies":[{"name":"wp","href":"https:\/\/api.w.org\/{rel}","templated":true}]}}