{"id":126415,"date":"2026-01-01T16:50:10","date_gmt":"2026-01-01T16:50:10","guid":{"rendered":"https:\/\/www.europesays.com\/no\/126415\/"},"modified":"2026-01-01T16:50:10","modified_gmt":"2026-01-01T16:50:10","slug":"varsler-kraftige-vindkast-pass-pa-julepynten","status":"publish","type":"post","link":"https:\/\/www.europesays.com\/no\/126415\/","title":{"rendered":"Varsler kraftige vindkast: \u2013 Pass p\u00e5 julepynten"},"content":{"rendered":"\n<p class=\"_lead_o9xde_2 _lead_xtcu6_50 layout-component text-serif-m layout-normal text-serif-l layout-component layout-wide layout-padded _wide_17hqh_1 layout-padded\">Color Line har kansellert flere avganger \u2013 og meteorologene ber deg passe p\u00e5 at julepynten ikke bl\u00e5ser av g\u00e5rde. <\/p>\n<p><img alt=\"Her bl\u00e5ste det godt i 2023. N\u00e5 varsler meterologen kraftige vindkast.  Foto: Kjell Johan Bua \/ Kjell Johan Bua\" class=\"_image_qp4xg_65 layout-component layout-wide\" data-fullscreen- data-track-element-type=\"Article image fullscreen\" data-track-name=\"ImageFullscreen\" fetchpriority=\"high\" decoding=\"sync\" loading=\"eager\" height=\"963\" itemprop=\"image\"  src=\"https:\/\/www.europesays.com\/no\/wp-content\/uploads\/2026\/01\/2e5c021e-f85b-4fa6-a1f7-6549b9562fab.jpeg\"  style=\"object-position:0% 0%\" width=\"1600\"\/>Her bl\u00e5ste det godt i 2023. N\u00e5 varsler meterologen kraftige vindkast.  Foto: Kjell Johan Bua \/ Kjell Johan Bua<\/p>\n<ul aria-hidden=\"true\" class=\"_images_ntbth_112\">\n<li><a class=\"_link_ntbth_117\" href=\"https:\/\/www.vg.no\/forfatter\/preben-soerensen-olsen\" style=\"z-index:2\" title=\"Preben S\u00f8rensen Olsen\" rel=\"nofollow noopener\" target=\"_blank\"><img alt=\"Bilde av Preben S\u00f8rensen Olsen\" class=\"_image_ntbth_93\" fetchpriority=\"low\" loading=\"lazy\" decoding=\"async\" itemprop=\"image\"  src=\"https:\/\/www.europesays.com\/no\/wp-content\/uploads\/2026\/01\/64aa1fb4-b39a-43ab-9306-fd34402fdbb9.jpeg\"  width=\"480\"\/><\/a><\/li>\n<li><a class=\"_link_ntbth_117\" href=\"https:\/\/www.vg.no\/forfatter\/ntb\" style=\"z-index:1\" title=\"NTB\" rel=\"nofollow noopener\" target=\"_blank\"><img alt=\"Bilde av NTB\" class=\"_image_ntbth_93\" fetchpriority=\"low\" loading=\"lazy\" decoding=\"async\" itemprop=\"image\"  src=\"https:\/\/www.europesays.com\/no\/wp-content\/uploads\/2026\/01\/1767286208_293_c33980b0-5d07-4027-84a1-813f90a7c8d6.png\"  width=\"480\"\/><\/a><\/li>\n<\/ul>\n<p> Oppdatert torsdag 1. januar kl. 17:18     <\/p>\n<p class=\"_paragraph_o9xde_4 _paragraph_xtcu6_10 layout-component text-serif-m layout-normal text-serif-m layout-padded\">I natt blir det nemlig sterk nordavind p\u00e5 \u00d8stlandet \u2013 med lokalt kraftige vindkast. <\/p>\n<p class=\"_paragraph_o9xde_4 _paragraph_xtcu6_10 layout-component text-serif-m layout-normal text-serif-m layout-padded\">Det melder meteorologen. <\/p>\n<p class=\"_paragraph_o9xde_4 _paragraph_xtcu6_10 layout-component text-serif-m layout-normal text-serif-m layout-padded\">\u2013 Det kan v\u00e6re lurt \u00e5 ta en ekstra sjekk p\u00e5 julepynten i hagen og passe p\u00e5 at det ikke bl\u00e5ser av g\u00e5rde, skriver de i en melding. <\/p>\n<blockquote class=\"yr-embed\" data-post-id=\"e3951d69-e2dc-459b-8301-5046967b44dd\"><p>I natt er det ventet en sterk nordavind p\u00e5 \u00d8stlandet med lokalt kraftige vindkast \ud83c\udf2c\ufe0f <\/p>\n<p>Det kan v\u00e6re lurt \u00e5 ta en ekstra sjekk p\u00e5 julepynten i hagen og passe p\u00e5 at det ikke bl\u00e5ser av g\u00e5rde \ud83c\udf84<\/p>\n<p><a href=\"https:\/\/www.yr.no\/nb\/meteorologene\/e3951d69-e2dc-459b-8301-5046967b44dd\" rel=\"nofollow noopener\" target=\"_blank\">Se melding p\u00e5 Yr<\/a> \u00b7 I dag kl. 14:14<\/p>\n<\/blockquote>\n<p class=\"_paragraph_o9xde_4 _paragraph_xtcu6_10 layout-component text-serif-m layout-normal text-serif-m layout-padded\">Color Line har kansellert flere avganger mellom Larvik og Kristiansand og <a href=\"https:\/\/www.vg.no\/tag\/hirtshals?utm_source=vg-article&amp;utm_medium=auto-tagger&amp;utm_campaign=WvbBoK\" class=\"_link_o9xde_39\" rel=\"nofollow noopener\" target=\"_blank\">Hirtshals<\/a> i Danmark 2. januar som f\u00f8lge av v\u00e6rforholdene. <\/p>\n<p class=\"_paragraph_o9xde_4 _paragraph_xtcu6_10 layout-component text-serif-m layout-normal text-serif-m layout-padded\">Kanselleringene gjelder 8-avgangene fra henholdsvis Larvik og Kristiansand samt avgangene tilbake fra Hirtshals klokken 12 og 12.45, skriver\u00a0Color\u00a0Line\u00a0p\u00e5 sine\u00a0<a href=\"https:\/\/www.colorline.no\/rutetider\/rutetider\" class=\"_link_o9xde_39\" rel=\"nofollow noopener\" target=\"_blank\">nettsider.<\/a><\/p>\n<p><img alt=\"Foto: Espen Braata \/ VG\" class=\"_image_qp4xg_65 layout-component layout-normal\" data-fullscreen- data-track-element-type=\"Article image fullscreen\" data-track-name=\"ImageFullscreen\" decoding=\"async\" loading=\"lazy\" height=\"2547\" itemprop=\"image\"  src=\"https:\/\/www.europesays.com\/no\/wp-content\/uploads\/2026\/01\/2fd64648-1e15-4324-bc5c-9a17ee455091.jpeg\"  style=\"object-position:0% 0%\" width=\"4091\"\/>Foto: Espen Braata \/ VG<\/p>\n<p class=\"_paragraph_o9xde_4 _paragraph_xtcu6_10 layout-component text-serif-m layout-normal text-serif-m layout-padded\">Det er ventet sterk nordavind p\u00e5 \u00d8stlandet i natt, og meteorologene har advart om at det kan bli kraftige vindkast lokalt.<\/p>\n<p class=\"_paragraph_o9xde_4 _paragraph_xtcu6_10 layout-component text-serif-m layout-normal text-serif-m layout-padded\">\u2013 Det kan v\u00e6re lurt \u00e5 ta en ekstra sjekk p\u00e5 julepynten i hagen og passe p\u00e5 at det ikke bl\u00e5ser av g\u00e5rde, skriver\u00a0<a href=\"https:\/\/www.yr.no\/nb\/meteorologene\/e3951d69-e2dc-459b-8301-5046967b44dd\" class=\"_link_o9xde_39\" rel=\"nofollow noopener\" target=\"_blank\">meteorologene.<\/a><\/p>\n<p>    <img decoding=\"async\" alt=\"Tips oss illustrasjon\" src=\"https:\/\/www.europesays.com\/no\/wp-content\/uploads\/2025\/10\/pssst-small.webp.webp\"\/>    <\/p>\n<p class=\"title-serif-s\">Har du tips?<\/p>\n<p class=\"text-sans-m\">Send oss informasjon, bilder eller video.<\/p>\n<p>  <a href=\"https:\/\/www.vg.no\/tips-oss\" rel=\"nofollow noopener\" target=\"_blank\"> Tips oss <\/a>      <\/p>\n","protected":false},"excerpt":{"rendered":"Color Line har kansellert flere avganger \u2013 og meteorologene ber deg passe p\u00e5 at julepynten ikke bl\u00e5ser av&hellip;\n","protected":false},"author":2,"featured_media":126416,"comment_status":"","ping_status":"","sticky":false,"template":"","format":"standard","meta":{"footnotes":""},"categories":[10],"tags":[31,20,21,24,25,15,14855,331,22,23,13,30,28,29,14,16,26,27,553],"class_list":{"0":"post-126415","1":"post","2":"type-post","3":"status-publish","4":"format-standard","5":"has-post-thumbnail","7":"category-norge","8":"tag-breaking","9":"tag-breaking-news","10":"tag-breakingnews","11":"tag-featured-news","12":"tag-featurednews","13":"tag-headlines","14":"tag-hirtshals","15":"tag-kristiansand","16":"tag-latest-news","17":"tag-latestnews","18":"tag-news","19":"tag-no","20":"tag-norge","21":"tag-norway","22":"tag-nyheter","23":"tag-overskrifter","24":"tag-top-stories","25":"tag-topstories","26":"tag-vaer"},"share_on_mastodon":{"url":"https:\/\/pubeurope.com\/@no\/115820876454260279","error":""},"_links":{"self":[{"href":"https:\/\/www.europesays.com\/no\/wp-json\/wp\/v2\/posts\/126415","targetHints":{"allow":["GET"]}}],"collection":[{"href":"https:\/\/www.europesays.com\/no\/wp-json\/wp\/v2\/posts"}],"about":[{"href":"https:\/\/www.europesays.com\/no\/wp-json\/wp\/v2\/types\/post"}],"author":[{"embeddable":true,"href":"https:\/\/www.europesays.com\/no\/wp-json\/wp\/v2\/users\/2"}],"replies":[{"embeddable":true,"href":"https:\/\/www.europesays.com\/no\/wp-json\/wp\/v2\/comments?post=126415"}],"version-history":[{"count":0,"href":"https:\/\/www.europesays.com\/no\/wp-json\/wp\/v2\/posts\/126415\/revisions"}],"wp:featuredmedia":[{"embeddable":true,"href":"https:\/\/www.europesays.com\/no\/wp-json\/wp\/v2\/media\/126416"}],"wp:attachment":[{"href":"https:\/\/www.europesays.com\/no\/wp-json\/wp\/v2\/media?parent=126415"}],"wp:term":[{"taxonomy":"category","embeddable":true,"href":"https:\/\/www.europesays.com\/no\/wp-json\/wp\/v2\/categories?post=126415"},{"taxonomy":"post_tag","embeddable":true,"href":"https:\/\/www.europesays.com\/no\/wp-json\/wp\/v2\/tags?post=126415"}],"curies":[{"name":"wp","href":"https:\/\/api.w.org\/{rel}","templated":true}]}}