{"id":126421,"date":"2026-01-01T16:59:39","date_gmt":"2026-01-01T16:59:39","guid":{"rendered":"https:\/\/www.europesays.com\/no\/126421\/"},"modified":"2026-01-01T16:59:39","modified_gmt":"2026-01-01T16:59:39","slug":"sport-nyheter-lars-heggen-ble-beste-nordmann-artig-at-det-skulle-bli-pallen","status":"publish","type":"post","link":"https:\/\/www.europesays.com\/no\/126421\/","title":{"rendered":"Sport, Nyheter | Lars Heggen ble beste nordmann: \u2013 Artig at det skulle bli pallen"},"content":{"rendered":"\n<p>\u2013 Jeg synes det gikk fort. Jeg tror ikke jeg kunne gjort s\u00e5 mye mer enn det jeg gjorde. Jeg vant ikke heatet, men jeg bidro til \u00e5 holde h\u00f8y fart store deler av det, s\u00e5 det er jeg forn\u00f8yd med, sier Lars Heggen til NTB rett etter l\u00f8pet.<\/p>\n<p>5 km heat er et nytt langrennsformat i Tour de Ski hvor ut\u00f8verne g\u00e5r 5 kilometer i grupper (heat) med 20\u201325 l\u00f8pere, basert p\u00e5 verdenscup-ranking. Tiden fra start til m\u00e5l teller for totalen, ikke rekkef\u00f8lgen i heatet.<\/p>\n<p>\u2013 Nervepirrende \u00e5 se p\u00e5<\/p>\n<p>Lars Heggen var eneste nordmann i heat 2, og gikk inn til en forel\u00f8pig 3. plass, bak Gus Schumacher fra USA og \u00d8sterikes Benjamin Moser. Han m\u00e5tte dermed vente spent p\u00e5 de to siste heatene f\u00f8r han kunne juble for nok en pallplass i Tour de Ski.<\/p>\n<p>\u2013 Det var g\u00f8y. Det var artig at det skulle bli pallen. Det var nervepirrende \u00e5 se p\u00e5 de neste heatene. Jeg synes det gikk fort hele vegen og det er jeg glad for n\u00e5, sier Lars Heggen i et intervju med Viaplay.<\/p>\n<p>   <img decoding=\"async\" width=\"4808\" height=\"3205\" fetchpriority=\"low\"  loading=\"lazy\"  src=\"https:\/\/www.europesays.com\/no\/wp-content\/uploads\/2026\/01\/GyZQBQKLORk.jpg\" alt=\"Toblach, Italia 20251231. &#10;USAs Gus Schumacher vant 5 km heat fri teknikk  for menn i Toblach. \u00d8sterrikes Benjamin Moser kom p\u00e5 andre plass og Lars Heggen kom p\u00e5 tredje plass.&#10;Foto: Terje Pedersen \/ NTB\" class=\"brick-c-cFOWSL\" style=\"--brick-image-ratio: 4808 \/ 3205;\"\/><\/p>\n<p>      PALLEN: USAs Gus Schumacher vant 5 km heat fri teknikk  for menn i Toblach. \u00d8sterrikes Benjamin Moser kom p\u00e5 andre plass og Lars Heggen kom p\u00e5 tredjeplass.<br \/>\n      Foto: Terje Pedersen\/ NTB\n    <\/p>\n<p>  Nye muligheter torsdag<\/p>\n<p>Dette betyr at Lars Heggen fortsatt er nummer to i sammendraget i Tour de Ski. 45 sekunder bak Johannes H\u00f8sflot Kl\u00e6bo.<\/p>\n<p>F\u00f8rste nytt\u00e5rsdag venter nok en etappe. Da st\u00e5r 20 km jaktstart i klassisk stil p\u00e5 programmet i Toblach.<\/p>\n<p>            Tour de Ski 2025\/26<\/p>\n<p>28\/12: Sprint fri teknikk<\/p>\n<p>29\/12: 10 km klassisk intervallstart<\/p>\n<p>31\/12: 5 km heat fellesstart fri teknikk<\/p>\n<p>1\/1: 20 km jaktstart klassisk<\/p>\n<p>3\/1: Sprint klassisk<\/p>\n<p>4\/1: 10 km fri teknikk med m\u00e5lgang p\u00e5 toppen av \u00abmonsterbakken\u00bb<\/p>\n","protected":false},"excerpt":{"rendered":"\u2013 Jeg synes det gikk fort. Jeg tror ikke jeg kunne gjort s\u00e5 mye mer enn det jeg&hellip;\n","protected":false},"author":2,"featured_media":126422,"comment_status":"","ping_status":"","sticky":false,"template":"","format":"standard","meta":{"footnotes":""},"categories":[59],"tags":[36,398,14046,30,28,29,14,83,82,1510],"class_list":{"0":"post-126421","1":"post","2":"type-post","3":"status-publish","4":"format-standard","5":"has-post-thumbnail","7":"category-sport","8":"tag-art","9":"tag-langrenn","10":"tag-lars-heggen","11":"tag-no","12":"tag-norge","13":"tag-norway","14":"tag-nyheter","15":"tag-sport","16":"tag-sports","17":"tag-story"},"share_on_mastodon":{"url":"https:\/\/pubeurope.com\/@no\/115820911857978670","error":""},"_links":{"self":[{"href":"https:\/\/www.europesays.com\/no\/wp-json\/wp\/v2\/posts\/126421","targetHints":{"allow":["GET"]}}],"collection":[{"href":"https:\/\/www.europesays.com\/no\/wp-json\/wp\/v2\/posts"}],"about":[{"href":"https:\/\/www.europesays.com\/no\/wp-json\/wp\/v2\/types\/post"}],"author":[{"embeddable":true,"href":"https:\/\/www.europesays.com\/no\/wp-json\/wp\/v2\/users\/2"}],"replies":[{"embeddable":true,"href":"https:\/\/www.europesays.com\/no\/wp-json\/wp\/v2\/comments?post=126421"}],"version-history":[{"count":0,"href":"https:\/\/www.europesays.com\/no\/wp-json\/wp\/v2\/posts\/126421\/revisions"}],"wp:featuredmedia":[{"embeddable":true,"href":"https:\/\/www.europesays.com\/no\/wp-json\/wp\/v2\/media\/126422"}],"wp:attachment":[{"href":"https:\/\/www.europesays.com\/no\/wp-json\/wp\/v2\/media?parent=126421"}],"wp:term":[{"taxonomy":"category","embeddable":true,"href":"https:\/\/www.europesays.com\/no\/wp-json\/wp\/v2\/categories?post=126421"},{"taxonomy":"post_tag","embeddable":true,"href":"https:\/\/www.europesays.com\/no\/wp-json\/wp\/v2\/tags?post=126421"}],"curies":[{"name":"wp","href":"https:\/\/api.w.org\/{rel}","templated":true}]}}