{"id":126429,"date":"2026-01-01T17:11:13","date_gmt":"2026-01-01T17:11:13","guid":{"rendered":"https:\/\/www.europesays.com\/no\/126429\/"},"modified":"2026-01-01T17:11:13","modified_gmt":"2026-01-01T17:11:13","slug":"vaer-hamar-na-har-vinteren-kommet-og-den-blir-en-stund","status":"publish","type":"post","link":"https:\/\/www.europesays.com\/no\/126429\/","title":{"rendered":"V\u00e6r, Hamar | N\u00e5 har vinteren kommet \u2013 og den blir en stund"},"content":{"rendered":"\n<p>\u2013 2026 starter med skikkelig vinterv\u00e6r, sier statsmeteorolog Charalampos Sarchosidis.<\/p>\n<p>F\u00f8rste nytt\u00e5rsdag ser det ut som vinteren har kommet til Hedmarken. Det er sn\u00f8dekt landskap og minusgrader flere steder.<\/p>\n<p>\u2013 Vinteren brukte tid f\u00f8r den endelig kom, men n\u00e5 ser det ut til at den har kommet for \u00e5 bli, forteller han.<\/p>\n<p>\u2013 Det blir sn\u00f8, vind og kaldt<\/p>\n<p>November og desember ble gr\u00e5, v\u00e5te og milde, mens januar starter med tradisjonelt vinterv\u00e6r. Sarchosidis forteller at sn\u00f8en som har kommet ser ut til \u00e5 bli liggende. Det kommer ogs\u00e5 mer sn\u00f8 i l\u00f8pet av kvelden og natta, selv om det ikke er store mengdene.<\/p>\n<p>Det skal ogs\u00e5 bl\u00e5se opp i l\u00f8pet av de neste dagene. Dermed vil det bli kaldt, selv om gradestokken ikke n\u00f8dvendigvis viser det samme, forteller han.<\/p>\n<p>\u2013 Det blir sn\u00f8, vind og kaldt i natt, oppsummerer statsmeteorologen.<\/p>\n<p>   <img decoding=\"async\" width=\"5712\" height=\"3808\" fetchpriority=\"low\"  loading=\"lazy\"  src=\"https:\/\/www.europesays.com\/no\/wp-content\/uploads\/2026\/01\/v%C3%A6r+hamar.jpg\" alt=\"\" class=\"brick-c-cFOWSL\" style=\"--brick-image-ratio: 5712 \/ 3808;\"\/><\/p>\n<p>      Sn\u00f8en har lagt seg i Hamar sentrum ogs\u00e5. Slik s\u00e5 det ut torsdag ettermiddag.<br \/>\n      Foto: Maiken Svendsen\n    <\/p>\n<p>  \u2013 N\u00e5 er vinteren her<\/p>\n<p>Temperaturen vil falle etter helgen, og i starten av neste uke. If\u00f8lge Yr vil det bli 13 minusgrader p\u00e5 det kaldeste i Hamar.<\/p>\n<p>Sarchosidis forteller at de typisk kalde stedene kan f\u00e5 under 20 minus i neste uke. Han peker p\u00e5 Rena som kan f\u00e5 ned mot 25 minus.<\/p>\n<p>P\u00e5 Sjusj\u00f8en er det meldt minus 16 grader p\u00e5 det kaldeste neste uke. Sarchosidis forteller at det blir minus ti til minus tolv grader i starten av neste uke.<\/p>\n<p>\u2013 N\u00e5 er vinteren her, sier Sarchosidis.<\/p>\n<p>Tidlgiere denne uka etterlyste Margrete Ruud Skjeseth, daglig leder for Hedmarken og Hamar Turistforeningen, sn\u00f8 p\u00e5 Hedmarksvidda.<\/p>\n<p>Det s\u00e5 lovende ut for skif\u00f8ret tidligere i sesongen, men mildv\u00e6ret med regn ga h\u00e5lkef\u00f8re ved hyttene deres.<\/p>\n<p>Statsmeteorologen forteller at det n\u00e5 kommer litt sn\u00f8, og forh\u00e5pentligvis bedre skif\u00f8re for dem som er glad i g\u00e5 p\u00e5 ski.<\/p>\n<p>  <a href=\"https:\/\/www.h-a.no\/5-139-1906085\" class=\"related-teaser has-image default-story-teaser article--c-eRUmMG article--c-eRUmMG-jKCPdD-design-default\" rel=\"nofollow noopener\" target=\"_blank\"><\/p>\n<p>    <img decoding=\"async\" loading=\"lazy\"  src=\"https:\/\/www.europesays.com\/no\/wp-content\/uploads\/2026\/01\/sssss.jpeg\" alt=\"\" class=\"brick-c-cFOWSL\" style=\"\"\/><\/p>\n<p>\n            Les ogs\u00e5<\/p>\n<p>              Har ikke sett liknende tilstander p\u00e5 ti \u00e5r: \u2013 Vi trenger sn\u00f8!\n        <\/p>\n<p>  <\/a><\/p>\n<p>  <a href=\"https:\/\/www.h-a.no\/5-139-1907279\" class=\"related-teaser has-image default-story-teaser article--c-eRUmMG article--c-eRUmMG-jKCPdD-design-default\" rel=\"nofollow noopener\" target=\"_blank\"><\/p>\n<p>    <img decoding=\"async\" loading=\"lazy\"  src=\"https:\/\/www.europesays.com\/no\/wp-content\/uploads\/2026\/01\/Romjulsrennet+Sjusjen+2025.bin.jpeg\" alt=\"\" class=\"brick-c-cFOWSL\" style=\"\"\/><\/p>\n<p>\n            Les ogs\u00e5<\/p>\n<p>              Northug p\u00e5 Sjusj\u00f8en: \u2013 Det er her det er vinter i Norge\n        <\/p>\n<p>  <\/a><\/p>\n<p>  <a href=\"https:\/\/www.h-a.no\/5-139-1906358\" class=\"related-teaser has-image default-story-teaser article--c-eRUmMG article--c-eRUmMG-jKCPdD-design-default\" rel=\"nofollow noopener\" target=\"_blank\"><\/p>\n<p>    <img decoding=\"async\" loading=\"lazy\"  src=\"https:\/\/www.europesays.com\/no\/wp-content\/uploads\/2026\/01\/sk%C3%B8yter+p%C3%A5+rokosj%C3%B8en001.jpg\" alt=\"\" class=\"brick-c-cFOWSL\" style=\"\"\/><\/p>\n<p>\n            Les ogs\u00e5<\/p>\n<p>              Mange lot seg lokke ut p\u00e5 isen: \u2013 Helt supert \u00e5 ha tilgang p\u00e5 noe s\u00e5nt\n        <\/p>\n<p>  <\/a><\/p>\n","protected":false},"excerpt":{"rendered":"\u2013 2026 starter med skikkelig vinterv\u00e6r, sier statsmeteorolog Charalampos Sarchosidis. F\u00f8rste nytt\u00e5rsdag ser det ut som vinteren har&hellip;\n","protected":false},"author":2,"featured_media":126430,"comment_status":"","ping_status":"","sticky":false,"template":"","format":"standard","meta":{"footnotes":""},"categories":[10],"tags":[36,20,21,24,25,1552,15,22,23,1272,13,30,28,29,14,16,1435,1551,1510,26,27,553],"class_list":{"0":"post-126429","1":"post","2":"type-post","3":"status-publish","4":"format-standard","5":"has-post-thumbnail","7":"category-norge","8":"tag-art","9":"tag-breaking-news","10":"tag-breakingnews","11":"tag-featured-news","12":"tag-featurednews","13":"tag-hamar","14":"tag-headlines","15":"tag-latest-news","16":"tag-latestnews","17":"tag-loten","18":"tag-news","19":"tag-no","20":"tag-norge","21":"tag-norway","22":"tag-nyheter","23":"tag-overskrifter","24":"tag-ringsaker","25":"tag-stange","26":"tag-story","27":"tag-top-stories","28":"tag-topstories","29":"tag-vaer"},"share_on_mastodon":{"url":"https:\/\/pubeurope.com\/@no\/115820959137373657","error":""},"_links":{"self":[{"href":"https:\/\/www.europesays.com\/no\/wp-json\/wp\/v2\/posts\/126429","targetHints":{"allow":["GET"]}}],"collection":[{"href":"https:\/\/www.europesays.com\/no\/wp-json\/wp\/v2\/posts"}],"about":[{"href":"https:\/\/www.europesays.com\/no\/wp-json\/wp\/v2\/types\/post"}],"author":[{"embeddable":true,"href":"https:\/\/www.europesays.com\/no\/wp-json\/wp\/v2\/users\/2"}],"replies":[{"embeddable":true,"href":"https:\/\/www.europesays.com\/no\/wp-json\/wp\/v2\/comments?post=126429"}],"version-history":[{"count":0,"href":"https:\/\/www.europesays.com\/no\/wp-json\/wp\/v2\/posts\/126429\/revisions"}],"wp:featuredmedia":[{"embeddable":true,"href":"https:\/\/www.europesays.com\/no\/wp-json\/wp\/v2\/media\/126430"}],"wp:attachment":[{"href":"https:\/\/www.europesays.com\/no\/wp-json\/wp\/v2\/media?parent=126429"}],"wp:term":[{"taxonomy":"category","embeddable":true,"href":"https:\/\/www.europesays.com\/no\/wp-json\/wp\/v2\/categories?post=126429"},{"taxonomy":"post_tag","embeddable":true,"href":"https:\/\/www.europesays.com\/no\/wp-json\/wp\/v2\/tags?post=126429"}],"curies":[{"name":"wp","href":"https:\/\/api.w.org\/{rel}","templated":true}]}}