{"id":126431,"date":"2026-01-01T17:12:11","date_gmt":"2026-01-01T17:12:11","guid":{"rendered":"https:\/\/www.europesays.com\/no\/126431\/"},"modified":"2026-01-01T17:12:11","modified_gmt":"2026-01-01T17:12:11","slug":"har-lagt-hemmelig-superplan-med-northug-adressa-no","status":"publish","type":"post","link":"https:\/\/www.europesays.com\/no\/126431\/","title":{"rendered":"Har lagt hemmelig superplan med Northug &#8211; adressa.no"},"content":{"rendered":"<ol>\n<li><a href=\"https:\/\/news.google.com\/rss\/articles\/CBMihwFBVV95cUxPcnFjVTFnTWJJYS01Ym41U01XWVZ6TDJLeDFOWG50cnlYY3luTC1NMmVwVFdRMUlzcTRTTWt5SkxMRmUyM2hOZ2g1UjlpY0Rsd29qR2JwblBHOHVTSXBmSHB3Z0NfWDhXbjlrR3YzVWh6cG1UZm5TdnhqZ2toZ2haWDBtdVF2TG8?oc=5\" target=\"_blank\" rel=\"nofollow noopener\">Har lagt hemmelig superplan med Northug<\/a>&nbsp;&nbsp;adressa.no<\/li>\n<li><a href=\"https:\/\/news.google.com\/rss\/articles\/CBMi2AFBVV95cUxOWGE1NHZwcnBES21UZG1iRGdPdWx5TWZ6QkFHZHlGWDFqb0xlTDFqM2F0a0VEZXNWQzBfX0xSNWhCai1nUVRmQmlWa3VwYlRnUzRDcEc5a0hjdDBFMlFmdlhmR18xMGl1dVF0S0RjMEc2ZFVBbl9rWWxDc0R0VzUzbXJJYW1vVlJoQ19Nd3JBcGdRc1hVeFk1cDNQRjk1YzEycXdtRTl1U1NZSHcwRF9QT21ZVHNXTm5XMFFhNkxkQmZlNkFRLVJyTGhZM3FwdE9MR0FuQjV2VEM?oc=5\" target=\"_blank\" rel=\"nofollow noopener\">Trygler om tidlig OL-beskjed: \u2013\u2060 Det koster mye fysisk og mentalt<\/a>&nbsp;&nbsp;VG<\/li>\n<li><a href=\"https:\/\/news.google.com\/rss\/articles\/CBMipgFBVV95cUxNTHVVYVI1d09ScXlfVFBlaXpfSUI2Q05UeE9kM2c4VTNGdTR5Vnh6cEJmbUFRQWtiVmRGLTRweE1WRzlvZlZwOEtkc0NHUlhBYzlaamJtcEZpcW55R3E3STJlZV9ZS0t2TnVTbUN0bHhOc1FkR0lBU3dMOEFLYkJDLTA4MVRLTWlGSjRIZmdLWVVjcVFDaFd5em43cEl1ZW5mdVZxeEN3?oc=5\" target=\"_blank\" rel=\"nofollow noopener\">Lettet Iversen holder d\u00f8ra p\u00e5 gl\u00f8tt \u2013 kan forlenge karrieren<\/a>&nbsp;&nbsp;Aftenposten<\/li>\n<li><a href=\"https:\/\/news.google.com\/rss\/articles\/CBMijgFBVV95cUxNanpfTlRnZXhPR0JoSlg3N05SWGE4dXQtekR4Z05WZmdiLXhZNk5aSmNicHVOYjNoZU5lN2pmZ24tcmo2dDRnU1gtd2pKbkVrTkFrX2xUM1lXM3dEQVVvVVZOcHMwMmkzeUR6UUV0Z3dUUWFQbnQwZXZENjBaRklFQ0kwUXBpSkRDV1RYVDR3?oc=5\" target=\"_blank\" rel=\"nofollow noopener\">FIS bekrefter \u2013 Norge f\u00e5r 8 langrennsherrer i OL<\/a>&nbsp;&nbsp;Sportsidioten.no<\/li>\n<li><a href=\"https:\/\/news.google.com\/rss\/articles\/CBMiekFVX3lxTE1NNDFob0V6TnBfZjl1ZkRGVzNPVldWcFg2YUgyQVI1aTlUN2haR2IwNmdqS2ZHSFZTZER3eWVrUkY1YXNmcmw3WjRrVEtuSk13Nlc3WUtYZFZIc1B6LWhKYmRrRGpZd3QtQjlpLVVYWXJ0M0EwWTJwclFn?oc=5\" target=\"_blank\" rel=\"nofollow noopener\">Bekrefter m\u00f8ter med ledelsen<\/a>&nbsp;&nbsp;adressa.no<\/li>\n<\/ol>\n","protected":false},"excerpt":{"rendered":"Har lagt hemmelig superplan med Northug&nbsp;&nbsp;adressa.no Trygler om tidlig OL-beskjed: \u2013\u2060 Det koster mye fysisk og mentalt&nbsp;&nbsp;VG Lettet&hellip;\n","protected":false},"author":2,"featured_media":126432,"comment_status":"","ping_status":"","sticky":false,"template":"","format":"standard","meta":{"footnotes":""},"categories":[5],"tags":[20,21,7330,3647,24,25,15,19,711,22,23,17,18,13,7129,30,28,29,14,16,397,26,27],"class_list":{"0":"post-126431","1":"post","2":"type-post","3":"status-publish","4":"format-standard","5":"has-post-thumbnail","7":"category-overskrifter","8":"tag-breaking-news","9":"tag-breakingnews","10":"tag-eirik-myhr-nossum","11":"tag-emil-iversen","12":"tag-featured-news","13":"tag-featurednews","14":"tag-headlines","15":"tag-hovedoppslag","16":"tag-johannes-hosflot-klaebo","17":"tag-latest-news","18":"tag-latestnews","19":"tag-main-news","20":"tag-mainnews","21":"tag-news","22":"tag-niklas-dyrhaug","23":"tag-no","24":"tag-norge","25":"tag-norway","26":"tag-nyheter","27":"tag-overskrifter","28":"tag-petter-northug","29":"tag-top-stories","30":"tag-topstories"},"share_on_mastodon":{"url":"https:\/\/pubeurope.com\/@no\/115820962975733139","error":""},"_links":{"self":[{"href":"https:\/\/www.europesays.com\/no\/wp-json\/wp\/v2\/posts\/126431","targetHints":{"allow":["GET"]}}],"collection":[{"href":"https:\/\/www.europesays.com\/no\/wp-json\/wp\/v2\/posts"}],"about":[{"href":"https:\/\/www.europesays.com\/no\/wp-json\/wp\/v2\/types\/post"}],"author":[{"embeddable":true,"href":"https:\/\/www.europesays.com\/no\/wp-json\/wp\/v2\/users\/2"}],"replies":[{"embeddable":true,"href":"https:\/\/www.europesays.com\/no\/wp-json\/wp\/v2\/comments?post=126431"}],"version-history":[{"count":0,"href":"https:\/\/www.europesays.com\/no\/wp-json\/wp\/v2\/posts\/126431\/revisions"}],"wp:featuredmedia":[{"embeddable":true,"href":"https:\/\/www.europesays.com\/no\/wp-json\/wp\/v2\/media\/126432"}],"wp:attachment":[{"href":"https:\/\/www.europesays.com\/no\/wp-json\/wp\/v2\/media?parent=126431"}],"wp:term":[{"taxonomy":"category","embeddable":true,"href":"https:\/\/www.europesays.com\/no\/wp-json\/wp\/v2\/categories?post=126431"},{"taxonomy":"post_tag","embeddable":true,"href":"https:\/\/www.europesays.com\/no\/wp-json\/wp\/v2\/tags?post=126431"}],"curies":[{"name":"wp","href":"https:\/\/api.w.org\/{rel}","templated":true}]}}