{"id":126437,"date":"2026-01-01T17:25:31","date_gmt":"2026-01-01T17:25:31","guid":{"rendered":"https:\/\/www.europesays.com\/no\/126437\/"},"modified":"2026-01-01T17:25:31","modified_gmt":"2026-01-01T17:25:31","slug":"krim-og-politi-sogndal-rusa-forar-stakk-fra-politiet-i-hog-fart","status":"publish","type":"post","link":"https:\/\/www.europesays.com\/no\/126437\/","title":{"rendered":"Krim og politi, Sogndal | Rusa f\u00f8rar stakk fr\u00e5 politiet i h\u00f8g fart"},"content":{"rendered":"\n<p>\u2013 Det var ein ung, mannleg f\u00f8rar, opplyser operasjonsleiar Tatjana Knappen i Vest politidistrikt. <\/p>\n<p>Meldingane kom til politiet klokka 02.15 natt til torsdag. <\/p>\n<p>Stoppa ikkje for politiet<\/p>\n<p>Patruljen m\u00f8tte bilen p\u00e5 fylkesvegen ved Kaupanger og gjorde teikn til at han skulle stoppa, g\u00e5r det fram av politiloggen. <\/p>\n<p>Bilen stoppa ikkje og politiet la seg p\u00e5 hjul. Bilen heldt fram i h\u00f8g fart og det var glatt p\u00e5 fylkesvegen. Politiet avbraut difor utrykkinga. <\/p>\n<p>Kort tid seinare vart bilen funnen p\u00e5 ei busslomme. D\u00e5 hadde han kollisjonsskadar p\u00e5 den eine sida etter \u00e5 ha treft autovernet.<\/p>\n<p>Pr\u00f8vde \u00e5 stikka av<\/p>\n<p>Bilf\u00f8raren vart p\u00e5gripen d\u00e5 han fors\u00f8kte \u00e5 springa vekk fr\u00e5 bilen, g\u00e5r det fram av loggen. <\/p>\n<p>Han stod fram uskadd, vart teken med til legevakt for blodpr\u00f8vetaking og vert meld for k\u00f8yring i p\u00e5verka tilstand og \u00e5 ha pr\u00f8vd \u00e5 unng\u00e5 kontroll. If\u00f8lgje politiloggen er f\u00f8rarkortet kverrsett.<\/p>\n","protected":false},"excerpt":{"rendered":"\u2013 Det var ein ung, mannleg f\u00f8rar, opplyser operasjonsleiar Tatjana Knappen i Vest politidistrikt. Meldingane kom til politiet&hellip;\n","protected":false},"author":2,"featured_media":4378,"comment_status":"","ping_status":"","sticky":false,"template":"","format":"standard","meta":{"footnotes":""},"categories":[10],"tags":[36,20,21,24,25,15,12676,2357,22,23,13,30,28,29,14,16,1029,1510,26,27],"class_list":{"0":"post-126437","1":"post","2":"type-post","3":"status-publish","4":"format-standard","5":"has-post-thumbnail","7":"category-norge","8":"tag-art","9":"tag-breaking-news","10":"tag-breakingnews","11":"tag-featured-news","12":"tag-featurednews","13":"tag-headlines","14":"tag-kaupanger","15":"tag-krim-og-politi","16":"tag-latest-news","17":"tag-latestnews","18":"tag-news","19":"tag-no","20":"tag-norge","21":"tag-norway","22":"tag-nyheter","23":"tag-overskrifter","24":"tag-sogndal","25":"tag-story","26":"tag-top-stories","27":"tag-topstories"},"share_on_mastodon":{"url":"https:\/\/pubeurope.com\/@no\/115821014026338809","error":""},"_links":{"self":[{"href":"https:\/\/www.europesays.com\/no\/wp-json\/wp\/v2\/posts\/126437","targetHints":{"allow":["GET"]}}],"collection":[{"href":"https:\/\/www.europesays.com\/no\/wp-json\/wp\/v2\/posts"}],"about":[{"href":"https:\/\/www.europesays.com\/no\/wp-json\/wp\/v2\/types\/post"}],"author":[{"embeddable":true,"href":"https:\/\/www.europesays.com\/no\/wp-json\/wp\/v2\/users\/2"}],"replies":[{"embeddable":true,"href":"https:\/\/www.europesays.com\/no\/wp-json\/wp\/v2\/comments?post=126437"}],"version-history":[{"count":0,"href":"https:\/\/www.europesays.com\/no\/wp-json\/wp\/v2\/posts\/126437\/revisions"}],"wp:featuredmedia":[{"embeddable":true,"href":"https:\/\/www.europesays.com\/no\/wp-json\/wp\/v2\/media\/4378"}],"wp:attachment":[{"href":"https:\/\/www.europesays.com\/no\/wp-json\/wp\/v2\/media?parent=126437"}],"wp:term":[{"taxonomy":"category","embeddable":true,"href":"https:\/\/www.europesays.com\/no\/wp-json\/wp\/v2\/categories?post=126437"},{"taxonomy":"post_tag","embeddable":true,"href":"https:\/\/www.europesays.com\/no\/wp-json\/wp\/v2\/tags?post=126437"}],"curies":[{"name":"wp","href":"https:\/\/api.w.org\/{rel}","templated":true}]}}