{"id":126440,"date":"2026-01-01T17:33:15","date_gmt":"2026-01-01T17:33:15","guid":{"rendered":"https:\/\/www.europesays.com\/no\/126440\/"},"modified":"2026-01-01T17:33:15","modified_gmt":"2026-01-01T17:33:15","slug":"dette-skjedde-i-innlandet-i-2025-nrk-innlandet-lokale-nyheter-tv-og-radio","status":"publish","type":"post","link":"https:\/\/www.europesays.com\/no\/126440\/","title":{"rendered":"Dette skjedde i Innlandet i 2025 \u2013 NRK Innlandet \u2013 Lokale nyheter, TV og radio"},"content":{"rendered":"<p>Januar<\/p>\n<p>V\u00e6r preget inngangen p\u00e5 det nye \u00e5ret. I januar ble <a href=\"https:\/\/www.nrk.no\/innlandet\/dovrebanen-stengt_-_-det-er-dramatisk-for-oss-1.17225080\" ec-id=\"pp:article:1.17225080\" ec-name=\"Dovrebanen stengt p\u00e5 grunn av isdanning og mye vann i Ottaelva.\" rel=\"nofollow noopener\" target=\"_blank\">Dovrebanen stengt p\u00e5 grunn av isdanning og mye vann i Ottaelva.<\/a> Utbedringene var s\u00e5 omfattende at togtrafikken gjennom Gudbrandsdalen var stengt mellom Vinstra og Domb\u00e5s frem til april. Passasjerene m\u00e5tte isteden ta buss eller bruke alternativ transport.<\/p>\n<p><img decoding=\"async\"   src=\"data:image\/gif;base64,R0lGODlhAQABAIAAAAAAAP\/\/\/yH5BAEAAAAALAAAAAABAAEAAAIBRAA7\" loading=\"eager\" alt=\"Otta bru. Foto Bane Nor\" title=\"Foto: Bane Nor\"\/><\/p>\n<p class=\"\">Otta bru flyttet seg 15 cm grunnet flom og opphopning av is.<\/p>\n<p>Foto: Bane Nor<\/p>\n<p>I midten av januar ble seks personer siktet for<a href=\"https:\/\/www.nrk.no\/innlandet\/flere-personer-varetektsfengslet-for-ulovlig-jakt-1.17203472\" ec-id=\"pp:article:1.17203472\" ec-name=\"ulovlig jakt p\u00e5 ulv i Eidskog\" rel=\"nofollow noopener\" target=\"_blank\"> ulovlig jakt p\u00e5 ulv i Eidskog<\/a>. Senere ble siktelsen utvidet til \u00e5 gjelde ti menn. <a href=\"https:\/\/www.nrk.no\/innlandet\/ti-menn-siktet-for-ulovlig-jakt-pa-fredet-rovvilt-i-eidskog-i-innlandet-1.17208203\" ec-id=\"pp:article:1.17208203\" ec-name=\"\u00d8kokrim beslagla over 100 v\u00e5pen i etterforskningen.\" rel=\"nofollow noopener\" target=\"_blank\">\u00d8kokrim beslagla over 100 v\u00e5pen i etterforskningen.<\/a><\/p>\n<p>Februar<\/p>\n<p>Ogs\u00e5 i februar var naturkreftene sterke. En ispropp i Nord-Odal f\u00f8rte til flom og store \u00f8deleggelser. Tre personer m\u00e5tte evakueres fordi husene deres ble truet av oversv\u00f8mmelse p\u00e5 grunn av isproppen ved Knapper bru. <a href=\"https:\/\/www.nrk.no\/innlandet\/ispropp-i-nord-odal-forte-til-flom-og-store-odeleggelser-_-tre-evakuert-1.17314769\" ec-id=\"pp:article:1.17314769\" ec-name=\"Hans Petter Nordlund og familien opplevde at vannet str\u00f8mmet inn i huset\" rel=\"nofollow noopener\" target=\"_blank\">Hans Petter Nordlund og familien opplevde at vannet str\u00f8mmet inn i huset<\/a>.<\/p>\n<p>Isproppen l\u00f8snet til slutt av seg selv.<\/p>\n<p>Ispropp demmer opp elva i Knapper i Nord-Odal<\/p>\n<p>Sjusj\u00f8en og Ringsakerfjellet har over 6000 hytter. Kommunen ville i februar \u00e5pne opp for over 3500 nye hytter de neste \u00e5rene. Dermed kan <a href=\"https:\/\/www.nrk.no\/innlandet\/norges-storste-hytteomrade-kan-bli-mye-storre-1.17245380\" ec-id=\"pp:article:1.17245380\" ec-name=\"landets st\u00f8rste hytteomr\u00e5de bli enda st\u00f8rre.\" rel=\"nofollow noopener\" target=\"_blank\">landets st\u00f8rste hytteomr\u00e5de bli enda st\u00f8rre.<\/a><\/p>\n<p>Mars<\/p>\n<p>I mars holdt hele nasjonen pusten da en<a href=\"https:\/\/www.nrk.no\/innlandet\/missil-funnet-pa-terningmoen-i-elverum-_-militaerleir-evakueres-1.17344862\" ec-id=\"pp:article:1.17344862\" ec-name=\"flybombe fra 2. verdenskrig p\u00e5 250 kilo ble funnet i Terningmoen milit\u00e6rleir\" rel=\"nofollow noopener\" target=\"_blank\"> flybombe fra 2. verdenskrig p\u00e5 250 kilo ble funnet i Terningmoen milit\u00e6rleir<\/a> i Elverum i forbindelse med gravearbeid. I flere dager jobbet eksperter med \u00e5 desarmere bomben som inneholdt over 100 kilo sprengstoff og kunne v\u00e6re ustabil.<\/p>\n<p><a href=\"https:\/\/www.nrk.no\/innlandet\/flybomben-i-elverum-er-desarmert-1.17351466\" ec-id=\"pp:article:1.17351466\" ec-name=\"Etter flere dagers intens planlegging og internasjonalt samarbeid ble bomben desarmert.\" rel=\"nofollow noopener\" target=\"_blank\">Etter flere dagers intens planlegging og internasjonalt samarbeid ble bomben desarmert.<\/a><\/p>\n<p>Forsvaret har delt en video av at flybomben i Elverum blir detonert p\u00e5 en sikker m\u00e5te.<\/p>\n<p>Nyhetsbildet var ogs\u00e5 preget av mer kuri\u00f8se saker. Blant annet da Youtube-stjernen <a href=\"https:\/\/www.nrk.no\/innlandet\/her-er-youtube-stjerna-jake-paul-pa-plass-i-vikingskipet-pa-hamar-1.17340529\" ec-id=\"pp:article:1.17340529\" ec-name=\"Jake Paul bes\u00f8kte Vikingskipet\" rel=\"nofollow noopener\" target=\"_blank\">Jake Paul bes\u00f8kte Vikingskipet<\/a> p\u00e5 Hamar for \u00e5 se p\u00e5 kj\u00e6resten Jutta Leerdam i sk\u00f8yte-VM.<\/p>\n<p><img decoding=\"async\"   src=\"data:image\/gif;base64,R0lGODlhAQABAIAAAAAAAP\/\/\/yH5BAEAAAAALAAAAAABAAEAAAIBRAA7\" loading=\"eager\" alt=\"en gruppe mennesker som sitter p\u00e5 et stadion\" title=\"Foto: Geir Olsen \/ NTB\"\/><\/p>\n<p class=\"\">Youtube-stjerna Jake Paul \u00f8nsket kj\u00e6resten sin, Jutta Leerdam, lykke til p\u00e5 tribunen i Vikingskipet.<\/p>\n<p>Foto: Geir Olsen \/ NTB<\/p>\n<p>I 2024 skrotet politikerne i Innlandet russekl\u00e6r med gruppenavn, men i mars tillot fylket <a href=\"https:\/\/www.nrk.no\/innlandet\/forbud-mot-russeklaer_-gir-russen-felles-skolegensere-i-stedet-1.17299868\" ec-id=\"pp:article:1.17299868\" ec-name=\"russegensere som er like for hele skolen.\" rel=\"nofollow noopener\" target=\"_blank\">russegensere som er like for hele skolen. <\/a>Selv om mange unge var uenige i forbudet mot russegensere, var mange russepresidenter NRK snakket med positive til skolegensere.<\/p>\n<p><img decoding=\"async\"   src=\"data:image\/gif;base64,R0lGODlhAQABAIAAAAAAAP\/\/\/yH5BAEAAAAALAAAAAABAAEAAAIBRAA7\" loading=\"eager\" alt=\"Rikke Skatvedt Engen (t.v.) og Marte Emilie Ridder Slettum m\u00f8tte opp med genseren p\u00e5 f\u00f8rste skuledag: \u2013 Vi g\u00e5r ikkje med dei for \u00e5 ekskludere, seier Slettum.\" title=\"Foto: Roar Andre Berntsen \/ NRK\"\/><\/p>\n<p class=\"\">Rikke Skatvedt Engen (til venstre) og Marte Emilie Ridder Slettum m\u00f8tte opp med genseren p\u00e5 f\u00f8rste skoledag: \u2013 Vi g\u00e5r ikke med den for \u00e5 ekskludere, sierSlettum<\/p>\n<p>Foto: Roar Andre Berntsen \/ NRK<\/p>\n<p>April<\/p>\n<p>P\u00e5 den siste marsdagen <a href=\"https:\/\/www.nrk.no\/innlandet\/stort-steinras-stenger-e6-i-gudbrandsdalen-1.17362814\" ec-id=\"pp:article:1.17362814\" ec-name=\"gikk det et stort steinras over E6 i Sel\" rel=\"nofollow noopener\" target=\"_blank\">gikk det et stort steinras over E6 i Sel<\/a> kommune. Hovedferdsels\u00e5ren gjennom Gudbrandsdalen ble stengt og dalen ble delt i to, noe som <a href=\"https:\/\/www.nrk.no\/innlandet\/raset-pa-e6-i-rosten-deler-gudbrandsdalen-i-to-1.17367641\" ec-id=\"pp:article:1.17367641\" ec-name=\"skapte tr\u00f8bbel for b\u00e5de lokalbefolkningen\" rel=\"nofollow noopener\" target=\"_blank\">skapte tr\u00f8bbel for b\u00e5de lokalbefolkningen<\/a> og tungtransport.<\/p>\n<p><img decoding=\"async\"   src=\"data:image\/gif;base64,R0lGODlhAQABAIAAAAAAAP\/\/\/yH5BAEAAAAALAAAAAABAAEAAAIBRAA7\" loading=\"eager\" alt=\"Arbeid p\u00e5 stedet der raset gikk over E6 i Rosten i Gudbrandsdalen.\" title=\"Foto: Luftambulansen\"\/><\/p>\n<p class=\"\">Raset p\u00e5 E6 delte Gudbrandsdalen i to<\/p>\n<p>Foto: Luftambulansen<\/p>\n<p>I april kom b\u00e5de v\u00e5ren og p\u00e5sken. P\u00e5 fylkesvei 51 over <a href=\"https:\/\/www.nrk.no\/innlandet\/paskekaos-pa-valdresflye-_-full-stans-flere-steder-1.17383006\" ec-id=\"pp:article:1.17383006\" ec-name=\"Valdresflye ble det totalt kaos da mange bilister parkerte langs veien\" rel=\"nofollow noopener\" target=\"_blank\">Valdresflye ble det totalt kaos da mange bilister parkerte langs veien<\/a> for \u00e5 g\u00e5 p\u00e5 ski i godv\u00e6ret. Det f\u00f8rte til redusert fremkommelighet og store problemer med parkering.<\/p>\n<p>    <img decoding=\"async\" class=\"dh-video-videoLoop__fallbackImage\" src=\"https:\/\/www.europesays.com\/no\/wp-content\/uploads\/2026\/01\/74bd1b45-c5e7-48e4-bd1b-45c5e7d8e4b0_360.jpg\" alt=\"\"\/><video preload=\"none\" muted=\"\" poster=\"https:\/\/www.europesays.com\/no\/wp-content\/uploads\/2026\/01\/74bd1b45-c5e7-48e4-bd1b-45c5e7d8e4b0_360.jpg\" style=\"--poster:url(https:\/\/www.europesays.com\/no\/wp-content\/uploads\/2026\/01\/74bd1b45-c5e7-48e4-bd1b-45c5e7d8e4b0_360.jpg);\"><\/video><img decoding=\"async\" class=\"dh-video-videoLoop__fallbackImage\" src=\"https:\/\/www.europesays.com\/no\/wp-content\/uploads\/2026\/01\/74bd1b45-c5e7-48e4-bd1b-45c5e7d8e4b0_720.jpg\" alt=\"\"\/><video preload=\"none\" muted=\"\" poster=\"https:\/\/www.europesays.com\/no\/wp-content\/uploads\/2026\/01\/74bd1b45-c5e7-48e4-bd1b-45c5e7d8e4b0_720.jpg\" style=\"--poster:url(https:\/\/www.europesays.com\/no\/wp-content\/uploads\/2026\/01\/74bd1b45-c5e7-48e4-bd1b-45c5e7d8e4b0_720.jpg);\"><\/video><img decoding=\"async\" class=\"dh-video-videoLoop__fallbackImage\" src=\"https:\/\/www.europesays.com\/no\/wp-content\/uploads\/2026\/01\/74bd1b45-c5e7-48e4-bd1b-45c5e7d8e4b0_1080.jpg\" alt=\"\"\/><video preload=\"none\" muted=\"\" poster=\"https:\/\/www.europesays.com\/no\/wp-content\/uploads\/2026\/01\/74bd1b45-c5e7-48e4-bd1b-45c5e7d8e4b0_1080.jpg\" style=\"--poster:url(https:\/\/www.europesays.com\/no\/wp-content\/uploads\/2026\/01\/74bd1b45-c5e7-48e4-bd1b-45c5e7d8e4b0_1080.jpg);\"><\/video><\/p>\n<p>P\u00e5sketurister parkerte p\u00e5 begge sider av vegen, ogs\u00e5 i kj\u00f8rebanen.<\/p>\n<p>SNAPMAP<\/p>\n<p>Mai<\/p>\n<p>Nesten halvannet \u00e5r etter at Ole Andreas S\u00f8nstvedt (37) ble meldt savnet, ble en kvinne i 40-\u00e5rene i mai <a href=\"https:\/\/www.nrk.no\/innlandet\/kvinne-tiltalt-for-likskjending-og-drap-pa-ole-andreas-sonstvedt-1.17388618\" ec-id=\"pp:article:1.17388618\" ec-name=\"tiltalt for \u00f8ksedrap og likskjending i L\u00f8ten.\" rel=\"nofollow noopener\" target=\"_blank\">tiltalt for \u00f8ksedrap og likskjending i L\u00f8ten.<\/a> Kvinnen ble i juli d\u00f8mt til 16 \u00e5rs fengsel for \u00e5 ha drept og partert 37-\u00e5ringen i en lavvo p\u00e5 g\u00e5rden sin. Kvinnen anket dommen. Ankesaken har forel\u00f8pig ikke v\u00e6rt gjennomf\u00f8rt.<\/p>\n<p><img decoding=\"async\"   src=\"data:image\/gif;base64,R0lGODlhAQABAIAAAAAAAP\/\/\/yH5BAEAAAAALAAAAAABAAEAAAIBRAA7\" loading=\"eager\" alt=\"En bil krasjet inn i et tre\" title=\"Foto: Reidar Gregersen \/ NRK\"\/><\/p>\n<p class=\"\">I denne lavvoen p\u00e5 en g\u00e5rd i L\u00f8ten fant politiet levninger etter Ole Andreas S\u00f8nstvedt.<\/p>\n<p>Foto: Reidar Gregersen \/ NRK<\/p>\n<p>Regjeringen annonserte at de vil bruke 100 millioner kroner p\u00e5 \u00e5 flytte Fosenreinen til \u00d8sterdalen p\u00e5 grunn av konflikten rundt vindkraftanlegget p\u00e5 Fosen. <a href=\"https:\/\/www.nrk.no\/innlandet\/reagerer-pa-100-millionar-til-flytting-av-fosen-rein-til-osterdalen-1.17420302\" ec-id=\"pp:article:1.17420302\" ec-name=\"Det skapte sterke reaksjoner.\" rel=\"nofollow noopener\" target=\"_blank\">Det skapte sterke reaksjoner.<\/a><\/p>\n<p>Juni<\/p>\n<p>Inn mot sommeren ga Riksantikvaren tillatelse til \u00e5 starte utgraving p\u00e5 den gamle Hamarkaupangen p\u00e5 Domirkeodden. I sommer fant arkeologer rester av hus i den forsvunne middelalderbyen p\u00e5 Hamar. <a href=\"https:\/\/www.nrk.no\/innlandet\/_-fantastisk-gamle-dateringer-pa-middelalderbyen-pa-hamar-1.17629260\" ec-id=\"pp:article:1.17629260\" ec-name=\"N\u00e5 har de f\u00e5tt svar p\u00e5 hvor gamle de er.\" rel=\"nofollow noopener\" target=\"_blank\">N\u00e5 har de f\u00e5tt svar p\u00e5 hvor gamle de er.<\/a><\/p>\n<p>Dateringer viser at bygningene stammer fra andre halvdel av 1100-tallet, like etter opprettelsen av bispesetet i 1152.<\/p>\n<p>Kjendisinvestor <a href=\"https:\/\/www.nrk.no\/innlandet\/xl\/kjendisinvestor-magnus-smidesang-ronningen-kjopte-_halve_-bygda-_-na-skraper-kreditorene-pa-dora-1.17360725\" ec-id=\"pp:article:1.17360725\" ec-name=\"Magnus R\u00f8nningen kj\u00f8pte \u00abhalve\u00bb V\u00e5g\u00e5\" rel=\"nofollow noopener\" target=\"_blank\">Magnus R\u00f8nningen kj\u00f8pte \u00abhalve\u00bb V\u00e5g\u00e5<\/a> i 2022, men s\u00e5 snudde \u00f8konomien og kreditorene skrapte p\u00e5 d\u00f8ra. Flere lokale h\u00e5ndverkere og bedrifter hadde utest\u00e5ende betalinger, og tvangspant ble tatt i bruk for \u00e5 sikre kravene. R\u00f8nningen svarte til NRK at det forel\u00e5 planer for finansieringen.<\/p>\n<p>Juli<\/p>\n<p>Nordmenn spiser s\u00e5 mye cottage cheese at meieriet p\u00e5 Frya ikke klarte \u00e5 lage nok. I<a href=\"https:\/\/www.nrk.no\/innlandet\/tine-frya-ansetter-17-nye-etter-at-cottage-cheese-og-annen-proteinrik-mat-trender-1.17481371\" ec-id=\"pp:article:1.17481371\" ec-name=\"juli m\u00e5tte de ansatte flere for \u00e5 m\u00f8te den \u00f8kte ettersp\u00f8rselen etter cottage cheese.\" rel=\"nofollow noopener\" target=\"_blank\"> juli m\u00e5tte de ansatte flere for \u00e5 m\u00f8te den \u00f8kte ettersp\u00f8rselen etter cottage cheese.<\/a> I 2024 investerte Tine 25 millioner kroner i nytt utstyr for \u00e5 utvide produksjonen. Produksjonen skal \u00f8kes til d\u00f8gnkontinuerlig drift, fra seks til sju dager i uken.<\/p>\n<p>Det bl\u00e5gr\u00f8nne vannet i Mj\u00f8sa og Gudbrandsdalsl\u00e5gen er et kjent syn, men eksperter har aldri sett det like intenst som i sommer. <a href=\"https:\/\/www.nrk.no\/innlandet\/mjosa-og-lagen-er-spesielt-grone-i-sommar-1.17503017\" ec-id=\"pp:article:1.17503017\" ec-name=\"Mj\u00f8sa skiftet regelrett farge p\u00e5 grunn av bresmelting.\" rel=\"nofollow noopener\" target=\"_blank\">Mj\u00f8sa skiftet regelrett farge p\u00e5 grunn av bresmelting. <\/a><\/p>\n<p>August<\/p>\n<p><a href=\"https:\/\/www.nrk.no\/innlandet\/heile-lom-flaggar-for-ny-skule_-_-festdag_-1.17530974\" ec-id=\"pp:article:1.17530974\" ec-name=\"I Lom flagget hele bygda for den nye private videreg\u00e5ende skolen\" rel=\"nofollow noopener\" target=\"_blank\">I Lom flagget hele bygda for den nye private videreg\u00e5ende skolen<\/a> ved skolestart. Jotunheimen privatistskule ble hyllet av lokalbefolkningen og flere nasjonale politikere hadde tatt turen til Nord-Gudbrandsdalen.<\/p>\n<p><img decoding=\"async\"   src=\"data:image\/gif;base64,R0lGODlhAQABAIAAAAAAAP\/\/\/yH5BAEAAAAALAAAAAABAAEAAAIBRAA7\" loading=\"eager\" alt=\"En gruppe kvinner i tradisjonelle kl\u00e6r\" title=\"Foto: Even Lus\u00e6ter \/ NRK\"\/><\/p>\n<p class=\"\">Tonje B\u00e5rdseng, G\u00f8ril Str\u00f8mstad, og Andrea Stasviken hadde pynta seg for f\u00f8rste skoledag. <\/p>\n<p>Foto: Even Lus\u00e6ter \/ NRK<\/p>\n<p>Lenger s\u00f8r bevilget regjeringen mellom <a href=\"https:\/\/www.nrk.no\/innlandet\/regjeringa-setter-av-penger-til-nytt-sykehus-i-innlandet-i-statsbudsjettet-1.17511786\" ec-id=\"pp:article:1.17511786\" ec-name=\"18 og 19 milliarder kroner til det nye Mj\u00f8ssykehuset.\" rel=\"nofollow noopener\" target=\"_blank\">18 og 19 milliarder kroner til det nye Mj\u00f8ssykehuset. <\/a>18 av dem g\u00e5r til nytt sykehusbygg og utstyr p\u00e5 det omstridte storsykehuset.<\/p>\n<p><img decoding=\"async\"   src=\"data:image\/gif;base64,R0lGODlhAQABAIAAAAAAAP\/\/\/yH5BAEAAAAALAAAAAABAAEAAAIBRAA7\" loading=\"eager\" alt=\"en gruppe mennesker som holder plakater\" title=\"Foto: Aleksandr Nedbaev \/ NRK\"\/><\/p>\n<p class=\"\">Statsminister Jonas Gahr St\u00f8re og helseminister Jan Christian Vestre hadde med finansieringen til det nye planlagte sykehuset.<\/p>\n<p>Foto: Aleksandr Nedbaev \/ NRK<\/p>\n<p>Kort tid etter skoleferien var over ble deler av <a href=\"https:\/\/www.nrk.no\/innlandet\/brann-ved-loten-ungdomsskole-1.17539988\" ec-id=\"pp:article:1.17539988\" ec-name=\"L\u00f8ten ungdomsskole totalskadd i brann\" rel=\"nofollow noopener\" target=\"_blank\">L\u00f8ten ungdomsskole totalskadd i brann<\/a>. To mindre\u00e5rige ble siktet for grovt skadeverk.<\/p>\n<p>Fire menn er siktet etter <a href=\"https:\/\/www.nrk.no\/innlandet\/det-var-jerry-mikael-lemmetty-som-ble-funnet-i-glomma-1.17536827\" ec-id=\"pp:article:1.17536827\" ec-name=\"drapet p\u00e5 Jerry Mikael Lemmetty (32)\" rel=\"nofollow noopener\" target=\"_blank\">drapet p\u00e5 Jerry Mikael Lemmetty (32)<\/a>, som ble funnet i Glomma i august 2025. Han ble meldt savnet i november 2024. Tre er siktet for drap eller medvirkning, \u00e9n for bevisp\u00e5virkning og likskjending. Alle nekter straffskyld.<\/p>\n<p><img decoding=\"async\"   src=\"data:image\/gif;base64,R0lGODlhAQABAIAAAAAAAP\/\/\/yH5BAEAAAAALAAAAAABAAEAAAIBRAA7\" loading=\"eager\" alt=\"et par b\u00e5ter p\u00e5 en elv\" title=\"Foto: Ismail Burak Akkan \/ NRK\"\/><\/p>\n<p class=\"\">Politiet gjorde omfattende unders\u00f8kelser i Glomma i s\u00f8ket etter svenske Jerry Mikael Lemmetty.<\/p>\n<p>Foto: Ismail Burak Akkan \/ NRK<\/p>\n<p>September<\/p>\n<p>H\u00f8sten ble preget av den tragiske <a href=\"https:\/\/www.nrk.no\/innlandet\/husbrann-i-hamar-har-spredd-seg-til-nabohus-1.17559442\" ec-id=\"pp:article:1.17559442\" ec-name=\"d\u00f8dsbrannen p\u00e5 Hamar\" rel=\"nofollow noopener\" target=\"_blank\">d\u00f8dsbrannen p\u00e5 Hamar<\/a>. <a href=\"https:\/\/www.nrk.no\/innlandet\/fire-venninner-i-slutten-av-tenarene-dode-i-brann-i-hamar-_-navnene-frigitt-1.17559834\" ec-id=\"pp:article:1.17559834\" ec-name=\"Fire unge kvinner mistet livet da en bolig i sentrum av byen brant ned\" rel=\"nofollow noopener\" target=\"_blank\">Fire unge kvinner mistet livet da en bolig i sentrum av byen brant ned<\/a>.<\/p>\n<p><img decoding=\"async\"   src=\"data:image\/gif;base64,R0lGODlhAQABAIAAAAAAAP\/\/\/yH5BAEAAAAALAAAAAABAAEAAAIBRAA7\" loading=\"eager\" alt=\"Astrid (18), Ida (19), Ester (19) og Ariane (18) omkom i brannen i Hamar\" title=\"Foto: Privat\"\/><\/p>\n<p class=\"\">Astrid St\u00f8e Valla, Ida B\u00e6k Nordland, Ester Moe Lj\u00f8dal og Ariane Haga omkom i brannen i Hamar.<\/p>\n<p>Foto: Privat<\/p>\n<p>Hele Norge fulgte venninnene til sitt siste hvilested og Hamar <a href=\"https:\/\/www.nrk.no\/innlandet\/hamar-star-samlet-etter-dodsbrann-i-hamar-1.17562844\" ec-id=\"pp:article:1.17562844\" ec-name=\"slo ring om de omkomne\" rel=\"nofollow noopener\" target=\"_blank\">slo ring om de omkomne<\/a> med et minnesmerke i sentrum.<\/p>\n<p>I sommer vedtok kommunestyret i Sel \u00e5 beholde den store parkeringsplassen p\u00e5 Spranget, ved inngangen til Rondane nasjonalpark. <a href=\"https:\/\/www.nrk.no\/innlandet\/uenighet-i-sel-om-flytting-av-parkeringsplass-ved-rondane-1.17580336\" ec-id=\"pp:article:1.17580336\" ec-name=\"Mot slutten av september instruerte Staten dem til \u00e5 snu\" rel=\"nofollow noopener\" target=\"_blank\">Mot slutten av september instruerte Staten dem til \u00e5 snu<\/a>. Bakgrunnen var<a href=\"https:\/\/www.nrk.no\/innlandet\/regjeringen-legger-fram-tiltaksplan-for-villrein-i-rondane_-knutsho-og-snohetta-villreinomrader-1.17576134\" ec-id=\"pp:article:1.17576134\" ec-name=\"den nye tiltaksplanen for villrein\" rel=\"nofollow noopener\" target=\"_blank\"> den nye tiltaksplanen for villrein<\/a> i omr\u00e5det. Det fikk ordf\u00f8reren i Sel til \u00e5 rase.<\/p>\n<p><img decoding=\"async\"   src=\"data:image\/gif;base64,R0lGODlhAQABAIAAAAAAAP\/\/\/yH5BAEAAAAALAAAAAABAAEAAAIBRAA7\" loading=\"eager\" alt=\"Parkeringsplassen Spranget ved Rondane.\" title=\"Foto: Dag Kessel\"\/><\/p>\n<p class=\"\">Fra parkeringsplassen p\u00e5 Spranget g\u00e5r du rett inn i nasjonalparken Rondane. Herfra er det kort vei inn til foten av Storronden, Rondeslottet og Veslesmeden.<\/p>\n<p>Foto: Dag Kessel<\/p>\n<p>Den nysl\u00e5tte katolske presten <a href=\"https:\/\/www.nrk.no\/innlandet\/mathias-ledum-_30_-har-laget-seg-sitt-eget-kapell-langs-pilegrimsleden-1.17572840\" ec-id=\"pp:article:1.17572840\" ec-name=\"Mathias Ledum laget sitt eget kapell langs pilegrimsleden\" rel=\"nofollow noopener\" target=\"_blank\">Mathias Ledum laget sitt eget kapell langs pilegrimsleden<\/a> ved barndomsg\u00e5rden p\u00e5 Tretten. 30-\u00e5ringen gjorde om en gammel smie til jomfru Marias norske hjem.<\/p>\n<p><img decoding=\"async\"   src=\"data:image\/gif;base64,R0lGODlhAQABAIAAAAAAAP\/\/\/yH5BAEAAAAALAAAAAABAAEAAAIBRAA7\" loading=\"eager\" alt=\"en person som st\u00e5r ved siden av en trebygning ved en innsj\u00f8\" title=\"Foto: Anne Jo Lexander\"\/><\/p>\n<p class=\"\">I naturromantiske omgivelser i Gudbrandsdalen har en tidligere smie f\u00e5tt nytt liv.<\/p>\n<p>Foto: Anne Jo Lexander<\/p>\n<p>Oktober<\/p>\n<p>Etter 25 \u00e5r med jobbing <a href=\"https:\/\/www.nrk.no\/innlandet\/skogfinnene-far-sitt-museum-_-etter-25-ar-jobbing-star-norsk-skogfinsk-museum-klar-til-apning-1.17624130\" ec-id=\"pp:article:1.17624130\" ec-name=\"\u00e5pnet Norsk skogfisk museum\" rel=\"nofollow noopener\" target=\"_blank\">\u00e5pnet Norsk skogfisk museum<\/a>, hvor Dronning Sonja var tilstede og klippet snora. Museumsdirekt\u00f8ren uttalte at skogfinnene f\u00e5r verdigheten sin tilbake med det nye bygget. Museet, som har kostet 180 millioner kroner, er et av de st\u00f8rste kulturprosjektene i Innlandet p\u00e5 mange \u00e5r. Bygget er designet for \u00e5 speile skogfinnene og deres tilknytning til naturen, med trestolper og store glassvegger som gir en \u00abkatedralf\u00f8lelse\u00bb.<\/p>\n<p>For to \u00e5r siden anslo Nammo p\u00e5 Raufoss at de ville ansette 700 innen 2030. <a href=\"https:\/\/www.nrk.no\/innlandet\/nammo-vil-ansette-1500-nye-personer-1.17629486\" ec-id=\"pp:article:1.17629486\" ec-name=\"N\u00e5 er tallet mer enn doblet til 1500\" rel=\"nofollow noopener\" target=\"_blank\">N\u00e5 er tallet mer enn doblet til 1500<\/a>. Konsernsjef Morten Brandtz\u00e6g varslet en omsetning p\u00e5 over 30 milliarder kroner under Industrikonferansen.<\/p>\n<p><a href=\"https:\/\/www.nrk.no\/innlandet\/bjarne-aaboen-_69_-lag-hjelpelaus-ute-i-tre-dogn-i-skjak_-_-eg-ville-ikkje-gje-opp-1.17613176\" ec-id=\"pp:article:1.17613176\" ec-name=\"I Skj\u00e5k fikk Bjarne Aaboen tre dramatiske dager mens han l\u00e5 hjelpel\u00f8s ute\" rel=\"nofollow noopener\" target=\"_blank\">I Skj\u00e5k fikk Bjarne Aaboen tre dramatiske dager mens han l\u00e5 hjelpel\u00f8s ute<\/a> etter \u00e5 ha falt fra hyttetaket. Til slutt kom naboen reddende til. Den 69 \u00e5r gamle ulykkesfuglen fikk mange til \u00e5 trekke p\u00e5 smileb\u00e5ndet med sin rolige tiln\u00e6rming til ulykken.<\/p>\n<p>Bjarne Aaboen falt ned fra taket p\u00e5 hytta si og l\u00e5 ute i tre dager f\u00f8r han fikk hjelp.<\/p>\n<p>November<\/p>\n<p>En ukrainsk familie i Kongsvinger fortalte om <a href=\"https:\/\/www.nrk.no\/innlandet\/familien-fra-ukraina-har-ventet-i-nesten-to-ar-_-ingen-kommune-vil-ta-dem-imot-1.17633675\" ec-id=\"pp:article:1.17633675\" ec-name=\"ventetid p\u00e5 over to \u00e5r for \u00e5 bli bosatt\" rel=\"nofollow noopener\" target=\"_blank\">ventetid p\u00e5 over to \u00e5r for \u00e5 bli bosatt<\/a>. Familien best\u00e5ende av mor, far og en utviklingshemmet datter p\u00e5 19 \u00e5r har oppholdstillatelse, men har ventet unormalt lenge p\u00e5 kunne flytte ut til en kommune p\u00e5 grunn av datterens diagnose.<\/p>\n<p><img decoding=\"async\"   src=\"data:image\/gif;base64,R0lGODlhAQABAIAAAAAAAP\/\/\/yH5BAEAAAAALAAAAAABAAEAAAIBRAA7\" loading=\"eager\" alt=\"en person som st\u00e5r ved siden av en person som sitter p\u00e5 en seng\" title=\"Foto: Ann-Kristin Mo \/ NRK\"\/><\/p>\n<p class=\"\">Olena Atabaieva pr\u00f8ver \u00e5 skape en hverdag for datteren Bogdana p\u00e5 mottaket i Kongsvinger.<\/p>\n<p>Foto: Ann-Kristin Mo \/ NRK<\/p>\n<p>Nordre Land kommune gikk til retten for \u00e5 <a href=\"https:\/\/www.nrk.no\/innlandet\/nordre-land-kommune-tar-tre-bebuarar-med-utviklingshemming-til-retten-for-a-fa-dei-til-a-flytte-1.17649561\" ec-id=\"pp:article:1.17649561\" ec-name=\"kaste ut tre personer med utviklingshemminger.\" rel=\"nofollow noopener\" target=\"_blank\">kaste ut tre personer med utviklingshemminger.<\/a> Egil Andr\u00e9 Finstuen og Bente Brenden ble stevna for retten. Bakgrunnen var at kommunen \u00f8nsker \u00e5 flytte dem til et omsorgssenter for \u00e5 spare penger. Det var beboerne og de p\u00e5r\u00f8rende uenig i.<\/p>\n<p><img decoding=\"async\"   src=\"data:image\/gif;base64,R0lGODlhAQABAIAAAAAAAP\/\/\/yH5BAEAAAAALAAAAAABAAEAAAIBRAA7\" loading=\"eager\" alt=\"to mennesker som sitter i rullestol\" title=\"Foto: Arne S\u00f8renes \/ NRK\"\/><\/p>\n<p class=\"\">Egil Andr\u00e9 Finstuen og Bente Brenden.<\/p>\n<p>Foto: Arne S\u00f8renes \/ NRK<\/p>\n<p><a href=\"https:\/\/www.nrk.no\/innlandet\/xl\/lisanne-var-_jenta-i-oygard-saken_-1.17365629\" ec-id=\"pp:article:1.17365629\" ec-name=\"Lisanne Dijkstra stod frem som \u00abjenta i \u00d8ygard-saken\u00bb\" rel=\"nofollow noopener\" target=\"_blank\">Lisanne Dijkstra stod frem som \u00abjenta i \u00d8ygard-saken\u00bb<\/a> i podkasten Hele historien i NRK. 30-\u00e5ringen var bare 13 \u00e5r da hun ble kjent med en av landets mest profilerte ordf\u00f8rere, som senere ble d\u00f8mt til fengsel i to \u00e5r og tre m\u00e5neder for seksuell omgang med barn under 16 \u00e5r, men over 14 \u00e5r. N\u00e5 forteller hun sin historie.<\/p>\n<p>Desember<\/p>\n<p><a href=\"https:\/\/www.nrk.no\/innlandet\/varslingsrapporten-mot-fylkeskommunedirektor-i-innlandet-klar-_-finner-ikke-grunnlag-for-korrupsjon-1.17658219\" ec-id=\"pp:article:1.17658219\" ec-name=\"Varslingssaken mot fylkeskommunedirekt\u00f8r Tron Bamrud ble avsluttet uten noen form for sanksjoner\" rel=\"nofollow noopener\" target=\"_blank\">Varslingssaken mot fylkeskommunedirekt\u00f8r Tron Bamrud ble avsluttet uten noen form for sanksjoner <\/a>etter hans l\u00f8nnsl\u00e5n til fylkesordf\u00f8reren. Saken startet i slutten av august. Da ble det kjent at stabssjef i Innlandet fylkeskommune, Hjalmar N\u00f8rsteb\u00f8-Solbj\u00f8r, hadde <a href=\"https:\/\/www.nrk.no\/innlandet\/varsel-mot-fylkeskommunedirektor-i-innlandet-1.17544484\" ec-id=\"pp:article:1.17544484\" ec-name=\"varslet mot fylkeskommunedirekt\u00f8ren.\" rel=\"nofollow noopener\" target=\"_blank\">varslet mot fylkeskommunedirekt\u00f8ren.<\/a> Totalt har varslingssaken<a href=\"https:\/\/www.nrk.no\/innlandet\/varslingssak-koster-innlandet-fylkeskommune-2_1-millioner-kroner-1.17682826\" ec-id=\"pp:article:1.17682826\" ec-name=\"kostet Innlandet fylkeskommune 2,1 millioner kroner.\" rel=\"nofollow noopener\" target=\"_blank\"> kostet Innlandet fylkeskommune 2,1 millioner kroner.<\/a><\/p>\n<p><img decoding=\"async\"   src=\"data:image\/gif;base64,R0lGODlhAQABAIAAAAAAAP\/\/\/yH5BAEAAAAALAAAAAABAAEAAAIBRAA7\" loading=\"eager\" alt=\"Tron Bamrud, fylkeskommunedirekt\u00f8r (Innlandet fylkeskommune) utend\u00f8rs foran fylkeshuset i Hamar\" title=\"Foto: Bj\u00f8rnar Mor\u00f8nning \/ NRK\"\/><\/p>\n<p class=\"\">Etter lengre tids behandling av varslingssaken mot Tron Bamrud, fikk fylkeskommunedirekt\u00f8ren fortsette i jobben uten noen form for reaksjon fra fylkestinget.<\/p>\n<p>Foto: Bj\u00f8rnar Mor\u00f8nning \/ NRK<\/p>\n<p>P\u00e5 Tynset ble det tradisjonelle <a href=\"https:\/\/www.nrk.no\/innlandet\/avlyste-pepperkakeverksted-pa-tynset-grunnet-nye-regler-1.17677895\" ec-id=\"pp:article:1.17677895\" ec-name=\"pepperkakeverkstedet avlyst p\u00e5 grunn av nye markedsf\u00f8ringsregler\" rel=\"nofollow noopener\" target=\"_blank\">pepperkakeverkstedet avlyst p\u00e5 grunn av nye markedsf\u00f8ringsregler<\/a>. En ny forskrift forbyr markedsf\u00f8ring av usunn mat og drikke rettet mot barn under 18 \u00e5r, noe som f\u00f8rte til at pepperkakeverkstedet p\u00e5 Tynset ikke kunne arrangeres i 2025.<\/p>\n<p>Publisert<\/p>\n<p>01.01.2026, kl. 14.28<\/p>\n<p>Oppdatert<\/p>\n<p>01.01.2026, kl. 17.33<\/p>\n","protected":false},"excerpt":{"rendered":"Januar V\u00e6r preget inngangen p\u00e5 det nye \u00e5ret. I januar ble Dovrebanen stengt p\u00e5 grunn av isdanning og&hellip;\n","protected":false},"author":2,"featured_media":11322,"comment_status":"","ping_status":"","sticky":false,"template":"","format":"standard","meta":{"footnotes":""},"categories":[10],"tags":[20,21,24,25,15,22,23,13,30,28,29,14,16,26,27],"class_list":{"0":"post-126440","1":"post","2":"type-post","3":"status-publish","4":"format-standard","5":"has-post-thumbnail","7":"category-norge","8":"tag-breaking-news","9":"tag-breakingnews","10":"tag-featured-news","11":"tag-featurednews","12":"tag-headlines","13":"tag-latest-news","14":"tag-latestnews","15":"tag-news","16":"tag-no","17":"tag-norge","18":"tag-norway","19":"tag-nyheter","20":"tag-overskrifter","21":"tag-top-stories","22":"tag-topstories"},"share_on_mastodon":{"url":"https:\/\/pubeurope.com\/@no\/115821045604459155","error":""},"_links":{"self":[{"href":"https:\/\/www.europesays.com\/no\/wp-json\/wp\/v2\/posts\/126440","targetHints":{"allow":["GET"]}}],"collection":[{"href":"https:\/\/www.europesays.com\/no\/wp-json\/wp\/v2\/posts"}],"about":[{"href":"https:\/\/www.europesays.com\/no\/wp-json\/wp\/v2\/types\/post"}],"author":[{"embeddable":true,"href":"https:\/\/www.europesays.com\/no\/wp-json\/wp\/v2\/users\/2"}],"replies":[{"embeddable":true,"href":"https:\/\/www.europesays.com\/no\/wp-json\/wp\/v2\/comments?post=126440"}],"version-history":[{"count":0,"href":"https:\/\/www.europesays.com\/no\/wp-json\/wp\/v2\/posts\/126440\/revisions"}],"wp:featuredmedia":[{"embeddable":true,"href":"https:\/\/www.europesays.com\/no\/wp-json\/wp\/v2\/media\/11322"}],"wp:attachment":[{"href":"https:\/\/www.europesays.com\/no\/wp-json\/wp\/v2\/media?parent=126440"}],"wp:term":[{"taxonomy":"category","embeddable":true,"href":"https:\/\/www.europesays.com\/no\/wp-json\/wp\/v2\/categories?post=126440"},{"taxonomy":"post_tag","embeddable":true,"href":"https:\/\/www.europesays.com\/no\/wp-json\/wp\/v2\/tags?post=126440"}],"curies":[{"name":"wp","href":"https:\/\/api.w.org\/{rel}","templated":true}]}}