{"id":126447,"date":"2026-01-01T17:40:28","date_gmt":"2026-01-01T17:40:28","guid":{"rendered":"https:\/\/www.europesays.com\/no\/126447\/"},"modified":"2026-01-01T17:40:28","modified_gmt":"2026-01-01T17:40:28","slug":"helse-hamar-arets-nyttarsbarn-i-innlandet-er-fra-hamar-h-a-no","status":"publish","type":"post","link":"https:\/\/www.europesays.com\/no\/126447\/","title":{"rendered":"Helse, Hamar | \u00c5rets nytt\u00e5rsbarn i Innlandet er fra Hamar &#8211; h-a.no"},"content":{"rendered":"<ol>\n<li><a href=\"https:\/\/news.google.com\/rss\/articles\/CBMigwFBVV95cUxNVEJlM282QkkyTlJZSHJHSzRENWVnaEZucXNFV205aTRSd3NjRDFFTHdKZjFKYnRENTkydEpiVFBVekRhTC1XLTZ6TUJ0clV3Y19hRmRoc2tMRkhMUndqSW52WE91T085dTRUaENVeE52RWRaU0xQb0dxU3dtSUlYTDV4MA?oc=5\" target=\"_blank\" rel=\"nofollow noopener\">Helse, Hamar | \u00c5rets nytt\u00e5rsbarn i Innlandet er fra Hamar<\/a>&nbsp;&nbsp;h-a.no<\/li>\n<li><a href=\"https:\/\/news.google.com\/rss\/articles\/CBMingFBVV95cUxNQjRSM2pkN0NLVFFxX2R2LURyZDRwRW11eHdGeDFNQVItVnpNMkU0LTYyMXYwbFRkTE5rdGhFdmVSc1ZwYkEwVmNacHhrbkFHVXdtYmRJRXlJZUhJRncwZDFweWlNekNKWU8xb3dMcXB6S0tOUmE4UVd0VjZqY3hYT0dha1Znb2NwOEpnd0NzTHc3aFN2MzhJQ2h3MGZHUQ?oc=5\" target=\"_blank\" rel=\"nofollow noopener\">Forn\u00f8yd far etter nytt\u00e5rsbarn ble f\u00f8dt p\u00e5 S\u00f8rlandet sykehus: \u2013 Jeg er s\u00e5 glad<\/a>&nbsp;&nbsp;NRK<\/li>\n<li><a href=\"https:\/\/news.google.com\/rss\/articles\/CBMikgFBVV95cUxNUE1sVnk3TzdvS2FWRWFjMjVLYTdqUy11bGM1QzNZbnJsazVaM1QzZzFzWHZEQWRJdFlRdzlMaHhkODhEcXRxcWozUzlrM0xGWks0eHJoa1h2aUh3dUUtRm9ONmpjdl80djZyeVpsaUx4TE01ZVBWaXp4d0tKdUZMTG1EQzVkV2p1bTY2ZHVUOXEzdw?oc=5\" target=\"_blank\" rel=\"nofollow noopener\">Tvillinger ble \u00e5rets nytt\u00e5rsbarn ved SUS<\/a>&nbsp;&nbsp;Stavanger Aftenblad<\/li>\n<li><a href=\"https:\/\/news.google.com\/rss\/articles\/CBMid0FVX3lxTFBaZnJJQ25WOUFwNENWTWZjVXhQa1dIbDJaR1FDaWEwZnBnWjZfbVdqQ3lZV1NQd1h5UlJnS3p2SlByU1ZiZ3JZS3dkQ1FLTG84MXh4WGQtemVHVFdnREplTlpSZTNjWG9rQUVhNXExXzkxdUpfTHNF?oc=5\" target=\"_blank\" rel=\"nofollow noopener\">Her er \u00e5rets nytt\u00e5rsbarn: \u2013 Det var spennende<\/a>&nbsp;&nbsp;Bergensavisen<\/li>\n<li><a href=\"https:\/\/news.google.com\/rss\/articles\/CBMilgFBVV95cUxOYll5LTNvaC1ldzRHZDRRdElJOFUyQmt6MkljMjQ0NHhpOVZ6dW91YTZUdXlQSWh5ZkswRHF4QnVMWXYwbVZBMVVZV1dLR0dDYW9uZmtGRXRhUVNCU2dGaDlMdGJrZW5wUEVUR3RGanV5OHp3b05qTHhMbkt3RUk0c2xPVFBoak5EM2p2RXZzTnhwSmlVTnc?oc=5\" target=\"_blank\" rel=\"nofollow noopener\">Forlot kalkunen p\u00e5 nytt\u00e5rsaften \u2013 fikk \u00e5rets f\u00f8rste baby<\/a>&nbsp;&nbsp;TV2.no<\/li>\n<\/ol>\n","protected":false},"excerpt":{"rendered":"Helse, Hamar | \u00c5rets nytt\u00e5rsbarn i Innlandet er fra Hamar&nbsp;&nbsp;h-a.no Forn\u00f8yd far etter nytt\u00e5rsbarn ble f\u00f8dt p\u00e5 S\u00f8rlandet&hellip;\n","protected":false},"author":2,"featured_media":126353,"comment_status":"","ping_status":"","sticky":false,"template":"","format":"standard","meta":{"footnotes":""},"categories":[10],"tags":[20,21,24,25,15,22,23,13,30,28,29,14,16,26,27],"class_list":{"0":"post-126447","1":"post","2":"type-post","3":"status-publish","4":"format-standard","5":"has-post-thumbnail","7":"category-norge","8":"tag-breaking-news","9":"tag-breakingnews","10":"tag-featured-news","11":"tag-featurednews","12":"tag-headlines","13":"tag-latest-news","14":"tag-latestnews","15":"tag-news","16":"tag-no","17":"tag-norge","18":"tag-norway","19":"tag-nyheter","20":"tag-overskrifter","21":"tag-top-stories","22":"tag-topstories"},"share_on_mastodon":{"url":"https:\/\/pubeurope.com\/@no\/115821073132824410","error":""},"_links":{"self":[{"href":"https:\/\/www.europesays.com\/no\/wp-json\/wp\/v2\/posts\/126447","targetHints":{"allow":["GET"]}}],"collection":[{"href":"https:\/\/www.europesays.com\/no\/wp-json\/wp\/v2\/posts"}],"about":[{"href":"https:\/\/www.europesays.com\/no\/wp-json\/wp\/v2\/types\/post"}],"author":[{"embeddable":true,"href":"https:\/\/www.europesays.com\/no\/wp-json\/wp\/v2\/users\/2"}],"replies":[{"embeddable":true,"href":"https:\/\/www.europesays.com\/no\/wp-json\/wp\/v2\/comments?post=126447"}],"version-history":[{"count":0,"href":"https:\/\/www.europesays.com\/no\/wp-json\/wp\/v2\/posts\/126447\/revisions"}],"wp:featuredmedia":[{"embeddable":true,"href":"https:\/\/www.europesays.com\/no\/wp-json\/wp\/v2\/media\/126353"}],"wp:attachment":[{"href":"https:\/\/www.europesays.com\/no\/wp-json\/wp\/v2\/media?parent=126447"}],"wp:term":[{"taxonomy":"category","embeddable":true,"href":"https:\/\/www.europesays.com\/no\/wp-json\/wp\/v2\/categories?post=126447"},{"taxonomy":"post_tag","embeddable":true,"href":"https:\/\/www.europesays.com\/no\/wp-json\/wp\/v2\/tags?post=126447"}],"curies":[{"name":"wp","href":"https:\/\/api.w.org\/{rel}","templated":true}]}}