{"id":126448,"date":"2026-01-01T17:41:25","date_gmt":"2026-01-01T17:41:25","guid":{"rendered":"https:\/\/www.europesays.com\/no\/126448\/"},"modified":"2026-01-01T17:41:25","modified_gmt":"2026-01-01T17:41:25","slug":"tour-de-ski-langrenn-norsk-skisport-imot-alt-klager-pa-alt","status":"publish","type":"post","link":"https:\/\/www.europesays.com\/no\/126448\/","title":{"rendered":"Tour de Ski, Langrenn | Norsk skisport imot alt, klager p\u00e5 alt"},"content":{"rendered":"\n<p>Hva er det med oss nordmenn? Spesielt skil\u00f8pere. Som er i mot alt alt nytt. Konsekvent motstand mot alle forandringer.<\/p>\n<p>V-stil i hopp, sk\u00f8yting, sprint, jaktstart, glassfiberski, fellesstart og stafett i langrenn. For ikke \u00e5 snakke om kvinner p\u00e5 ski!<\/p>\n<p><b>Les ogs\u00e5:<\/b> <a class=\"simple-relation related-teaser article--c-eRUmMG article--c-eRUmMG-fZoQSp-design-nettavisen article--c-eRUmMG-gwthdJ-cv\" href=\"https:\/\/www.nettavisen.no\/slakter-omdiskutert-tour-de-ski-renn\/s\/5-95-2803121\" rel=\"nofollow noopener\" target=\"_blank\">Slakter omdiskutert Tour de Ski-renn<\/a><\/p>\n<p>Noe annet i Sverige<\/p>\n<p>Under Tour de Ski ble det nytt\u00e5rsaften pr\u00f8vd ut en ny \u00f8velse, 5 km med 20 l\u00f8pere i hvert heat, hvor tiden til den enkelte l\u00f8p gjelder, ikke plassering i heat. Selvsagt var det nesten unisont \u00abnei takk dette vil vi ikke ha\u00bb, fra norske l\u00f8pere. Uff, nei takk. Huffameg som nordmenn p\u00e5 ski klager!<\/p>\n<p>Emil Iversen: &#8211; Umulig for publikum \u00e5 skj\u00f8nne. Simen Hegstad Kr\u00fcger: &#8211; Jeg f\u00f8ler det er en tullete \u00f8velse. Astrid \u00d8yre Slind: &#8211; Det kan bli en urettferdig konkurranse p\u00e5 grunn av hvilket heat du havner i.<\/p>\n<p>Rett over nabogrensa var stemningen en annen: Frida Karlssson: &#8211; Jeg liker at de tester noe nytt. Alvar Myhlback: &#8211; Jeg tror det blir fart og cowboy-kj\u00f8ring.<\/p>\n<p><b>Les ogs\u00e5: <\/b> <a class=\"simple-relation related-teaser article--c-eRUmMG article--c-eRUmMG-fZoQSp-design-nettavisen article--c-eRUmMG-gwthdJ-cv\" href=\"https:\/\/www.nettavisen.no\/fis-grep-inn-mot-russland-trener\/s\/5-95-2803004\" rel=\"nofollow noopener\" target=\"_blank\">FIS grep inn mot Russland-trener<\/a><\/p>\n<p>Jeg sier det med engang etter at herre\u00f8velsen er unnagjort: Dette var kult. Bare s\u00e5 leseren vet hvor du har meg. Mange fryktet at det skulle bli kaotisk \u00e5 f\u00f8lge for publikum p\u00e5 stadion og oss tv-seere. Fra tv-stolen er konklusjon: Da grafikken fungerte, hvor vi fikk \u00abvirtual standing\u00bb i tv-ruta s\u00e5 var dette topp underholdning. Dessverre falt grafikk ut p\u00e5 flere heat.<\/p>\n<p>Mer av dette!<\/p>\n<p>Men, kommentatorene ga oss hele tiden god oversikt over hvordan l\u00f8perne i de ulike heatene l\u00e5 an. Det som jeg syntes var ekstra interessant var \u00e5 se at l\u00f8pere fra ulike nasjoner samarbeidet med \u00e5 holde farten opp i sine heat. Best s\u00e5 vi det i heatet til Lars Heggen. V\u00e5r unge kommende skistjerne jobbet sv\u00e6rt godt sammen med \u00f8sterrikeren Benjamin Moser og amerikaneren Gus Schumacher.<\/p>\n<p><b>Les ogs\u00e5:<\/b> <a class=\"simple-relation related-teaser article--c-eRUmMG article--c-eRUmMG-fZoQSp-design-nettavisen article--c-eRUmMG-gwthdJ-cv\" href=\"https:\/\/www.nettavisen.no\/ukraina-med-sjokkansettelse\/s\/5-95-2737509\" rel=\"nofollow noopener\" target=\"_blank\">Ukraina med sjokkansettelse<\/a><\/p>\n<p>For alle, sikkert og det internasjonale skiforbundet, FIS, m\u00e5 \u00f8velsen ha v\u00e6rt en suksess. Det var sju forskjellige nasjoner p\u00e5 de sju f\u00f8rste plassene. Og ikke som vi er vant til: en \u00abskokk\u00bb med nordmenn. Dette var jo mye morsommere enn sprintstafett.<\/p>\n<p>Forandring som fryder. Men da m\u00e5 grafikken med passeringstider fungere! Jeg h\u00e5per vi nordmenn ikke er imot en slik \u00f8velse fordi andre behersker den minst like godt som oss selv! Jeg sier bare: Mer av dette!<\/p>\n","protected":false},"excerpt":{"rendered":"Hva er det med oss nordmenn? Spesielt skil\u00f8pere. Som er i mot alt alt nytt. Konsekvent motstand mot&hellip;\n","protected":false},"author":2,"featured_media":126449,"comment_status":"","ping_status":"","sticky":false,"template":"","format":"standard","meta":{"footnotes":""},"categories":[5],"tags":[20,21,24,25,15,19,22,23,17,18,13,30,28,29,14,16,26,27],"class_list":{"0":"post-126448","1":"post","2":"type-post","3":"status-publish","4":"format-standard","5":"has-post-thumbnail","7":"category-overskrifter","8":"tag-breaking-news","9":"tag-breakingnews","10":"tag-featured-news","11":"tag-featurednews","12":"tag-headlines","13":"tag-hovedoppslag","14":"tag-latest-news","15":"tag-latestnews","16":"tag-main-news","17":"tag-mainnews","18":"tag-news","19":"tag-no","20":"tag-norge","21":"tag-norway","22":"tag-nyheter","23":"tag-overskrifter","24":"tag-top-stories","25":"tag-topstories"},"share_on_mastodon":{"url":"https:\/\/pubeurope.com\/@no\/115821077025079858","error":""},"_links":{"self":[{"href":"https:\/\/www.europesays.com\/no\/wp-json\/wp\/v2\/posts\/126448","targetHints":{"allow":["GET"]}}],"collection":[{"href":"https:\/\/www.europesays.com\/no\/wp-json\/wp\/v2\/posts"}],"about":[{"href":"https:\/\/www.europesays.com\/no\/wp-json\/wp\/v2\/types\/post"}],"author":[{"embeddable":true,"href":"https:\/\/www.europesays.com\/no\/wp-json\/wp\/v2\/users\/2"}],"replies":[{"embeddable":true,"href":"https:\/\/www.europesays.com\/no\/wp-json\/wp\/v2\/comments?post=126448"}],"version-history":[{"count":0,"href":"https:\/\/www.europesays.com\/no\/wp-json\/wp\/v2\/posts\/126448\/revisions"}],"wp:featuredmedia":[{"embeddable":true,"href":"https:\/\/www.europesays.com\/no\/wp-json\/wp\/v2\/media\/126449"}],"wp:attachment":[{"href":"https:\/\/www.europesays.com\/no\/wp-json\/wp\/v2\/media?parent=126448"}],"wp:term":[{"taxonomy":"category","embeddable":true,"href":"https:\/\/www.europesays.com\/no\/wp-json\/wp\/v2\/categories?post=126448"},{"taxonomy":"post_tag","embeddable":true,"href":"https:\/\/www.europesays.com\/no\/wp-json\/wp\/v2\/tags?post=126448"}],"curies":[{"name":"wp","href":"https:\/\/api.w.org\/{rel}","templated":true}]}}