{"id":126454,"date":"2026-01-01T17:48:31","date_gmt":"2026-01-01T17:48:31","guid":{"rendered":"https:\/\/www.europesays.com\/no\/126454\/"},"modified":"2026-01-01T17:48:31","modified_gmt":"2026-01-01T17:48:31","slug":"kongen-takker-folket-til-a-bli-ordentlig-glad-av","status":"publish","type":"post","link":"https:\/\/www.europesays.com\/no\/126454\/","title":{"rendered":"Kongen takker folket: \u2013 Til \u00e5 bli ordentlig glad av"},"content":{"rendered":"\n<p data-testid=\"textWithMarkup-text\" data-v-81d7dc2b=\"\" data-v-62d58f52=\"\">\u2013 Denne positive kraften har dronningen og jeg v\u00e6rt s\u00e5 heldige \u00e5 f\u00e5 oppleve p\u00e5 v\u00e5re mange reiser over hele landet gjennom de 57 \u00e5rene vi har v\u00e6rt gift. Det er ren vitamininnspr\u00f8ytning, sa kong Harald i sin TV-sendte nytt\u00e5rstale til det norske folk nytt\u00e5rsaften.<\/p>\n<p data-testid=\"textWithMarkup-text\" data-v-81d7dc2b=\"\" data-v-62d58f52=\"\">Kongen benyttet anledningen til \u00e5 mimre tilbake til et bes\u00f8k han og dronningen hadde i Aremark kommune i \u00d8stfold i h\u00f8st. <\/p>\n<p data-testid=\"textWithMarkup-text\" data-v-81d7dc2b=\"\" data-v-62d58f52=\"\">\u2013 Da vi satte oss i bilen for \u00e5 kj\u00f8re hjem igjen, s\u00e5 vi p\u00e5 hverandre og smilte. Det hadde v\u00e6rt et godt og hyggelig bes\u00f8k. Men det var noe mer. Noe som varmet langt inni oss, sa kongen. <\/p>\n<p data-testid=\"textWithMarkup-text\" data-v-81d7dc2b=\"\" data-v-62d58f52=\"\">\u2013 Det var dette: Gleden over \u00e5 v\u00e6re sammen med mennesker som f\u00e5r til noe bra i fellesskap og som tar vare p\u00e5 hverandre.<\/p>\n<p>Mangler ni kommuner<\/p>\n<p data-testid=\"textWithMarkup-text\" data-v-81d7dc2b=\"\" data-v-62d58f52=\"\">Kongeparet har satt seg m\u00e5l om \u00e5 komme innom alle landets kommuner p\u00e5 offisielt bes\u00f8k. N\u00e5 mangler de bare ni.<\/p>\n<p data-testid=\"textWithMarkup-text\" data-v-81d7dc2b=\"\" data-v-62d58f52=\"\">I talen trakk kongen fram flere av opplevelsene kongeparet har delt med befolkningen p\u00e5 sine reiser i l\u00f8pet av \u00e5ret:<\/p>\n<p data-testid=\"textWithMarkup-text\" data-v-81d7dc2b=\"\" data-v-62d58f52=\"\">* et mannskor ytterst p\u00e5 en kaikant \u2013 syngende av full hals i stiv kuling<\/p>\n<p data-testid=\"textWithMarkup-text\" data-v-81d7dc2b=\"\" data-v-62d58f52=\"\">* et idrettslag der treningen gir barna b\u00e5de glede, mestring og vennskap<\/p>\n<p data-testid=\"textWithMarkup-text\" data-v-81d7dc2b=\"\" data-v-62d58f52=\"\">* en spr\u00e5kkaf\u00e9 i en liten bygd der latteren runger blant mennesker fra forskjellige land som har funnet seg et nytt hjem her hos oss<\/p>\n<p data-testid=\"textWithMarkup-text\" data-v-81d7dc2b=\"\" data-v-62d58f52=\"\">\u2013 S\u00e5nne opplevelser er til \u00e5 bli ordentlig glad av, sa kong Harald i talen.<\/p>\n<p>Gleder seg til VM<\/p>\n<p data-testid=\"textWithMarkup-text\" data-v-81d7dc2b=\"\" data-v-62d58f52=\"\">Ved inngangen til det nye \u00e5ret er det \u00e9n opplevelse kongen gleder seg spesielt til:<\/p>\n<p data-testid=\"textWithMarkup-text\" data-v-81d7dc2b=\"\" data-v-62d58f52=\"\">\u2013 Neste \u00e5r har vi alle noe stort \u00e5 se fram til n\u00e5r ogs\u00e5 det norske herrelandslaget har kvalifisert seg til fotball-VM \u2013 for f\u00f8rste gang p\u00e5 28 \u00e5r, sa kongen.<\/p>\n<p data-testid=\"textWithMarkup-text\" data-v-81d7dc2b=\"\" data-v-62d58f52=\"\">Han mener lag\u00e5nden de har vist, er et fantastisk eksempel p\u00e5 det \u00e5 f\u00e5 til noe sammen.<\/p>\n<p data-testid=\"textWithMarkup-text\" data-v-81d7dc2b=\"\" data-v-62d58f52=\"\">\u2013 Vi kan v\u00e6re ordentlig stolte av dem. Jeg gleder meg!<\/p>\n<p>Nevnte ikke H\u00f8iby-saken<\/p>\n<p data-testid=\"textWithMarkup-text\" data-v-81d7dc2b=\"\" data-v-62d58f52=\"\">I l\u00f8pet av talen nevnte ikke kong Harald rettssaken mot kronprinsesse Mette-Marits s\u00f8nn, Marius Borg H\u00f8iby.<\/p>\n<p data-testid=\"textWithMarkup-text\" data-v-81d7dc2b=\"\" data-v-62d58f52=\"\">H\u00f8iby m\u00e5 m\u00f8te i retten 3. februar, tiltalt for 32 forhold, blant annet fire voldtekter og mishandling i n\u00e6re relasjoner.<\/p>\n<p data-testid=\"textWithMarkup-text\" data-v-81d7dc2b=\"\" data-v-62d58f52=\"\">Kong Harald nevnte ikke saken spesifikt i fjor heller, da siktelsene ble kjent. Men da viet han mye tid til \u00e5 snakke om det \u00e5 takle motgang.<\/p>\n<p data-testid=\"textWithMarkup-text\" data-v-81d7dc2b=\"\" data-v-62d58f52=\"\">\u2013 Livet kan gj\u00f8re vondt. Vi mennesker gj\u00f8r feil. Ting blir ikke som vi har dr\u00f8mt om eller forestilt oss. Men vi pr\u00f8ver \u00e5 l\u00e6re av feilene v\u00e5re. Vi stabler oss p\u00e5 beina \u2013 og fortsetter. Denne drivkraften er noe helt spesielt for oss mennesker. Og jeg tror den handler om h\u00e5pet, sa kongen da.<\/p>\n<p>\u2013 Riv ruskende galt<\/p>\n<p data-testid=\"textWithMarkup-text\" data-v-81d7dc2b=\"\" data-v-62d58f52=\"\">I \u00e5rets tale tok han ogs\u00e5 opp uroen i verden og krigshandlingene i blant annet Gaza, Ukraina og Sudan.<\/p>\n<p data-testid=\"textWithMarkup-text\" data-v-81d7dc2b=\"\" data-v-62d58f52=\"\">\u2013 Vi kan kanskje tenke \u2013 n\u00e5r krig og konflikt p\u00e5g\u00e5r \u00e5r etter \u00e5r \u2013 at det n\u00e6rmest er s\u00e5nn det skal v\u00e6re. Men det er ikke det. Det er riv ruskende galt.<\/p>\n<p data-testid=\"textWithMarkup-text\" data-v-81d7dc2b=\"\" data-v-62d58f52=\"\">\u2013 Bildene vi ser, historiene vi h\u00f8rer \u2013 tenk om det var v\u00e5rt eget barn. V\u00e5r mor. V\u00e5r bror, sa kongen.<\/p>\n<p data-testid=\"textWithMarkup-text\" data-v-81d7dc2b=\"\" data-v-62d58f52=\"\">Han minnet om at historien har vist oss at det kan v\u00e6re skremmende kort vei fra \u00e5 ha \u2013 til \u00e5 miste.<\/p>\n<p data-testid=\"textWithMarkup-text\" data-v-81d7dc2b=\"\" data-v-62d58f52=\"\">\u2013 S\u00e5 lenge vi er bevisste p\u00e5 hva vi har \u2013 og er villig til \u00e5 forsvare det, mister vi ikke denne kvaliteten ved samfunnet v\u00e5rt, sa kong Harald.<\/p>\n<p>\u2013 Det er behov for akkurat deg<\/p>\n<p data-testid=\"textWithMarkup-text\" data-v-81d7dc2b=\"\" data-v-62d58f52=\"\">Han oppfordrer alle til \u00e5 delta, m\u00f8te opp, og bruke stemmen sin.<\/p>\n<p data-testid=\"textWithMarkup-text\" data-v-81d7dc2b=\"\" data-v-62d58f52=\"\">\u2013 Det er ikke helt gratis. For det koster \u00e5 forplikte seg. Det koster \u00e5 si fra. Ja, bare \u00e5 komme seg opp av sofaen kan koste litt.<\/p>\n<p data-testid=\"textWithMarkup-text\" data-v-81d7dc2b=\"\" data-v-62d58f52=\"\">\u2013 Det mest behagelige er kanskje \u00e5 sitte hjemme og regne med at andre skal ordne opp. Men det holder ikke. Pilen peker p\u00e5 hver og en av oss. For hver og en betyr noe. Uansett hva du m\u00e5tte streve med: Det er behov for akkurat deg.<\/p>\n<p>\u2013 \u00c5 velge det gode n\u00e5r vi kan<\/p>\n<p data-testid=\"textWithMarkup-text\" data-v-81d7dc2b=\"\" data-v-62d58f52=\"\">Kongen sier at den sterkeste f\u00f8lelsen han og dronningen satt igjen med etter det nevnte bes\u00f8ket i Aremark i h\u00f8st, kanskje var takknemligheten.<\/p>\n<p data-testid=\"textWithMarkup-text\" data-v-81d7dc2b=\"\" data-v-62d58f52=\"\">\u2013 S\u00e5 hva om vi henger dette sp\u00f8rsm\u00e5let over inngangen til 2026: Hva er jeg takknemlig for? Ja kanskje vi skulle begynne hver dag med \u00e5 stille oss det sp\u00f8rsm\u00e5let, sa kongen.<\/p>\n<p data-testid=\"textWithMarkup-text\" data-v-81d7dc2b=\"\" data-v-62d58f52=\"\">Han p\u00e5pekte at svarene nok blir like mange og forskjellige som vi er mennesker i dette landet.<\/p>\n<p data-testid=\"textWithMarkup-text\" data-v-81d7dc2b=\"\" data-v-62d58f52=\"\">\u2013 Men \u00e9n ting h\u00e5per jeg vi deler: Takknemligheten for hverdagsdemokratiet v\u00e5rt. Og at vi sammen vil gj\u00f8re v\u00e5rt beste for \u00e5 ta vare p\u00e5 det \u2013 og velge det gode n\u00e5r vi kan.<\/p>\n","protected":false},"excerpt":{"rendered":"\u2013 Denne positive kraften har dronningen og jeg v\u00e6rt s\u00e5 heldige \u00e5 f\u00e5 oppleve p\u00e5 v\u00e5re mange reiser&hellip;\n","protected":false},"author":2,"featured_media":126455,"comment_status":"","ping_status":"","sticky":false,"template":"","format":"standard","meta":{"footnotes":""},"categories":[10],"tags":[20,21,24,25,15,22,23,13,30,28,29,14,16,26,27],"class_list":{"0":"post-126454","1":"post","2":"type-post","3":"status-publish","4":"format-standard","5":"has-post-thumbnail","7":"category-norge","8":"tag-breaking-news","9":"tag-breakingnews","10":"tag-featured-news","11":"tag-featurednews","12":"tag-headlines","13":"tag-latest-news","14":"tag-latestnews","15":"tag-news","16":"tag-no","17":"tag-norge","18":"tag-norway","19":"tag-nyheter","20":"tag-overskrifter","21":"tag-top-stories","22":"tag-topstories"},"share_on_mastodon":{"url":"https:\/\/pubeurope.com\/@no\/115821104555179073","error":""},"_links":{"self":[{"href":"https:\/\/www.europesays.com\/no\/wp-json\/wp\/v2\/posts\/126454","targetHints":{"allow":["GET"]}}],"collection":[{"href":"https:\/\/www.europesays.com\/no\/wp-json\/wp\/v2\/posts"}],"about":[{"href":"https:\/\/www.europesays.com\/no\/wp-json\/wp\/v2\/types\/post"}],"author":[{"embeddable":true,"href":"https:\/\/www.europesays.com\/no\/wp-json\/wp\/v2\/users\/2"}],"replies":[{"embeddable":true,"href":"https:\/\/www.europesays.com\/no\/wp-json\/wp\/v2\/comments?post=126454"}],"version-history":[{"count":0,"href":"https:\/\/www.europesays.com\/no\/wp-json\/wp\/v2\/posts\/126454\/revisions"}],"wp:featuredmedia":[{"embeddable":true,"href":"https:\/\/www.europesays.com\/no\/wp-json\/wp\/v2\/media\/126455"}],"wp:attachment":[{"href":"https:\/\/www.europesays.com\/no\/wp-json\/wp\/v2\/media?parent=126454"}],"wp:term":[{"taxonomy":"category","embeddable":true,"href":"https:\/\/www.europesays.com\/no\/wp-json\/wp\/v2\/categories?post=126454"},{"taxonomy":"post_tag","embeddable":true,"href":"https:\/\/www.europesays.com\/no\/wp-json\/wp\/v2\/tags?post=126454"}],"curies":[{"name":"wp","href":"https:\/\/api.w.org\/{rel}","templated":true}]}}