{"id":126460,"date":"2026-01-01T18:04:17","date_gmt":"2026-01-01T18:04:17","guid":{"rendered":"https:\/\/www.europesays.com\/no\/126460\/"},"modified":"2026-01-01T18:04:17","modified_gmt":"2026-01-01T18:04:17","slug":"nyhet-samferdsel-mista-kontrollen-i-sving-og-forte-til-frontkollisjon","status":"publish","type":"post","link":"https:\/\/www.europesays.com\/no\/126460\/","title":{"rendered":"Nyhet, Samferdsel | Mista kontrollen i sving og f\u00f8rte til frontkollisjon"},"content":{"rendered":"\n<p>Klokka 12.50 onsdag fekk <a href=\"https:\/\/www.hardanger-folkeblad.no\/to-biler-i-trafikkulykke\/s\/5-22-745573\" rel=\"Follow nofollow noopener\" target=\"_blank\">Vest politidistrikt melding om ei trafikkulykka<\/a> p\u00e5 E134 ved J\u00f8sendalselvi, og ein patrulje fr\u00e5 Hardanger politistasjon rykka ut. \u00c5tte personar, der fire skal ha vore barn, var involverte.<\/p>\n<p>\u2013 Den eine bilen fekk sleng i ein sving, som f\u00f8rte til at den frontkolliderte med ein motg\u00e5ande bil. Det var glatt p\u00e5 staden, opplyser politibetjent Simen Moe Aase.<\/p>\n<p>Politiet har avh\u00f8yrt begge sj\u00e5f\u00f8rane, som begge er menn i 40-\u00e5ra. Aase stadfestar at politiet har oppretta sak.<\/p>\n<p>  <a href=\"https:\/\/www.hardanger-folkeblad.no\/5-22-745573\" class=\"related-teaser has-image default-story-teaser article--c-eRUmMG article--c-eRUmMG-jKCPdD-design-default\" rel=\"nofollow noopener\" target=\"_blank\"><\/p>\n<p>    <img decoding=\"async\" loading=\"lazy\"  src=\"https:\/\/www.europesays.com\/no\/wp-content\/uploads\/2026\/01\/halldor.jpg\" alt=\"\" class=\"brick-c-cFOWSL\" style=\"\"\/><\/p>\n<p>\n            Les ogs\u00e5<\/p>\n<p>              \u00c5tte personer var involverte i trafikkulykke\n        <\/p>\n<p>  <\/a><\/p>\n<p>Det vart full stopp i trafikken etter hendinga, men klokka 13.45 var bilbergar framme p\u00e5 staden og fekk fjerna bilane slik at vegen opna for normal trafikk. Ti minutt seinare var ogs\u00e5 politipatruljen ferdige p\u00e5 staden.<\/p>\n<p>Like f\u00f8r midnatt vart det ogs\u00e5 meld om eit trafikkuhell i Eidfjord. Bilen vart totalvrak, og politiet har oppretta sak.<\/p>\n<p>  <a href=\"https:\/\/www.hardanger-folkeblad.no\/5-22-745623\" class=\"related-teaser default-story-teaser article--c-eRUmMG article--c-eRUmMG-jKCPdD-design-default article--c-eRUmMG-kpKLOW-cv\" rel=\"nofollow noopener\" target=\"_blank\"><\/p>\n<p>\n            Les ogs\u00e5<\/p>\n<p>              Politiet oppretter sak etter at bil ble totalvrak\n        <\/p>\n<p>  <\/a><\/p>\n","protected":false},"excerpt":{"rendered":"Klokka 12.50 onsdag fekk Vest politidistrikt melding om ei trafikkulykka p\u00e5 E134 ved J\u00f8sendalselvi, og ein patrulje fr\u00e5&hellip;\n","protected":false},"author":2,"featured_media":34604,"comment_status":"","ping_status":"","sticky":false,"template":"","format":"standard","meta":{"footnotes":""},"categories":[10],"tags":[36,20,21,9974,24,25,14857,15,22,23,13,30,28,29,447,14,16,223,1510,26,27,457],"class_list":{"0":"post-126460","1":"post","2":"type-post","3":"status-publish","4":"format-standard","5":"has-post-thumbnail","7":"category-norge","8":"tag-art","9":"tag-breaking-news","10":"tag-breakingnews","11":"tag-e134","12":"tag-featured-news","13":"tag-featurednews","14":"tag-hardanger-politistasjon","15":"tag-headlines","16":"tag-latest-news","17":"tag-latestnews","18":"tag-news","19":"tag-no","20":"tag-norge","21":"tag-norway","22":"tag-nyhet","23":"tag-nyheter","24":"tag-overskrifter","25":"tag-samferdsel","26":"tag-story","27":"tag-top-stories","28":"tag-topstories","29":"tag-ullensvang"},"share_on_mastodon":{"url":"https:\/\/pubeurope.com\/@no\/115821167399126579","error":""},"_links":{"self":[{"href":"https:\/\/www.europesays.com\/no\/wp-json\/wp\/v2\/posts\/126460","targetHints":{"allow":["GET"]}}],"collection":[{"href":"https:\/\/www.europesays.com\/no\/wp-json\/wp\/v2\/posts"}],"about":[{"href":"https:\/\/www.europesays.com\/no\/wp-json\/wp\/v2\/types\/post"}],"author":[{"embeddable":true,"href":"https:\/\/www.europesays.com\/no\/wp-json\/wp\/v2\/users\/2"}],"replies":[{"embeddable":true,"href":"https:\/\/www.europesays.com\/no\/wp-json\/wp\/v2\/comments?post=126460"}],"version-history":[{"count":0,"href":"https:\/\/www.europesays.com\/no\/wp-json\/wp\/v2\/posts\/126460\/revisions"}],"wp:featuredmedia":[{"embeddable":true,"href":"https:\/\/www.europesays.com\/no\/wp-json\/wp\/v2\/media\/34604"}],"wp:attachment":[{"href":"https:\/\/www.europesays.com\/no\/wp-json\/wp\/v2\/media?parent=126460"}],"wp:term":[{"taxonomy":"category","embeddable":true,"href":"https:\/\/www.europesays.com\/no\/wp-json\/wp\/v2\/categories?post=126460"},{"taxonomy":"post_tag","embeddable":true,"href":"https:\/\/www.europesays.com\/no\/wp-json\/wp\/v2\/tags?post=126460"}],"curies":[{"name":"wp","href":"https:\/\/api.w.org\/{rel}","templated":true}]}}