{"id":126461,"date":"2026-01-01T18:11:30","date_gmt":"2026-01-01T18:11:30","guid":{"rendered":"https:\/\/www.europesays.com\/no\/126461\/"},"modified":"2026-01-01T18:11:30","modified_gmt":"2026-01-01T18:11:30","slug":"rana-trafikkmeldinger-fikk-tips-fra-publikum","status":"publish","type":"post","link":"https:\/\/www.europesays.com\/no\/126461\/","title":{"rendered":"Rana, Trafikkmeldinger | Fikk tips fra publikum"},"content":{"rendered":"\n<p>Det er Nordland politidistrikt som klokken 0445 natt til 1. januar melder at politiet har stanset en promillekj\u00f8rer p\u00e5 Gruben i Mo i Rana.<\/p>\n<p>Mannen ble stanset etter tips fra publikum. Han har erkjent \u00e5 ha kj\u00f8rt i beruset tilstand, og er fremstilt for bevissikring. <\/p>\n<p>Overfor Rana Blad opplyser politiet at den p\u00e5grepne er en mann i midten av 20-\u00e5rene.<\/p>\n<p>\u2013 Vi fikk tips om at mannen hadde stukket av med en bil og fikk fanget ham opp i det som var hans egen bil. Han var ganske beruset, opplyser operasjonsleder til Rana Blad. <\/p>\n<p>Det er tatt beslag i f\u00f8rerkortet og det opprettes sak p\u00e5 forholdet.<\/p>\n<p>Utover denne hendelsen har nytt\u00e5rskvelden forholdt seg ganske rolig p\u00e5 Nord-Helgeland. Operasjonsleder opplyser at det har v\u00e6rt en grei nytt\u00e5rsaften med litt fyll og spetakkel, men ikke mer enn det som er normalt p\u00e5 en vanlig natt til s\u00f8ndag. <\/p>\n","protected":false},"excerpt":{"rendered":"Det er Nordland politidistrikt som klokken 0445 natt til 1. januar melder at politiet har stanset en promillekj\u00f8rer&hellip;\n","protected":false},"author":2,"featured_media":5826,"comment_status":"","ping_status":"","sticky":false,"template":"","format":"standard","meta":{"footnotes":""},"categories":[10],"tags":[36,20,21,24,25,15,22,23,13,30,28,29,14,16,11631,1360,1510,26,27,665],"class_list":{"0":"post-126461","1":"post","2":"type-post","3":"status-publish","4":"format-standard","5":"has-post-thumbnail","7":"category-norge","8":"tag-art","9":"tag-breaking-news","10":"tag-breakingnews","11":"tag-featured-news","12":"tag-featurednews","13":"tag-headlines","14":"tag-latest-news","15":"tag-latestnews","16":"tag-news","17":"tag-no","18":"tag-norge","19":"tag-norway","20":"tag-nyheter","21":"tag-overskrifter","22":"tag-promillekjoring","23":"tag-rana","24":"tag-story","25":"tag-top-stories","26":"tag-topstories","27":"tag-trafikkmeldinger"},"share_on_mastodon":{"url":"https:\/\/pubeurope.com\/@no\/115821194925376041","error":""},"_links":{"self":[{"href":"https:\/\/www.europesays.com\/no\/wp-json\/wp\/v2\/posts\/126461","targetHints":{"allow":["GET"]}}],"collection":[{"href":"https:\/\/www.europesays.com\/no\/wp-json\/wp\/v2\/posts"}],"about":[{"href":"https:\/\/www.europesays.com\/no\/wp-json\/wp\/v2\/types\/post"}],"author":[{"embeddable":true,"href":"https:\/\/www.europesays.com\/no\/wp-json\/wp\/v2\/users\/2"}],"replies":[{"embeddable":true,"href":"https:\/\/www.europesays.com\/no\/wp-json\/wp\/v2\/comments?post=126461"}],"version-history":[{"count":0,"href":"https:\/\/www.europesays.com\/no\/wp-json\/wp\/v2\/posts\/126461\/revisions"}],"wp:featuredmedia":[{"embeddable":true,"href":"https:\/\/www.europesays.com\/no\/wp-json\/wp\/v2\/media\/5826"}],"wp:attachment":[{"href":"https:\/\/www.europesays.com\/no\/wp-json\/wp\/v2\/media?parent=126461"}],"wp:term":[{"taxonomy":"category","embeddable":true,"href":"https:\/\/www.europesays.com\/no\/wp-json\/wp\/v2\/categories?post=126461"},{"taxonomy":"post_tag","embeddable":true,"href":"https:\/\/www.europesays.com\/no\/wp-json\/wp\/v2\/tags?post=126461"}],"curies":[{"name":"wp","href":"https:\/\/api.w.org\/{rel}","templated":true}]}}