{"id":126471,"date":"2026-01-01T18:24:14","date_gmt":"2026-01-01T18:24:14","guid":{"rendered":"https:\/\/www.europesays.com\/no\/126471\/"},"modified":"2026-01-01T18:24:14","modified_gmt":"2026-01-01T18:24:14","slug":"oker-etter-ferien-skaper-uro","status":"publish","type":"post","link":"https:\/\/www.europesays.com\/no\/126471\/","title":{"rendered":"\u00d8ker etter ferien: &#8211; Skaper uro"},"content":{"rendered":"<p>&#8211; Det er f\u00f8rst og fremst i etterkant av ferier at vi opplever dette, sier seniorr\u00e5dgiver Mali Storb\u00e6kken i Reform \u2013 Ressurssenter for menn til Dagbladet.<\/p>\n<p>Siden 2019 har hun v\u00e6rt prosjektleder for Kast-prosjektet i Reform &#8211; en gratis og anonym samtaletjeneste for menn som kj\u00f8per sex.<\/p>\n<p>Hvert \u00e5r tar rundt 50-60 menn kontakt, men etter perioder som jul og sommerferie pleier trykket \u00e5 \u00f8ke.<\/p>\n<p>    <a itemprop=\"url\" href=\"https:\/\/www.dagbladet.no\/nyheter\/de-skjulte-sex-nettverkene\/77976391\" rel=\"nofollow noopener\" target=\"_blank\"><\/p>\n<p>        <img loading=\"lazy\" decoding=\"async\" src=\"https:\/\/www.europesays.com\/no\/wp-content\/uploads\/2026\/01\/78047612.webp.webp\" width=\"980\" height=\"441\" title=\"De skjulte sex-nettverkene\" alt=\"\" class=\"lazyload\" style=\"--aspect-ratio-image: 2.22; \"\/><\/p>\n<p>        De skjulte sex-nettverkene<\/p>\n<p>    <\/a><\/p>\n<p>Tid til \u00e5 tenke\t<\/p>\n<p>For noen henger henvendelsen direkte sammen med sexkj\u00f8p, forteller Storb\u00e6kken.<\/p>\n<p>&#8211; For eksempel fordi kj\u00f8pet faktisk fant sted i forkant av eller i ferien, og har skapt uro, d\u00e5rlig samvittighet eller redsel for at partneren oppdager det, sier hun.<\/p>\n<p>For andre handler det ikke om selve kj\u00f8pet, men om at ferien gj\u00f8r konsekvensene av det mer tydelige &#8211; s\u00e6rlig n\u00e5r de tilbringer mye tid med partneren sin.<\/p>\n<p>        <img loading=\"lazy\" decoding=\"async\" src=\"https:\/\/www.europesays.com\/no\/wp-content\/uploads\/2026\/01\/83926338.webp.webp\" width=\"686\" height=\"494\" title=\"LEDER PROSJEKT: Seniorr\u00e5dgiver Mali Storb\u00e6kken har v\u00e6rt prosjektleder for Kast-prosjektet i Reform siden 2019. Foto: Kristin Svorte \/ Dagbladet\" alt=\"\" class=\"\" style=\"--aspect-ratio-image: 1.39; \"\/><\/p>\n<p>\n        LEDER PROSJEKT: Seniorr\u00e5dgiver Mali Storb\u00e6kken har v\u00e6rt prosjektleder for Kast-prosjektet i Reform siden 2019. Foto: Kristin Svorte \/ Dagbladet\n    <\/p>\n<p>&#8211; I ferien kan det bli veldig tydelig for dem at parrelasjonen de er i ikke fungerer, og at en av m\u00e5tene de h\u00e5ndterer konflikt eller vanskeligheter p\u00e5 er \u00e5 kj\u00f8pe sex, sier Storb\u00e6kken.<\/p>\n<p>Ferien gir tid til \u00e5 tenke, men ofte g\u00e5r det noen uker f\u00f8r de tar kontakt med Kast, forteller hun.<\/p>\n<p>&#8211;\u00a0De som har kjent p\u00e5 at det kniper litt i jula, bruker gjerne litt tid og tar kontakt f\u00f8rst seint i januar eller starten av februar, sier hun.<\/p>\n<p>De fleste som tar kontakt er mellom 30 og 50 \u00e5r, men spennet er stort. Kast har erfaring med alt fra unge menn p\u00e5 18 \u00e5r til eldre menn p\u00e5 80.<\/p>\n<p>    Sexkj\u00f8p i Norge<\/p>\n<ul>\n<li class=\"lab-bodytext-line\">Fra 1. januar 2009 har det v\u00e6rt forbudt for nordmenn \u00e5 kj\u00f8pe sex. \u00c5 selge sex er lov.<\/li>\n<li class=\"lab-bodytext-line\">Form\u00e5let med loven er \u00e5 forebygge og redusere menneskehandel, f\u00e5 ned antall prostituerte og p\u00e5virke holdninger.\u00a0<\/li>\n<li class=\"lab-bodytext-line\">Kj\u00f8p av seksuelle tjenester straffes med b\u00f8ter og\/eller fengsel i inntil ett \u00e5r.\u00a0<\/li>\n<li class=\"lab-bodytext-line\">Kj\u00f8p av seksuelle tjenester fra personer under 18 \u00e5r straffes med b\u00f8ter eller fengsel i inntil to \u00e5r. I praksis gjelder denne bestemmelsen for kj\u00f8p av sex fra personer i aldersgruppen 16-18 \u00e5r. Kj\u00f8p av sex fra de som er yngre enn 16 \u00e5r omfattes av strengere regler i straffeloven om seksuelle overgrep mot barn.<\/li>\n<\/ul>\n<p class=\"italic m-italic\" data-lab-italic=\"italic\">Kilde: <a href=\"https:\/\/www.prosentret.no\/lover-og-regler-i-norge\/lover-og-regler-om-prostitusjon\/\" rel=\"nofollow noopener\" target=\"_blank\">Pro Senteret<\/a>, NTB<\/p>\n<p>      Vis mer<br \/>\n      Vis mindre<\/p>\n<p>&#8211; Skammer seg fryktelig\t<\/p>\n<p>For mange blir ogs\u00e5 konsekvensene tydeligere n\u00e5r hverdagsrutinene forsvinner i ferien.\u00a0Flere oppdager hvor mye familielivet har blitt nedprioritert.<\/p>\n<p>&#8211; Det blir tydeligere i ferien, n\u00e5r de kanskje ikke har muligheten til \u00e5 r\u00f8mme ut og kj\u00f8pe sex. \u00c9n ting er selve sexkj\u00f8pet, men de m\u00e5 ogs\u00e5 holde en veldig stor del av livet hemmelig. Det gj\u00f8r noe med oss &#8211; spesielt med en partner du egentlig skal dele alt med, sier Storb\u00e6kken.<\/p>\n<p>        <img loading=\"lazy\" decoding=\"async\" src=\"https:\/\/www.europesays.com\/no\/wp-content\/uploads\/2026\/01\/83926346.webp.webp\" width=\"686\" height=\"501\" title=\"SKAMMER SEG: Mali Storb\u00e6kken i Reform forteller at skam og uro er vanlige f\u00f8lelser blant menn som tar kontakt med Reform. Foto: Kristin Svorte \/ Dagbladet.\" alt=\"\" class=\"\" style=\"--aspect-ratio-image: 1.37; \"\/><\/p>\n<p>\n        SKAMMER SEG: Mali Storb\u00e6kken i Reform forteller at skam og uro er vanlige f\u00f8lelser blant menn som tar kontakt med Reform. Foto: Kristin Svorte \/ Dagbladet.\n    <\/p>\n<p>N\u00e5r menn f\u00f8rst kommer til Reform, er motivasjonen tydelig: De aller, aller fleste \u00f8nsker \u00e5 slutte \u00e5 kj\u00f8pe sex, forteller Storb\u00e6kken.<\/p>\n<p>&#8211; Vi har et segment av sexkj\u00f8pere som skammer seg fryktelig. Det merkes p\u00e5 kroppsspr\u00e5ket &#8211; med lite \u00f8yekontakt og lavt stemmeleie &#8211; at de er veldig skamfulle.\u00a0Hvis vi gj\u00f8r en god jobb, s\u00e5 g\u00e5r de ut med litt hevet hode og er litt lettere til sinns, sier hun.<\/p>\n<p>For mange er det viktigste \u00e5 ha noen \u00e5 snakke med.<\/p>\n<p>&#8211; Mange av de som kommer har bestemt seg for at de er d\u00e5rlige mennesker, s\u00e5 vi pr\u00f8ver \u00e5 f\u00e5 inn et skille mellom det de gj\u00f8r og den de er. Det gir mye mer rom for endring, sier hun og utdyper:<\/p>\n<p>&#8211; Hvis de allerede tenker at de er et d\u00e5rlig menneske, er det ikke s\u00e5 mye man f\u00e5r gjort. Men hvis de heller tenker at de har gjort noe de angrer veldig p\u00e5 &#8211; uten \u00e5 v\u00e6re et d\u00e5rlig menneske &#8211;\u00a0er det lettere \u00e5 ta tak i.<\/p>\n<p>    <a itemprop=\"url\" href=\"https:\/\/www.dagbladet.no\/nyheter\/samboeren-kjopte-sex-helt-sykt\/78492196\" rel=\"nofollow noopener\" target=\"_blank\"><\/p>\n<p>        <img loading=\"lazy\" decoding=\"async\" src=\"https:\/\/www.europesays.com\/no\/wp-content\/uploads\/2026\/01\/78499152.webp.webp\" width=\"980\" height=\"441\" title=\"Samboeren kj\u00f8pte sex: - Helt sykt\" alt=\"\" class=\"lazyload\" style=\"--aspect-ratio-image: 2.22; \"\/><\/p>\n<p>        Samboeren kj\u00f8pte sex: &#8211; Helt sykt<\/p>\n<p>    <\/a><\/p>\n<p>Fra porno til sexkj\u00f8p\t<\/p>\n<p>Et tydelig m\u00f8nster Storb\u00e6kken har sett de siste \u00e5rene er sammenhengen mellom pornobruk og sexkj\u00f8p &#8211; spesielt blant unge menn.<\/p>\n<p>&#8211; En stor andel forteller at de opplever at de er avhengige av pornografi, og at pornobruken har v\u00e6rt inngangen til kj\u00f8pet. Veien fra pornoplattformer til annonser og eskortesider beskrives som kort, sier Storb\u00e6kken.<\/p>\n<p>Hun peker p\u00e5 at mange unge menn har vokst opp med nettporno som alltid har v\u00e6rt tilgjengelig.<\/p>\n<p>&#8211; Langvarig pornobruk kan p\u00e5virke hvordan man forst\u00e5r seksualitet, ved at fokus i st\u00f8rre grad ligger p\u00e5 egen nytelse og mindre p\u00e5 gjensidighet. I noen tilfeller ser det ut til at dette ensidige fokuset blir med videre inn i sexkj\u00f8pet, sier hun.<\/p>\n<p>De fleste som henvender seg til Kast,\u00a0kj\u00f8per sex p\u00e5 eskortesider eller massasjeinstitutter, forteller hun. Etter at sexkj\u00f8ploven kom i 2009, er det sv\u00e6rt f\u00e5 som kj\u00f8per sex p\u00e5 gata.<\/p>\n<p>    <a itemprop=\"url\" href=\"https:\/\/www.dagbladet.no\/nyheter\/lokker-kvinner-til-sexsalg-i-norge\/78233594\" rel=\"nofollow noopener\" target=\"_blank\"><\/p>\n<p>        <img loading=\"lazy\" decoding=\"async\" src=\"https:\/\/www.europesays.com\/no\/wp-content\/uploads\/2026\/01\/78260122.webp.webp\" width=\"980\" height=\"441\" title=\"Lokker kvinner til sexsalg i Norge\" alt=\"\" class=\"lazyload\" style=\"--aspect-ratio-image: 2.22; \"\/><\/p>\n<p>        Lokker kvinner til sexsalg i Norge<\/p>\n<p>    <\/a><\/p>\n<p>Fest og rus\t<\/p>\n<p>Samtidig ser Reform at mange av sexkj\u00f8pene knyttes til rus eller alkoholbruk, s\u00e6rlig blant dem som bare har kj\u00f8pt sex \u00e9n gang eller noen f\u00e5 ganger.<\/p>\n<p>&#8211; For disse kan det v\u00e6re snakk om impulsive situasjoner der kombinasjonen av fest, tilgjengelighet og lavere hemninger spiller inn, og hvor de etterp\u00e5 sitter igjen med skam og anger, sier Storb\u00e6kken.<\/p>\n<p>For noen, s\u00e6rlig yngre menn, skjer sexkj\u00f8p i tilknytning til festkultur i gjengen de er en del av.<\/p>\n<p>&#8211; Det kan v\u00e6re en del av milj\u00f8et eller omgangsformen i gruppen, selv om flere i ettertid forteller at de egentlig ikke var komfortable med det, sier hun.<\/p>\n<p>Hos dem som har kj\u00f8pt sex over lengre tid, og utviklet et m\u00f8nster eller avhengighet,\u00a0ser Reform sjeldnere at kj\u00f8pene skjer i sammenheng med rus.<\/p>\n<p>&#8211; For denne gruppen handler det oftere om ensomhet, stress eller behov for n\u00e6rhet og bekreftelse, sier Storb\u00e6kken.<\/p>\n<p>    <a itemprop=\"url\" href=\"https:\/\/www.dagbladet.no\/nyheter\/odelagt-i-hodet-og-hjertet\/77924088\" rel=\"nofollow noopener\" target=\"_blank\"><\/p>\n<p>        <img loading=\"lazy\" decoding=\"async\" src=\"https:\/\/www.europesays.com\/no\/wp-content\/uploads\/2026\/01\/77924183.webp.webp\" width=\"980\" height=\"441\" title=\"- \u00d8delagt i hodet og hjertet\" alt=\"\" class=\"lazyload\" style=\"--aspect-ratio-image: 2.22; \"\/><\/p>\n<p>        &#8211; \u00d8delagt i hodet og hjertet<\/p>\n<p>    <\/a><\/p>\n","protected":false},"excerpt":{"rendered":"&#8211; Det er f\u00f8rst og fremst i etterkant av ferier at vi opplever dette, sier seniorr\u00e5dgiver Mali Storb\u00e6kken&hellip;\n","protected":false},"author":2,"featured_media":126472,"comment_status":"","ping_status":"","sticky":false,"template":"","format":"standard","meta":{"footnotes":""},"categories":[12],"tags":[20,21,24,25,15,2539,22,23,13,30,28,29,14,16,26,27,42,43,44,45],"class_list":{"0":"post-126471","1":"post","2":"type-post","3":"status-publish","4":"format-standard","5":"has-post-thumbnail","7":"category-verden","8":"tag-breaking-news","9":"tag-breakingnews","10":"tag-featured-news","11":"tag-featurednews","12":"tag-headlines","13":"tag-innenriks","14":"tag-latest-news","15":"tag-latestnews","16":"tag-news","17":"tag-no","18":"tag-norge","19":"tag-norway","20":"tag-nyheter","21":"tag-overskrifter","22":"tag-top-stories","23":"tag-topstories","24":"tag-verden","25":"tag-world","26":"tag-world-news","27":"tag-worldnews"},"share_on_mastodon":{"url":"https:\/\/pubeurope.com\/@no\/115821246230054311","error":""},"_links":{"self":[{"href":"https:\/\/www.europesays.com\/no\/wp-json\/wp\/v2\/posts\/126471","targetHints":{"allow":["GET"]}}],"collection":[{"href":"https:\/\/www.europesays.com\/no\/wp-json\/wp\/v2\/posts"}],"about":[{"href":"https:\/\/www.europesays.com\/no\/wp-json\/wp\/v2\/types\/post"}],"author":[{"embeddable":true,"href":"https:\/\/www.europesays.com\/no\/wp-json\/wp\/v2\/users\/2"}],"replies":[{"embeddable":true,"href":"https:\/\/www.europesays.com\/no\/wp-json\/wp\/v2\/comments?post=126471"}],"version-history":[{"count":0,"href":"https:\/\/www.europesays.com\/no\/wp-json\/wp\/v2\/posts\/126471\/revisions"}],"wp:featuredmedia":[{"embeddable":true,"href":"https:\/\/www.europesays.com\/no\/wp-json\/wp\/v2\/media\/126472"}],"wp:attachment":[{"href":"https:\/\/www.europesays.com\/no\/wp-json\/wp\/v2\/media?parent=126471"}],"wp:term":[{"taxonomy":"category","embeddable":true,"href":"https:\/\/www.europesays.com\/no\/wp-json\/wp\/v2\/categories?post=126471"},{"taxonomy":"post_tag","embeddable":true,"href":"https:\/\/www.europesays.com\/no\/wp-json\/wp\/v2\/tags?post=126471"}],"curies":[{"name":"wp","href":"https:\/\/api.w.org\/{rel}","templated":true}]}}