{"id":126493,"date":"2026-01-01T18:53:38","date_gmt":"2026-01-01T18:53:38","guid":{"rendered":"https:\/\/www.europesays.com\/no\/126493\/"},"modified":"2026-01-01T18:53:38","modified_gmt":"2026-01-01T18:53:38","slug":"jobber-hardt-for-a-apne-tidlig-pa-nyaret-avisa-st-no","status":"publish","type":"post","link":"https:\/\/www.europesays.com\/no\/126493\/","title":{"rendered":"Jobber hardt for \u00e5 \u00e5pne tidlig p\u00e5 ny\u00e5ret &#8211; avisa-st.no"},"content":{"rendered":"<ol>\n<li><a href=\"https:\/\/news.google.com\/rss\/articles\/CBMingFBVV95cUxNY09lUDBYSENLWXVoRF9kekRfeTNHTFNfeC14TmU5SWxGNUdIeWxjMlRmbUc3Rm1hUlBNdVRKWnlYOS15ZHpwV1lyc1hvbmVFXzlzMXJsSFNRWjJKU1Z4aHM0ZHdBSWZHLWE3c1hfcHprbjBuZjdUYl9aSUVtZUR6M0VLRXdJcEtNN3o4cWVYbjJCbzdxNjVzNDlONEtHUQ?oc=5\" target=\"_blank\" rel=\"nofollow noopener\">Jobber hardt for \u00e5 \u00e5pne tidlig p\u00e5 ny\u00e5ret<\/a>&nbsp;&nbsp;avisa-st.no<\/li>\n<li><a href=\"https:\/\/news.google.com\/rss\/articles\/CBMiigFBVV95cUxNM0hFczNaV2cxOVUzTWF6SDZXdTlfcjBCN0l1R0E5d3ZzYUJxSGV6S2JBcUlRWVdIczUwSGR6QWpsTFNvT0poRXdPT1IxM1hLdDVIOU03bTRVZ2Q0VDNacjZRcHFieG4xUW13RWE3MUNtR3liTGlwUm1OS0U0UUMzSjhLMVhKaVhfNHc?oc=5\" target=\"_blank\" rel=\"nofollow noopener\">Starter sn\u00f8produksjon over nytt\u00e5r<\/a>&nbsp;&nbsp;NRK<\/li>\n<li><a href=\"https:\/\/news.google.com\/rss\/articles\/CBMimAFBVV95cUxPSTdyclptbFQxcGFGdThFVTBhR29qa0h6akg5VzQtNWtXQVRtUTZKMmpMQ1Q0LXkwcE9hdjNfa3RDVG9DQ2xyWUppVUwxa3lXQTNrWmtaTHEwVnlzQTFZZ0hEX3ZlYnM4SDFNUzdfTWRGS1VYdGFnYW9VU1NnTWRSbWVwMHhMZ1FpMENSRUNlQjktWWNFNFotWA?oc=5\" target=\"_blank\" rel=\"nofollow noopener\">Levanger, Mer\u00e5ker | Full fres i bakken \u2013 men Patryk m\u00e5 sm\u00f8re seg med t\u00e5lmodighet<\/a>&nbsp;&nbsp;Tr\u00f8nder-Avisa<\/li>\n<li><a href=\"https:\/\/news.google.com\/rss\/articles\/CBMiekFVX3lxTE1TUDhRQmNhOFBac3huLU9CUkp6WldaME53eWJZSzF1Z1NYaE5yN2x1ZXZ2M0N3cnVQZV9HakdPSUdLLTZyakwzdE8xUk4ySGgzcnVGenpGaXZfUzhTd3lLdzBDZmtocFhhQ3kzTjhaa0pDN29MaTNDRHZ3?oc=5\" target=\"_blank\" rel=\"nofollow noopener\">Minusgrader i sikte: \u2013 Ser lovende ut<\/a>&nbsp;&nbsp;l-a.no<\/li>\n<li><a href=\"https:\/\/news.google.com\/rss\/articles\/CBMiqgFBVV95cUxNLVpTRVR6dDBRVEhDcG1qaFBZYWstcWljcmNUNk9ZbWsweUc5OTVKVDhIaUpHRm1nU2hSbW9rckdxR1BkU0VuaGRzLWZ2anB3cWFLVkZmNmhEUUp0YWcyQkdVYWRWYTZLc0hpdnJQMjFjaUpFQlU2emdmLWxtcGo4NDJxN1gwS2MwUEU0MDJ2Mm1MekotWjVmVXZCUnEyM25lVVNqbHJuR2Q1dw?oc=5\" target=\"_blank\" rel=\"nofollow noopener\">Sn\u00f8en laver ned, men for ham er det fortsatt for lite<\/a>&nbsp;&nbsp;innherred.no<\/li>\n<\/ol>\n","protected":false},"excerpt":{"rendered":"Jobber hardt for \u00e5 \u00e5pne tidlig p\u00e5 ny\u00e5ret&nbsp;&nbsp;avisa-st.no Starter sn\u00f8produksjon over nytt\u00e5r&nbsp;&nbsp;NRK Levanger, Mer\u00e5ker | Full fres i&hellip;\n","protected":false},"author":2,"featured_media":126494,"comment_status":"","ping_status":"","sticky":false,"template":"","format":"standard","meta":{"footnotes":""},"categories":[10],"tags":[20,21,24,25,15,22,23,13,30,28,29,14,16,26,27],"class_list":{"0":"post-126493","1":"post","2":"type-post","3":"status-publish","4":"format-standard","5":"has-post-thumbnail","7":"category-norge","8":"tag-breaking-news","9":"tag-breakingnews","10":"tag-featured-news","11":"tag-featurednews","12":"tag-headlines","13":"tag-latest-news","14":"tag-latestnews","15":"tag-news","16":"tag-no","17":"tag-norge","18":"tag-norway","19":"tag-nyheter","20":"tag-overskrifter","21":"tag-top-stories","22":"tag-topstories"},"share_on_mastodon":{"url":"https:\/\/pubeurope.com\/@no\/115821360173059659","error":""},"_links":{"self":[{"href":"https:\/\/www.europesays.com\/no\/wp-json\/wp\/v2\/posts\/126493","targetHints":{"allow":["GET"]}}],"collection":[{"href":"https:\/\/www.europesays.com\/no\/wp-json\/wp\/v2\/posts"}],"about":[{"href":"https:\/\/www.europesays.com\/no\/wp-json\/wp\/v2\/types\/post"}],"author":[{"embeddable":true,"href":"https:\/\/www.europesays.com\/no\/wp-json\/wp\/v2\/users\/2"}],"replies":[{"embeddable":true,"href":"https:\/\/www.europesays.com\/no\/wp-json\/wp\/v2\/comments?post=126493"}],"version-history":[{"count":0,"href":"https:\/\/www.europesays.com\/no\/wp-json\/wp\/v2\/posts\/126493\/revisions"}],"wp:featuredmedia":[{"embeddable":true,"href":"https:\/\/www.europesays.com\/no\/wp-json\/wp\/v2\/media\/126494"}],"wp:attachment":[{"href":"https:\/\/www.europesays.com\/no\/wp-json\/wp\/v2\/media?parent=126493"}],"wp:term":[{"taxonomy":"category","embeddable":true,"href":"https:\/\/www.europesays.com\/no\/wp-json\/wp\/v2\/categories?post=126493"},{"taxonomy":"post_tag","embeddable":true,"href":"https:\/\/www.europesays.com\/no\/wp-json\/wp\/v2\/tags?post=126493"}],"curies":[{"name":"wp","href":"https:\/\/api.w.org\/{rel}","templated":true}]}}