{"id":126525,"date":"2026-01-01T19:55:22","date_gmt":"2026-01-01T19:55:22","guid":{"rendered":"https:\/\/www.europesays.com\/no\/126525\/"},"modified":"2026-01-01T19:55:22","modified_gmt":"2026-01-01T19:55:22","slug":"16-aring-funnet-med-stikkskader-dagbladet","status":"publish","type":"post","link":"https:\/\/www.europesays.com\/no\/126525\/","title":{"rendered":"16-\u00e5ring funnet med stikkskader &#8211; Dagbladet"},"content":{"rendered":"<ol>\n<li><a href=\"https:\/\/news.google.com\/rss\/articles\/CBMifkFVX3lxTE85czNqZzRDVm1QUkExSTkxU1lxNHhXOXg3bXNPX1BXVVZJUC1tS3lHbU9ia0hsM3ZtNHI2cW1wWnM0MlNzQklNdzZ6SW1BMzc4SU1BRzFtNHRHa000Sm80Rmlta2RKTVIwTll5QjFYV0c2MTJVZnMwUkk5M0NpQQ?oc=5\" target=\"_blank\" rel=\"nofollow noopener\">16-\u00e5ring funnet med stikkskader<\/a>&nbsp;&nbsp;Dagbladet<\/li>\n<li><a href=\"https:\/\/news.google.com\/rss\/articles\/CBMiiwFBVV95cUxPdnJLUENBdW03RGpWbjRoMWptMTMxMGdHQmc1Y3JOaDRUMVdjUkRmTW45Y3dIMW1JMnNQdjNaMTFBV2hfcWhSWGM1QTltZ1FzYUdUSFdWQnNCZXJqVkdUN2dtNXJudl9Na3g1SEVGT3N0LXlpYUFDQUpwWlM4MVA0OTBlanJSVzZJZUI0?oc=5\" target=\"_blank\" rel=\"nofollow noopener\">16-\u00e5ring fraktet til SUS med stikkskader etter voldsepisode &#8211; tre personer p\u00e5grepet<\/a>&nbsp;&nbsp;Stavanger Aftenblad<\/li>\n<li><a href=\"https:\/\/news.google.com\/rss\/articles\/CBMitAFBVV95cUxPQU04YzJkcEZMNW43UXRucHoyY0ZVZjNSQ2FoNXhiUmNOTEFJalRfeEJORVJ5Z3Y3VmxNazQtWk1ncW9LQXdlYnk0U18waGNFd1VaNnl0WFF0RXMwTThHMUJjeS1LZHhUcjdFcFduT3BIUkl5TWdRTXE1RVpQTmNXOThZdlZpanNuVW1TT0F0aEUzVWNCbUJ0VnFRQXJtcUUtd2ZlNGx2UzJSaU1GQ21aak9FTlg?oc=5\" target=\"_blank\" rel=\"nofollow noopener\">Tre personer p\u00e5grepet etter at 16-\u00e5ring ble funnet med kuttskader i Stavanger<\/a>&nbsp;&nbsp;Aftenposten<\/li>\n<li><a href=\"https:\/\/news.google.com\/rss\/articles\/CBMijgFBVV95cUxNS2lZOE9OaDVxLXA1bFdJVWpLNmdXSUg5d183MVVaZDJvM1FVSHpIVjhmQlN4VktRbjYySmxLc2tqa08tZU5sVTNUWmJlSV9JVGdDT21kdVVkVlpMaGh5bW82X2d5U1VhVG9qNlJoRVZEcEZoLUVudnJlYU1EcnFGN0t3LVBJYmYxWDFsZE93?oc=5\" target=\"_blank\" rel=\"nofollow noopener\">16-\u00e5ring stikkskadet i Stavanger nytt\u00e5rsmorgen<\/a>&nbsp;&nbsp;VG<\/li>\n<li><a href=\"https:\/\/news.google.com\/rss\/articles\/CBMic0FVX3lxTE5VNW5QUzNCMDdYZ0xvUVpJWGx6Q0lFeDVUZXgxVTBxQ0lsM25iOHhPRUlmNEVpanpRRmY4UnFtVERuMy1GNjdEVkNpTllJM25iRG0xZngtYVQyQVRNSXhfeU1GNmJPeWFPMXVmQnM2d3IyeVE?oc=5\" target=\"_blank\" rel=\"nofollow noopener\">16-\u00e5ring sendt til sykehus med stikkskader \u2013 to p\u00e5grepet<\/a>&nbsp;&nbsp;Nettavisen<\/li>\n<\/ol>\n","protected":false},"excerpt":{"rendered":"16-\u00e5ring funnet med stikkskader&nbsp;&nbsp;Dagbladet 16-\u00e5ring fraktet til SUS med stikkskader etter voldsepisode &#8211; tre personer p\u00e5grepet&nbsp;&nbsp;Stavanger Aftenblad Tre&hellip;\n","protected":false},"author":2,"featured_media":126526,"comment_status":"","ping_status":"","sticky":false,"template":"","format":"standard","meta":{"footnotes":""},"categories":[10],"tags":[20,21,24,25,15,2539,22,23,13,30,28,29,14,16,26,27],"class_list":{"0":"post-126525","1":"post","2":"type-post","3":"status-publish","4":"format-standard","5":"has-post-thumbnail","7":"category-norge","8":"tag-breaking-news","9":"tag-breakingnews","10":"tag-featured-news","11":"tag-featurednews","12":"tag-headlines","13":"tag-innenriks","14":"tag-latest-news","15":"tag-latestnews","16":"tag-news","17":"tag-no","18":"tag-norge","19":"tag-norway","20":"tag-nyheter","21":"tag-overskrifter","22":"tag-top-stories","23":"tag-topstories"},"share_on_mastodon":{"url":"https:\/\/pubeurope.com\/@no\/115821603971393274","error":""},"_links":{"self":[{"href":"https:\/\/www.europesays.com\/no\/wp-json\/wp\/v2\/posts\/126525","targetHints":{"allow":["GET"]}}],"collection":[{"href":"https:\/\/www.europesays.com\/no\/wp-json\/wp\/v2\/posts"}],"about":[{"href":"https:\/\/www.europesays.com\/no\/wp-json\/wp\/v2\/types\/post"}],"author":[{"embeddable":true,"href":"https:\/\/www.europesays.com\/no\/wp-json\/wp\/v2\/users\/2"}],"replies":[{"embeddable":true,"href":"https:\/\/www.europesays.com\/no\/wp-json\/wp\/v2\/comments?post=126525"}],"version-history":[{"count":0,"href":"https:\/\/www.europesays.com\/no\/wp-json\/wp\/v2\/posts\/126525\/revisions"}],"wp:featuredmedia":[{"embeddable":true,"href":"https:\/\/www.europesays.com\/no\/wp-json\/wp\/v2\/media\/126526"}],"wp:attachment":[{"href":"https:\/\/www.europesays.com\/no\/wp-json\/wp\/v2\/media?parent=126525"}],"wp:term":[{"taxonomy":"category","embeddable":true,"href":"https:\/\/www.europesays.com\/no\/wp-json\/wp\/v2\/categories?post=126525"},{"taxonomy":"post_tag","embeddable":true,"href":"https:\/\/www.europesays.com\/no\/wp-json\/wp\/v2\/tags?post=126525"}],"curies":[{"name":"wp","href":"https:\/\/api.w.org\/{rel}","templated":true}]}}