{"id":126529,"date":"2026-01-01T20:02:06","date_gmt":"2026-01-01T20:02:06","guid":{"rendered":"https:\/\/www.europesays.com\/no\/126529\/"},"modified":"2026-01-01T20:02:06","modified_gmt":"2026-01-01T20:02:06","slug":"fleire-titalls-hundar-stakk-av-pa-nyttarsaftan-rorande-engasjement","status":"publish","type":"post","link":"https:\/\/www.europesays.com\/no\/126529\/","title":{"rendered":"Fleire titalls hundar stakk av p\u00e5 nytt\u00e5rsaftan: \u2013 R\u00f8rande engasjement"},"content":{"rendered":"<p>\u2013 Truleg har ho g\u00f8ymt seg ein stad, livredd og sikkert kald, seier Nina Roe.<\/p>\n<p>Hunden hennar Fie stakk av fr\u00e5 heimen p\u00e5 Hovland i Larvik nytt\u00e5rsaften og er framleis ikkje funnen.<\/p>\n<p>Smell fr\u00e5 fyrverkeri skremte den drygt 1,5 \u00e5r gamle cockapoo-kvalpen, og ved ein glipp kom ho seg ut gjennom ei d\u00f8r som ikkje var lukka heilt igjen.<\/p>\n<p><strong>Fie er heller ikkje den einaste hunden som har stukke av etter \u00e5 ha vorte skremt av rakettar.<\/strong><\/p>\n<p>I Facebook-gruppa \u00abR\u00f8mlingen\u00bb har det runne inn med innlegg om sakna hundar fr\u00e5 heile landet det siste d\u00f8gnet.<\/p>\n<p><strong>If\u00f8lge administrator Hanne-Lill Kj\u00f8lner har det vore 55 innlegg berre om hundar som forsvann p\u00e5 fjor\u00e5rets siste dag.<\/strong><\/p>\n<p>25 av dei er f\u00f8rebels komne til rette.<\/p>\n<p>    <img alt=\"Et brunt hundedyr ligger p\u00e5 et teppe ved en glassd\u00f8r inn til et rom. Gulvet er av lys tre, og det er m\u00f8bler i rommet, inkludert et bord. Det er svakt lys, muligens fra utend\u00f8rs belysning. Bak hunden er det vinduer med m\u00f8rket synlig utenfor. (Bildebeskrivelsen er laget av en KI-tjeneste)\"  loading=\"lazy\"\/><img alt=\"En liten, hvit hund sitter under en parasoll. \"  loading=\"lazy\"\/><\/p>\n<p>Hundene Walter og Fie forsvant p\u00e5 nytt\u00e5rsaften. <\/p>\n<p>Foto: Privat<\/p>\n<p>Framande har hjelpt til<\/p>\n<p>Matmor Nina Roe og familien var ute nesten heile natta og lette etter Fie, men f\u00f8rebels utan resultat.<\/p>\n<p>Torsdag har dei f\u00e5tt hjelp fr\u00e5 b\u00e5de vener og kjende \u2013 og heilt framande \u2013 i leitinga etter den vesle brune hunden.<\/p>\n<p><strong>\u2013 Det har vore eit s\u00e5 r\u00f8rande engasjement. S\u00e5 mange har hjelpt meg, g\u00e5tt rundt med hundane sine og lett etter Fie, seier ho.<\/strong><\/p>\n<p>Sj\u00f8lv brukte ho store delar av natta p\u00e5 \u00e5 leita etter den brune pelsdotten.<\/p>\n<p>\u2013 Eg var ute og leita etter Fie til klokka 5 i dag tidleg, s\u00e5 sov eg usamanhengande i to timar, f\u00f8r eg gjekk morgonrunden v\u00e5r klokka 7.<\/p>\n<p><img decoding=\"async\"   src=\"data:image\/gif;base64,R0lGODlhAQABAIAAAAAAAP\/\/\/yH5BAEAAAAALAAAAAABAAEAAAIBRAA7\" loading=\"eager\" alt=\"Bildet viser en hund som ligger sammenkr\u00f8p p\u00e5 en myk m\u00e5tte p\u00e5 et tregulv. Hunden har en kr\u00f8llete, brun pels og ser ut til \u00e5 sove. I bakgrunnen er det en stuhl og ledninger synlige p\u00e5 gulvet. Omgivelsene gir en koselig innend\u00f8rs atmosf\u00e6re. (Bildebeskrivelsen er laget av en KI-tjeneste)\" title=\"Foto: Privat\"\/><\/p>\n<p class=\"\">Fie er ein blanding av cocker spaniel og puddel, ein s\u00e5kalla cockapoo. Ho vert to \u00e5r gamal i mai.<\/p>\n<p>Foto: Privat<\/p>\n<p>Roe ansl\u00e5r at rundt 50 personar har kome for \u00e5 hjelpa til i leitinga.<\/p>\n<p>\u2013 Folk har k\u00f8yrt fr\u00e5 Skien og Sandefjord. Folk har ringt og spurt korleis det g\u00e5r. Og veldig mange naboar har g\u00e5tt ute og sett etter Fie.<\/p>\n<p>Ho vonar at Fie ikkje er altfor langt unna heimen og oppfordrar folk i nabolaget til \u00e5 ta ein titt under verandaer og skur, i tilfelle hunden har g\u00f8ymt seg der.<\/p>\n<p>\u2013 Hoppa ut av armane mine<\/p>\n<p>Walter klarte \u00f2g \u00e5 stikka av p\u00e5 nytt\u00e5rsaftan, trass i at familien var inne nesten heile kvelden.<\/p>\n<p><strong>\u2013 Me var p\u00e5 veg fr\u00e5 bilen og inn i leilegheita d\u00e5 det plutseleg small fr\u00e5 ein rakett ti meter unna oss. D\u00e5 hoppa han ut av armane mine, seier matmor Vanessa Johansen.<\/strong><\/p>\n<p>Den vesle, kvite hunden forsvann fr\u00e5 Kjeller i Lillestr\u00f8m. I l\u00f8pet av torsdagen har matmor f\u00e5tt tips om at han kan ha vorte sett p\u00e5 ein video fr\u00e5 Leirsund, fleire kilometer heimanfr\u00e5.<\/p>\n<p><img decoding=\"async\"   src=\"data:image\/gif;base64,R0lGODlhAQABAIAAAAAAAP\/\/\/yH5BAEAAAAALAAAAAABAAEAAAIBRAA7\" loading=\"eager\" alt=\"Et hvitt hundedyr, if\u00f8rt en r\u00f8d sele, st\u00e5r p\u00e5 gresset med en pinne i munnen. Den ser mot kameraet, med \u00f8yne som uttrykker nysgjerrighet. Bakgrunnen viser et gr\u00f8nt omr\u00e5de med tr\u00e6r og bygninger i det fjerne. Det er en solfylt dag. (Bildebeskrivelsen er laget av en KI-tjeneste)\" title=\"Foto: Privat\"\/><\/p>\n<p class=\"\">Walter er ein nesten to \u00e5r gamal malshi, ein blanding av maltesar og shih tzu. Han forsvann fr\u00e5 Kjeller i Lillestr\u00f8m rundt klokka 23.30 nytt\u00e5rsaftan.<\/p>\n<p>Foto: Privat<\/p>\n<p>Johansen har \u00f2g f\u00e5tt mykje hjelp etter \u00e5 ha lagt ut eit innlegg i Facebook-gruppa.<\/p>\n<p><strong>\u2013 Det har vore ein heilt sinnssjuk respons. Kjempemange som \u00f8nsker \u00e5 hjelpa og har g\u00e5tt og leita heile dagen, seier ho.<\/strong><\/p>\n<p>Dei har leita gjennom heile dagen, og vonar at dei skal finna han snart.<\/p>\n<p>\u2013 Han har hatt \u00e9i natt ute, me vonar jo at han skal sleppa \u00e5 ha ei natt til ute, seier Johansen.<\/p>\n<p>Det er ikkje berre i \u00e5r at fleire hundar har stukke av p\u00e5 nytt\u00e5rsaftan:<\/p>\n<p>Engasjerte frivillige<\/p>\n<p>Administrator Hanne-Lill Kj\u00f8lner i \u00abR\u00f8mlingen\u00bb stadfestar at veldig mange i gruppa har hjelpt til i leitinga etter dei forsvunne hundane.<\/p>\n<p>Fleire av innlegga har fleire hundre kommentarar og liker-klikk.<\/p>\n<p>Oppfatninga hennar er at det er fleire forsvunne hundar i \u00e5r enn tidlegare \u00e5r.<\/p>\n<p>Ho knyter auka i forsvunne hundar opp mot det ho sj\u00f8lv oppfattar som auka mengde fyrverkeri.<\/p>\n<p>\u2013 Eg kan berre tala for der eg sj\u00f8lv bor, i Oslo. Men her har det aldri vore s\u00e5 gale som det har vore i \u00e5r, meiner ho.<\/p>\n<p>Kj\u00f8lner meiner l\u00f8ysinga er enkel: Forby fyrverkeri. For sj\u00f8lv om det i dag er reglar for n\u00e5r og kor ein kan skyta opp fyrverkeri, vert dei ikkje f\u00f8lgde.<\/p>\n<p>Det er Nina Roe heilt einig i.<\/p>\n<p><strong>\u2013 Eg er heilt einig med alle som vil ha totalforbod mot fyrverkeri, seier ho, og utdjupar:<\/strong><\/p>\n<p>\u2013 Det skremmer jo ikkje berre kj\u00e6ledyra v\u00e5re. Dyra i naturen m\u00e5 jo vera heilt vettskremte av alle desse h\u00f8ge smella. Det er berre \u00e5 fyra opp pengar og masse s\u00f8ppel overalt, det er heilt ubrukeleg.<\/p>\n<p>Publisert<\/p>\n<p>01.01.2026, kl. 20.25<\/p>\n","protected":false},"excerpt":{"rendered":"\u2013 Truleg har ho g\u00f8ymt seg ein stad, livredd og sikkert kald, seier Nina Roe. Hunden hennar Fie&hellip;\n","protected":false},"author":2,"featured_media":126530,"comment_status":"","ping_status":"","sticky":false,"template":"","format":"standard","meta":{"footnotes":""},"categories":[10],"tags":[20,21,24,25,15,22,23,13,30,28,29,14,16,26,27],"class_list":{"0":"post-126529","1":"post","2":"type-post","3":"status-publish","4":"format-standard","5":"has-post-thumbnail","7":"category-norge","8":"tag-breaking-news","9":"tag-breakingnews","10":"tag-featured-news","11":"tag-featurednews","12":"tag-headlines","13":"tag-latest-news","14":"tag-latestnews","15":"tag-news","16":"tag-no","17":"tag-norge","18":"tag-norway","19":"tag-nyheter","20":"tag-overskrifter","21":"tag-top-stories","22":"tag-topstories"},"share_on_mastodon":{"url":"https:\/\/pubeurope.com\/@no\/115821631554441435","error":""},"_links":{"self":[{"href":"https:\/\/www.europesays.com\/no\/wp-json\/wp\/v2\/posts\/126529","targetHints":{"allow":["GET"]}}],"collection":[{"href":"https:\/\/www.europesays.com\/no\/wp-json\/wp\/v2\/posts"}],"about":[{"href":"https:\/\/www.europesays.com\/no\/wp-json\/wp\/v2\/types\/post"}],"author":[{"embeddable":true,"href":"https:\/\/www.europesays.com\/no\/wp-json\/wp\/v2\/users\/2"}],"replies":[{"embeddable":true,"href":"https:\/\/www.europesays.com\/no\/wp-json\/wp\/v2\/comments?post=126529"}],"version-history":[{"count":0,"href":"https:\/\/www.europesays.com\/no\/wp-json\/wp\/v2\/posts\/126529\/revisions"}],"wp:featuredmedia":[{"embeddable":true,"href":"https:\/\/www.europesays.com\/no\/wp-json\/wp\/v2\/media\/126530"}],"wp:attachment":[{"href":"https:\/\/www.europesays.com\/no\/wp-json\/wp\/v2\/media?parent=126529"}],"wp:term":[{"taxonomy":"category","embeddable":true,"href":"https:\/\/www.europesays.com\/no\/wp-json\/wp\/v2\/categories?post=126529"},{"taxonomy":"post_tag","embeddable":true,"href":"https:\/\/www.europesays.com\/no\/wp-json\/wp\/v2\/tags?post=126529"}],"curies":[{"name":"wp","href":"https:\/\/api.w.org\/{rel}","templated":true}]}}