{"id":126531,"date":"2026-01-01T20:03:10","date_gmt":"2026-01-01T20:03:10","guid":{"rendered":"https:\/\/www.europesays.com\/no\/126531\/"},"modified":"2026-01-01T20:03:10","modified_gmt":"2026-01-01T20:03:10","slug":"mobilnett-dekning-populaert-hytteomrade-er-helt-uten-dekning","status":"publish","type":"post","link":"https:\/\/www.europesays.com\/no\/126531\/","title":{"rendered":"Mobilnett, Dekning | Popul\u00e6rt hytteomr\u00e5de er helt uten dekning"},"content":{"rendered":"\n<p>Pressesjef i Telenor Anders Krokan bekrefter torsdag kveld feilen p\u00e5 mobilnettet.<\/p>\n<p>\u2013 Det stemmer at det er oppst\u00e5tt en feil like f\u00f8r klokken tre i dag. Vi har mistanke om at det er problemer lokalt p\u00e5 mobilstasjon.<\/p>\n<p>Per n\u00e5 vet de ikke hvor lang tid det vil ta f\u00f8r mobilnettet er tilbake.<\/p>\n<p>\u2013 Vi overv\u00e5ker situasjonen utover kvelden. Hvis vi ikke ser noe bedring, sender vi ut et team for \u00e5 sjekke i morgen, sier Krokan.<\/p>\n<p>   <img decoding=\"async\" width=\"946\" height=\"901\" fetchpriority=\"low\"  loading=\"lazy\"  src=\"https:\/\/www.europesays.com\/no\/wp-content\/uploads\/2026\/01\/kart+synnfjell.png\" alt=\"\" class=\"brick-c-cFOWSL\" style=\"--brick-image-ratio: 946 \/ 901;\"\/><\/p>\n<p>      MOBILFEIL: Der det er r\u00f8dt, er det per n\u00e5 ikke mobildekning, mens det oransje omr\u00e5det indikerer redusert dekning.<br \/>\n      Foto: Telenor\n    <\/p>\n<p>I det ber\u00f8rte omr\u00e5det vil graden av dekning v\u00e6re variert.<\/p>\n<p>\u2013 Noen omr\u00e5der vil ikke ha mobildekning, andre omr\u00e5der vil ha redusert mobildekning. Jeg antar at vi m\u00e5 ut dit i morgen, avslutter pressesjefen.<\/p>\n","protected":false},"excerpt":{"rendered":"Pressesjef i Telenor Anders Krokan bekrefter torsdag kveld feilen p\u00e5 mobilnettet. \u2013 Det stemmer at det er oppst\u00e5tt&hellip;\n","protected":false},"author":2,"featured_media":126532,"comment_status":"","ping_status":"","sticky":false,"template":"","format":"standard","meta":{"footnotes":""},"categories":[5],"tags":[36,20,21,14861,24,25,15,19,22,23,17,18,5873,13,30,28,29,14,16,1510,14862,26,27],"class_list":{"0":"post-126531","1":"post","2":"type-post","3":"status-publish","4":"format-standard","5":"has-post-thumbnail","7":"category-overskrifter","8":"tag-art","9":"tag-breaking-news","10":"tag-breakingnews","11":"tag-dekning","12":"tag-featured-news","13":"tag-featurednews","14":"tag-headlines","15":"tag-hovedoppslag","16":"tag-latest-news","17":"tag-latestnews","18":"tag-main-news","19":"tag-mainnews","20":"tag-mobilnett","21":"tag-news","22":"tag-no","23":"tag-norge","24":"tag-norway","25":"tag-nyheter","26":"tag-overskrifter","27":"tag-story","28":"tag-synnfjellet","29":"tag-top-stories","30":"tag-topstories"},"share_on_mastodon":{"url":"https:\/\/pubeurope.com\/@no\/115821635405921285","error":""},"_links":{"self":[{"href":"https:\/\/www.europesays.com\/no\/wp-json\/wp\/v2\/posts\/126531","targetHints":{"allow":["GET"]}}],"collection":[{"href":"https:\/\/www.europesays.com\/no\/wp-json\/wp\/v2\/posts"}],"about":[{"href":"https:\/\/www.europesays.com\/no\/wp-json\/wp\/v2\/types\/post"}],"author":[{"embeddable":true,"href":"https:\/\/www.europesays.com\/no\/wp-json\/wp\/v2\/users\/2"}],"replies":[{"embeddable":true,"href":"https:\/\/www.europesays.com\/no\/wp-json\/wp\/v2\/comments?post=126531"}],"version-history":[{"count":0,"href":"https:\/\/www.europesays.com\/no\/wp-json\/wp\/v2\/posts\/126531\/revisions"}],"wp:featuredmedia":[{"embeddable":true,"href":"https:\/\/www.europesays.com\/no\/wp-json\/wp\/v2\/media\/126532"}],"wp:attachment":[{"href":"https:\/\/www.europesays.com\/no\/wp-json\/wp\/v2\/media?parent=126531"}],"wp:term":[{"taxonomy":"category","embeddable":true,"href":"https:\/\/www.europesays.com\/no\/wp-json\/wp\/v2\/categories?post=126531"},{"taxonomy":"post_tag","embeddable":true,"href":"https:\/\/www.europesays.com\/no\/wp-json\/wp\/v2\/tags?post=126531"}],"curies":[{"name":"wp","href":"https:\/\/api.w.org\/{rel}","templated":true}]}}