{"id":126537,"date":"2026-01-01T20:12:13","date_gmt":"2026-01-01T20:12:13","guid":{"rendered":"https:\/\/www.europesays.com\/no\/126537\/"},"modified":"2026-01-01T20:12:13","modified_gmt":"2026-01-01T20:12:13","slug":"sogndal-kultur-har-sett-publikumsrekord-kjenner-pa-ei-blanding-av-takknemlegheit-og-rein-skjaer-skrekk","status":"publish","type":"post","link":"https:\/\/www.europesays.com\/no\/126537\/","title":{"rendered":"Sogndal, Kultur | Har sett publikumsrekord: \u2013 Kjenner p\u00e5 ei blanding av takknemlegheit og rein, skj\u00e6r skrekk"},"content":{"rendered":"\n<p>Over 1700 publikummarar har allereie sett showet fordelt p\u00e5 fem framsyningar, og den sjette framsyninga 6. februar er utseld.<\/p>\n<p>\u2013 Det har vore mange store opplevingar p\u00e5 scena opp gjennom \u00e5ra, men dette er rett og slett historisk. Det einaste som har vore i n\u00e6rleiken av slike tal, er Fj\u00f8rarevyen p\u00e5 sine glansdagar. No har Finn Tokvam teke att og g\u00e5tt forbi sj\u00f8lvaste lokalhelten v\u00e5r p\u00e5 statistikken. Det er ekstremt imponerande og veldig, veldig kjekt, seier kulturhussjef Sigyn \u00d8ren i ei pressemelding.<\/p>\n<p>Fulle hus<\/p>\n<p>\u00abVelkomen\u00bb har blitt ein publikumssuksess over heile Vestlandet, med over 210.000 selde billettar p\u00e5 landsbasis. I Sogndal har responsen vore ekstra sterk.<\/p>\n<p>\u2013 Eg trur folk er litt lei av at alt skal handla om kjende folk og globale katastrofar. I \u00abVelkomen\u00bb pratar eg om sogningar og bergensarar, sm\u00e5 konfliktar, undertekst og alt det rare me g\u00e5r og tenkjer p\u00e5, men ikkje seier h\u00f8gt. N\u00e5r folk kjenner seg att og kan le av seg sj\u00f8lve og naboen, d\u00e5 har me f\u00e5tt til noko fint, seier Finn Tokvam i pressemeldinga.<\/p>\n<p>Tokvam har tidlegare sagt at mor hans meiner folk m\u00e5 vera \u00abd\u00f8rgande leie\u00bb han no, men billettsalet tyder p\u00e5 det motsette.<\/p>\n<p>\u2013 Eg hadde aldri trudd at eg skulle st\u00e5 s\u00e5 mange gonger p\u00e5 scena i Sogndal med same show. N\u00e5r me no har bikka 2000 selde billettar berre her, s\u00e5 kjenner eg p\u00e5 ei blanding av takknemlegheit og rein, skj\u00e6r skrekk. Men aller mest er eg r\u00f8rt.<\/p>\n<p>Vurderer pomp\u00f8s \u00e6respris<\/p>\n<p>Suksessen har f\u00e5tt kulturhussjefen til \u00e5 leika med tanken om ei h\u00f8gst uoffisiell, men sv\u00e6rt pomp\u00f8s utmerking til Tokvam.<\/p>\n<p>\u2013 N\u00e5r Fifa kan finna p\u00e5 \u00e5 dele ut ein h\u00f8gst kreativ fredspris, s\u00e5 kan vel me i Sogndal kulturhus ogs\u00e5 tillata oss litt h\u00f8gtsvevande tull. Me vurderer \u00e5 oppretta \u00abDen internasjonale Sogne\u00e5nds- og Heftingsprisen for Universell Kvardagskulturell Betydning\u00bb. Det er ein pris som eigentleg ikkje seier s\u00e5 mykje, men som h\u00f8yrest veldig viktig ut, og det passar ganske godt til Finn, seier \u00d8ren og held fram.<\/p>\n<p>\u2013 Bak fjaset ligg det jo ei djup takk. Finn har gitt oss eit show som byggjer stoltheit rundt det vestnorske, gjer folk glade, og fyller huset kveld etter kveld. Det er akkurat slik kultur me vil vera ein arena for.<\/p>\n<p>   <img decoding=\"async\" width=\"5568\" height=\"3712\" fetchpriority=\"low\"  loading=\"lazy\"  src=\"https:\/\/www.europesays.com\/no\/wp-content\/uploads\/2026\/01\/DSC_8169.JPG\" alt=\"\" class=\"brick-c-cFOWSL\" style=\"--brick-image-ratio: 5568 \/ 3712;\"\/><\/p>\n<p>      Kulturhussjef, Sigyn \u00d8ren.<br \/>\n      Foto: Renate S\u00e6le\/arkiv\n    <\/p>\n<p>  Heftar publikum<\/p>\n<p>Tokvam sj\u00f8lv tek b\u00e5de rekorden og prispraten med den sedvanlege blandinga av sj\u00f8lvironi og takknemlegheit.<\/p>\n<p>\u2013 Eg har jo eit heilt nummer i showet om \u00e5 \u00abhefta\u00bb folk, og no har eg alts\u00e5 hefta over 1700 sogningar berre i Sogndal. Det er jo heilt vilt. Men n\u00e5r folk kjem ut og seier at dei kjenner seg att, og kanskje til og med blir litt stolte av \u00e5 vera sogning, d\u00e5 kjenner eg at heile heftet er verdt det, seier han.<\/p>\n<p>Og fleire skal bli hefta. Framsyninga nummer sju er lagt ut for sal.<\/p>\n","protected":false},"excerpt":{"rendered":"Over 1700 publikummarar har allereie sett showet fordelt p\u00e5 fem framsyningar, og den sjette framsyninga 6. februar er&hellip;\n","protected":false},"author":2,"featured_media":126538,"comment_status":"","ping_status":"","sticky":false,"template":"","format":"standard","meta":{"footnotes":""},"categories":[58],"tags":[36,928,71,14864,410,30,28,29,1029,14863,1510,72],"class_list":{"0":"post-126537","1":"post","2":"type-post","3":"status-publish","4":"format-standard","5":"has-post-thumbnail","7":"category-underholdning","8":"tag-art","9":"tag-aurland","10":"tag-entertainment","11":"tag-finn-tokvam","12":"tag-kultur","13":"tag-no","14":"tag-norge","15":"tag-norway","16":"tag-sogndal","17":"tag-sogndal-kulturhus","18":"tag-story","19":"tag-underholdning"},"share_on_mastodon":{"url":"https:\/\/pubeurope.com\/@no\/115821670766369950","error":""},"_links":{"self":[{"href":"https:\/\/www.europesays.com\/no\/wp-json\/wp\/v2\/posts\/126537","targetHints":{"allow":["GET"]}}],"collection":[{"href":"https:\/\/www.europesays.com\/no\/wp-json\/wp\/v2\/posts"}],"about":[{"href":"https:\/\/www.europesays.com\/no\/wp-json\/wp\/v2\/types\/post"}],"author":[{"embeddable":true,"href":"https:\/\/www.europesays.com\/no\/wp-json\/wp\/v2\/users\/2"}],"replies":[{"embeddable":true,"href":"https:\/\/www.europesays.com\/no\/wp-json\/wp\/v2\/comments?post=126537"}],"version-history":[{"count":0,"href":"https:\/\/www.europesays.com\/no\/wp-json\/wp\/v2\/posts\/126537\/revisions"}],"wp:featuredmedia":[{"embeddable":true,"href":"https:\/\/www.europesays.com\/no\/wp-json\/wp\/v2\/media\/126538"}],"wp:attachment":[{"href":"https:\/\/www.europesays.com\/no\/wp-json\/wp\/v2\/media?parent=126537"}],"wp:term":[{"taxonomy":"category","embeddable":true,"href":"https:\/\/www.europesays.com\/no\/wp-json\/wp\/v2\/categories?post=126537"},{"taxonomy":"post_tag","embeddable":true,"href":"https:\/\/www.europesays.com\/no\/wp-json\/wp\/v2\/tags?post=126537"}],"curies":[{"name":"wp","href":"https:\/\/api.w.org\/{rel}","templated":true}]}}