{"id":126539,"date":"2026-01-01T20:16:22","date_gmt":"2026-01-01T20:16:22","guid":{"rendered":"https:\/\/www.europesays.com\/no\/126539\/"},"modified":"2026-01-01T20:16:22","modified_gmt":"2026-01-01T20:16:22","slug":"babylykke-for-alexander-sorloth-og-lena-selnes","status":"publish","type":"post","link":"https:\/\/www.europesays.com\/no\/126539\/","title":{"rendered":"Babylykke for Alexander S\u00f8rloth og Lena Selnes"},"content":{"rendered":"<p>Det er p\u00e5 Instagram Atletico Madrid-stjernen deler bilde av sin nye s\u00f8nn i en oppsummering av fjor\u00e5ret.<\/p>\n<p>Sammen med samboer Lena Selnes (30) har de f\u00e5tt sitt andre barn, denne gangen en s\u00f8nn.\u00a0<\/p>\n<p>Det bekrefter ogs\u00e5 agent Arilas Hoen Ould-Saada i Keypass AS til VG:<\/p>\n<p>\u2013 Jeg kan bekrefte at Lena og Alexander er blitt foreldre igjen. Alt er bra med mor og barn.<\/p>\n<p>I april 2024 fikk paret sin f\u00f8rste.\u00a0<\/p>\n<p> Da var det Emma som kom til verden. N\u00e5 er det alts\u00e5 bekreftet at hun er blitt stores\u00f8ster. <\/p>\n<p>Mot slutten av 2025 deltok Selnes i en podcast og vakte oppsikt med enkelte av utspillene sine rundt det som da var en kommende f\u00f8dsel. Les hva hun sa i saken under:<\/p>\n<p>    <a class=\"article__link\" data-ga-active-label=\"\" data-ga-active-label-animation=\"\" href=\"https:\/\/www.tv2.no\/underholdning\/noen-mener-jeg-er-en-forferdelig-person\/18229564\/\" rel=\"nofollow noopener\" target=\"_blank\"><\/p>\n<p>    <img class=\"image__img lazyload\" itemprop=\"image\" title=\"\" alt=\"\" width=\"978\" height=\"411\" bad-src=\"https:\/\/www.europesays.com\/no\/wp-content\/uploads\/2026\/01\/18230713.webp.jpeg\" fetchpriority=\"auto\" \/><\/p>\n<p>\n            \u2013 Noen mener jeg er en forferdelig person\n        <\/p>\n<p>    <\/a><\/p>\n<p>Senere samme dag r\u00f8per ogs\u00e5 landslagskollega Leo Skiri \u00d8stig\u00e5rd at han og sin kj\u00e6reste Aurora Eidmann venter barn.<\/p>\n<p>    <a class=\"article__link\" data-ga-active-label=\"\" data-ga-active-label-animation=\"\" href=\"https:\/\/www.tv2.no\/sport\/leo-skiri-ostigard-skal-bli-pappa\/18425026\/\" rel=\"nofollow noopener\" target=\"_blank\"><\/p>\n<p>    <img class=\"image__img lazyload\" itemprop=\"image\" title=\"\" alt=\"\" width=\"978\" height=\"411\" bad-src=\"https:\/\/www.europesays.com\/no\/wp-content\/uploads\/2026\/01\/18063500.webp.jpeg\" fetchpriority=\"auto\" \/><\/p>\n<p>\n            Skal bli far\n        <\/p>\n<p>    <\/a><\/p>\n","protected":false},"excerpt":{"rendered":"Det er p\u00e5 Instagram Atletico Madrid-stjernen deler bilde av sin nye s\u00f8nn i en oppsummering av fjor\u00e5ret. Sammen&hellip;\n","protected":false},"author":2,"featured_media":126540,"comment_status":"","ping_status":"","sticky":false,"template":"","format":"standard","meta":{"footnotes":""},"categories":[10],"tags":[20,21,24,25,15,22,23,13,30,28,29,14,16,26,27],"class_list":{"0":"post-126539","1":"post","2":"type-post","3":"status-publish","4":"format-standard","5":"has-post-thumbnail","7":"category-norge","8":"tag-breaking-news","9":"tag-breakingnews","10":"tag-featured-news","11":"tag-featurednews","12":"tag-headlines","13":"tag-latest-news","14":"tag-latestnews","15":"tag-news","16":"tag-no","17":"tag-norge","18":"tag-norway","19":"tag-nyheter","20":"tag-overskrifter","21":"tag-top-stories","22":"tag-topstories"},"share_on_mastodon":{"url":"https:\/\/pubeurope.com\/@no\/115821686710217486","error":""},"_links":{"self":[{"href":"https:\/\/www.europesays.com\/no\/wp-json\/wp\/v2\/posts\/126539","targetHints":{"allow":["GET"]}}],"collection":[{"href":"https:\/\/www.europesays.com\/no\/wp-json\/wp\/v2\/posts"}],"about":[{"href":"https:\/\/www.europesays.com\/no\/wp-json\/wp\/v2\/types\/post"}],"author":[{"embeddable":true,"href":"https:\/\/www.europesays.com\/no\/wp-json\/wp\/v2\/users\/2"}],"replies":[{"embeddable":true,"href":"https:\/\/www.europesays.com\/no\/wp-json\/wp\/v2\/comments?post=126539"}],"version-history":[{"count":0,"href":"https:\/\/www.europesays.com\/no\/wp-json\/wp\/v2\/posts\/126539\/revisions"}],"wp:featuredmedia":[{"embeddable":true,"href":"https:\/\/www.europesays.com\/no\/wp-json\/wp\/v2\/media\/126540"}],"wp:attachment":[{"href":"https:\/\/www.europesays.com\/no\/wp-json\/wp\/v2\/media?parent=126539"}],"wp:term":[{"taxonomy":"category","embeddable":true,"href":"https:\/\/www.europesays.com\/no\/wp-json\/wp\/v2\/categories?post=126539"},{"taxonomy":"post_tag","embeddable":true,"href":"https:\/\/www.europesays.com\/no\/wp-json\/wp\/v2\/tags?post=126539"}],"curies":[{"name":"wp","href":"https:\/\/api.w.org\/{rel}","templated":true}]}}