{"id":126543,"date":"2026-01-01T20:18:07","date_gmt":"2026-01-01T20:18:07","guid":{"rendered":"https:\/\/www.europesays.com\/no\/126543\/"},"modified":"2026-01-01T20:18:07","modified_gmt":"2026-01-01T20:18:07","slug":"storhamar-fredet-patrick-thoresens-nummer-41","status":"publish","type":"post","link":"https:\/\/www.europesays.com\/no\/126543\/","title":{"rendered":"Storhamar fredet Patrick Thoresens nummer 41"},"content":{"rendered":"\n<p class=\"_lead_o9xde_2 _lead_xtcu6_50 layout-component text-serif-m layout-normal text-serif-l layout-component layout-wide layout-padded _wide_17hqh_1 layout-padded\">Patrick Thoresens nummer 41 skal aldri mer brukes av en spiller i ishockeyklubben Storhamar.<\/p>\n<p><img alt=\"Patrick Thoresen hedres av Storhamar.&#10;Foto: Cornelius Poppe \/ NTB&#10;\" class=\"_image_qp4xg_65 layout-component layout-wide\" data-fullscreen- data-track-element-type=\"Article image fullscreen\" data-track-name=\"ImageFullscreen\" fetchpriority=\"high\" decoding=\"sync\" loading=\"eager\" height=\"5760\" itemprop=\"image\"  src=\"https:\/\/www.europesays.com\/no\/wp-content\/uploads\/2026\/01\/317e30d1-ce61-41fd-ac39-887f1a78a399.jpeg\"  style=\"object-position:0% 0%\" width=\"8640\"\/>Patrick Thoresen hedres av Storhamar.<br \/>\nFoto: Cornelius Poppe \/ NTB<\/p>\n<ul aria-hidden=\"true\" class=\"_images_ntbth_112\">\n<li><a class=\"_link_ntbth_117\" href=\"https:\/\/www.vg.no\/forfatter\/ntb\" style=\"z-index:1\" title=\"NTB\" rel=\"nofollow noopener\" target=\"_blank\"><img alt=\"Bilde av NTB\" class=\"_image_ntbth_93\" fetchpriority=\"low\" loading=\"lazy\" decoding=\"async\" itemprop=\"image\"  src=\"https:\/\/www.europesays.com\/no\/wp-content\/uploads\/2026\/01\/1767298687_589_c33980b0-5d07-4027-84a1-813f90a7c8d6.png\"  width=\"480\"\/><\/a><\/li>\n<\/ul>\n<p> Oppdatert torsdag 1. januar kl. 20:47     <\/p>\n<p class=\"_paragraph_o9xde_4 _paragraph_xtcu6_10 layout-component text-serif-m layout-normal text-serif-m layout-padded\"> Klubben bekrefter grepet p\u00e5 <a href=\"https:\/\/www.sil.no\/vi-hedrer-patrick\/\" class=\"_link_o9xde_39\" rel=\"nofollow noopener\" target=\"_blank\"> sin nettside<\/a>. Seansen der banneret med nummer 41 skal heves i taket i arenaen i Hamar, finner sted f\u00f8r kampen mot Stavanger Oilers 17. januar.<\/p>\n<p class=\"_paragraph_o9xde_4 _paragraph_xtcu6_10 layout-component text-serif-m layout-normal text-serif-m layout-padded\"> \u2013 Det er en veldig, veldig fin oppmerksomhet \u00e5 f\u00e5 som jeg setter veldig stor pris p\u00e5, sier Thoresen til <a href=\"https:\/\/www.h-a.no\/storhamar-hedrer-thoresen-nummeret-skal-fredes\/s\/5-139-1908113\" class=\"_link_o9xde_39\" rel=\"nofollow noopener\" target=\"_blank\">Hamar Arbeiderblad.<\/a><\/p>\n<p class=\"_paragraph_o9xde_4 _paragraph_xtcu6_10 layout-component text-serif-m layout-normal text-serif-m layout-padded\">\u2013 Det kommer til \u00e5 bli en veldig fin dag for meg og familien min som har v\u00e6rt med p\u00e5 denne lange reisen, sier han videre.<\/p>\n<p class=\"_paragraph_o9xde_4 _paragraph_xtcu6_10 layout-component text-serif-m layout-normal text-serif-m layout-padded\">Thoresen spilte mange \u00e5r i utlandet f\u00f8r han kom hjem til Hamar i 2017. I 2024 hjalp han klubben til kongepokalen med NM-triumf.<\/p>\n<p class=\"_paragraph_o9xde_4 _paragraph_xtcu6_10 layout-component text-serif-m layout-normal text-serif-m layout-padded\">\u00abPatricks betydning for klubben gjennom sin lange karriere har v\u00e6rt betydelig! Selv om mye av karrieren foregikk i store ligaer i utlandet, har han hele veien v\u00e6rt en fantastisk ambassad\u00f8r for klubben\u00bb, skriver <a href=\"https:\/\/www.vg.no\/tag\/storhamar?utm_source=vg-article&amp;utm_medium=auto-tagger&amp;utm_campaign=43qgQV\" class=\"_link_o9xde_39\" rel=\"nofollow noopener\" target=\"_blank\">Storhamar<\/a> p\u00e5 sitt nettsted.<\/p>\n<p class=\"_paragraph_o9xde_4 _paragraph_xtcu6_10 layout-component text-serif-m layout-normal text-serif-m layout-padded\">Fra 2006 til 2008 spilte Thoresen over 100 kamper i NHL for Edmonton Oilers og Philadelphia Flyers. Han har ogs\u00e5 v\u00e6rt innom flere klubber i Russland og Sverige.<\/p>\n<p class=\"_paragraph_o9xde_4 _paragraph_xtcu6_10 layout-component text-serif-m layout-normal text-serif-m layout-padded\">Thoresen gikk sist sommer inn i rollen som sportslig ansvarlig for Norges ishockeylandslag.<\/p>\n","protected":false},"excerpt":{"rendered":"Patrick Thoresens nummer 41 skal aldri mer brukes av en spiller i ishockeyklubben Storhamar. Patrick Thoresen hedres av&hellip;\n","protected":false},"author":2,"featured_media":126544,"comment_status":"","ping_status":"","sticky":false,"template":"","format":"standard","meta":{"footnotes":""},"categories":[59],"tags":[30,28,29,2421,83,82,2437],"class_list":{"0":"post-126543","1":"post","2":"type-post","3":"status-publish","4":"format-standard","5":"has-post-thumbnail","7":"category-sport","8":"tag-no","9":"tag-norge","10":"tag-norway","11":"tag-patrick-thoresen","12":"tag-sport","13":"tag-sports","14":"tag-storhamar"},"share_on_mastodon":{"url":"https:\/\/pubeurope.com\/@no\/115821694320812798","error":""},"_links":{"self":[{"href":"https:\/\/www.europesays.com\/no\/wp-json\/wp\/v2\/posts\/126543","targetHints":{"allow":["GET"]}}],"collection":[{"href":"https:\/\/www.europesays.com\/no\/wp-json\/wp\/v2\/posts"}],"about":[{"href":"https:\/\/www.europesays.com\/no\/wp-json\/wp\/v2\/types\/post"}],"author":[{"embeddable":true,"href":"https:\/\/www.europesays.com\/no\/wp-json\/wp\/v2\/users\/2"}],"replies":[{"embeddable":true,"href":"https:\/\/www.europesays.com\/no\/wp-json\/wp\/v2\/comments?post=126543"}],"version-history":[{"count":0,"href":"https:\/\/www.europesays.com\/no\/wp-json\/wp\/v2\/posts\/126543\/revisions"}],"wp:featuredmedia":[{"embeddable":true,"href":"https:\/\/www.europesays.com\/no\/wp-json\/wp\/v2\/media\/126544"}],"wp:attachment":[{"href":"https:\/\/www.europesays.com\/no\/wp-json\/wp\/v2\/media?parent=126543"}],"wp:term":[{"taxonomy":"category","embeddable":true,"href":"https:\/\/www.europesays.com\/no\/wp-json\/wp\/v2\/categories?post=126543"},{"taxonomy":"post_tag","embeddable":true,"href":"https:\/\/www.europesays.com\/no\/wp-json\/wp\/v2\/tags?post=126543"}],"curies":[{"name":"wp","href":"https:\/\/api.w.org\/{rel}","templated":true}]}}