{"id":126551,"date":"2026-01-01T20:34:20","date_gmt":"2026-01-01T20:34:20","guid":{"rendered":"https:\/\/www.europesays.com\/no\/126551\/"},"modified":"2026-01-01T20:34:20","modified_gmt":"2026-01-01T20:34:20","slug":"pink-deler-aerlig-nyttarsinnlegg-fra-sykehuset-nytt-ar-nye-muligheter","status":"publish","type":"post","link":"https:\/\/www.europesays.com\/no\/126551\/","title":{"rendered":"Pink deler \u00e6rlig nytt\u00e5rsinnlegg fra sykehuset: Nytt \u00e5r, nye muligheter"},"content":{"rendered":"<p class=\"kicker t20\" style=\"\">Pink:<\/p>\n<p>  Mens familien feiret i sn\u00f8en, \u00f8nsket popstjernen 2026 velkommen fra sykehussengen.<\/p>\n<p>\n    SYKEHUSSENG: Onsdag kveld delte artisten et bildet fra et rom p\u00e5 sykehuset. Foto: Instagram \/ @pink\n  <\/p>\n<p>Samtidig som andre konsumerte nytt\u00e5rsmiddagen og poppet champagnen, \u00f8nsket superstjernen Alecia Beth Moore-Hart (46), best kjent som Pink, det nye \u00e5ret velkommen fra sykehuset.<\/p>\n<p>    <a itemprop=\"url\" href=\"https:\/\/www.seher.no\/kjendis\/ekteskapet-holdt-pa-a-ryke-igjen\/80786692\" rel=\"nofollow noopener\" target=\"_blank\"><\/p>\n<p>        <img loading=\"lazy\" decoding=\"async\" src=\"https:\/\/www.europesays.com\/no\/wp-content\/uploads\/2026\/01\/80787459.webp.webp\" width=\"980\" height=\"441\" title=\"Ekteskapet holdt p\u00e5 \u00e5 ryke - igjen\" alt=\"\" class=\"lazyload\" style=\"--aspect-ratio-image: 2.22; \"\/><\/p>\n<p>        Ekteskapet holdt p\u00e5 \u00e5 ryke &#8211; igjen<\/p>\n<p>    <\/a><\/p>\n<p>I et lengre innlegg p\u00e5\u00a0<a href=\"https:\/\/www.instagram.com\/p\/DS9JUPJlI_E\/?utm_source=ig_web_copy_link&amp;igsh=NTc4MTIwNjQ2YQ==\" rel=\"nofollow noopener\" target=\"_blank\">Instagram<\/a>\u00a0\u00f8nsket hun sine 11,4 millioner f\u00f8lgere et godt nytt \u00e5r.\u00a0<\/p>\n<p>Samtidig uttrykker hun glede over \u00e5 si farvel til det hun kaller et \u00abslange\u00e5r\u00bb og \u00f8nsket \u00abhesten\u00bb velkommen inn.<\/p>\n<p>Skiver i nakken\t<\/p>\n<p>Videre i innlegget forteller hun at \u00e5ret ble avsluttet med \u00e5 vise respekt for, gi oppmerksomhet til og reparere kroppen sin.<\/p>\n<p>    <a itemprop=\"url\" href=\"https:\/\/www.seher.no\/kjendis\/legger-seg-flat-helt-grusomt\/79827988\" rel=\"nofollow noopener\" target=\"_blank\"><\/p>\n<p>        <img loading=\"lazy\" decoding=\"async\" src=\"https:\/\/www.europesays.com\/no\/wp-content\/uploads\/2026\/01\/79828089.webp.webp\" width=\"980\" height=\"441\" title=\"Legger seg flat: - Helt grusomt\" alt=\"\" class=\"lazyload\" style=\"--aspect-ratio-image: 2.22; \"\/><\/p>\n<p>        Legger seg flat: &#8211; Helt grusomt<\/p>\n<p>    <\/a><\/p>\n<p>\u00abDet er kanskje ikke en fancy ansiktsl\u00f8fting, men jeg f\u00e5r to nye skinnende skiver i nakken. Et nytt arr, en ny p\u00e5minnelse om at jeg setter pris p\u00e5 kroppen jeg har og bruker den for alt den er verdt. Rock &amp; roll er en kontaktsport\u00bb, skrev hun.<\/p>\n<p>Mens 46-\u00e5ringen l\u00e5 p\u00e5 sykehuset, var familien hennes p\u00e5 snowboardferie for \u00e5 feire inngangen til det nye \u00e5ret. Pink er gift med Carey Hart (50), og sammen har de datteren Willow (14) og s\u00f8nnen Jameson (9).<\/p>\n<p>Tobarnsmoren fikk tid til \u00e5 reflektere mens hun var p\u00e5 sykehuset.<\/p>\n<p>\u00abMens jeg sitter her alene p\u00e5 nytt\u00e5rsaften p\u00e5 et sykehusrom mens familien min er ute og kj\u00f8rer snowboard, vet jeg at 2026 kommer til \u00e5 bli bedre fordi det er valget jeg har tatt\u00bb, skrev hun p\u00e5 Instagram.<\/p>\n<p>    <a itemprop=\"url\" href=\"https:\/\/www.seher.no\/kjendis\/overrasket-med-nakenbilde\/79417665\" rel=\"nofollow noopener\" target=\"_blank\"><\/p>\n<p>        <img loading=\"lazy\" decoding=\"async\" src=\"https:\/\/www.europesays.com\/no\/wp-content\/uploads\/2026\/01\/79417856.webp.webp\" width=\"980\" height=\"441\" title=\"Overrasket med nakenbilde\" alt=\"\" class=\"lazyload\" style=\"--aspect-ratio-image: 2.22; \"\/><\/p>\n<p>        Overrasket med nakenbilde<\/p>\n<p>    <\/a><\/p>\n<p>Det hjertevarme innlegget ble avsluttet med nok en metafor om slanger og hester.<\/p>\n<p>\u00abGodt nytt \u00e5r, og m\u00e5tte dere oppleve mer glede enn sorg, mer solskinn enn regn, mer kj\u00e6rlighet enn hat. La oss kaste det gamle slangeskinnet. Og finne hestekreftene v\u00e5re\u00bb.<\/p>\n<p>Fikk E. coli-bakterie i kroppen\t<\/p>\n<p>Dette er ikke f\u00f8rste gang popstjernen \u00e5pner opp om helseutfordringene sine p\u00e5 sosiale medier.<\/p>\n<p>I september vakte hun bekymring da hun i et annet innlegg p\u00e5 <a href=\"https:\/\/www.instagram.com\/p\/DOASxd7DScN\/?utm_source=ig_web_copy_link&amp;igsh=MzRlODBiNWFlZA==\" rel=\"nofollow noopener\" target=\"_blank\">Instagram<\/a>\u00a0delte et bilde av seg selv mens hun var koblet til et intraven\u00f8st stativ.<\/p>\n<p>    <a itemprop=\"url\" href=\"https:\/\/www.seher.no\/kjendis\/langet-ut-mot-bikinibilder-av-influenser-14\/74181887\" rel=\"nofollow noopener\" target=\"_blank\"><\/p>\n<p>        <img loading=\"lazy\" decoding=\"async\" src=\"https:\/\/www.europesays.com\/no\/wp-content\/uploads\/2026\/01\/74181970.webp.webp\" width=\"980\" height=\"441\" title=\"Langet ut mot bikinibilder av influenser (14)\" alt=\"\" class=\"lazyload\" style=\"--aspect-ratio-image: 2.22; \"\/><\/p>\n<p>        Langet ut mot bikinibilder av influenser (14)<\/p>\n<p>    <\/a><\/p>\n<p>Grunnen var at hun hadde f\u00e5tt i seg E. coli-bakterier i kroppen mens hun hadde v\u00e6rt p\u00e5 ferie, avsl\u00f8rer hun.<\/p>\n<p>P\u00e5 Instagram-innlegget kan du se 46-\u00e5ringen sitte avslappet p\u00e5 sofaen med beina i kryss og et glass r\u00f8dvin i h\u00e5nda &#8211; mens hun er koblet til et IV-stativ.<\/p>\n<p>\u00abDette er helt normalt og alt g\u00e5r bra\u00bb, beroliget hun f\u00f8lgerne sine med p\u00e5 det samme bildet.<\/p>\n<p>E. coli-tarminfeksjon er i de aller fleste tilfeller helt ufarlig, men kan en sjelden gang for\u00e5rsake alvorlig sykdom. Vanlige symptomer er diar\u00e9 og magesmerter, og i noen tilfeller blodig diar\u00e9, if\u00f8lge <a href=\"https:\/\/www.helsenorge.no\/sykdom\/mage-og-tarm\/ecoli\/\" rel=\"nofollow noopener\" target=\"_blank\">Helsenorge<\/a>.<\/p>\n<p><script async src=\"\/\/www.instagram.com\/embed.js\"><\/script><\/p>\n","protected":false},"excerpt":{"rendered":"Pink: Mens familien feiret i sn\u00f8en, \u00f8nsket popstjernen 2026 velkommen fra sykehussengen. SYKEHUSSENG: Onsdag kveld delte artisten et&hellip;\n","protected":false},"author":2,"featured_media":126552,"comment_status":"","ping_status":"","sticky":false,"template":"","format":"standard","meta":{"footnotes":""},"categories":[58],"tags":[71,479,2543,30,28,29,13381,14865,11700,72],"class_list":{"0":"post-126551","1":"post","2":"type-post","3":"status-publish","4":"format-standard","5":"has-post-thumbnail","7":"category-underholdning","8":"tag-entertainment","9":"tag-kjendis","10":"tag-kjendisdesken","11":"tag-no","12":"tag-norge","13":"tag-norway","14":"tag-nyttarsaften","15":"tag-pink","16":"tag-sykehuset","17":"tag-underholdning"},"share_on_mastodon":{"url":"https:\/\/pubeurope.com\/@no\/115821757274044843","error":""},"_links":{"self":[{"href":"https:\/\/www.europesays.com\/no\/wp-json\/wp\/v2\/posts\/126551","targetHints":{"allow":["GET"]}}],"collection":[{"href":"https:\/\/www.europesays.com\/no\/wp-json\/wp\/v2\/posts"}],"about":[{"href":"https:\/\/www.europesays.com\/no\/wp-json\/wp\/v2\/types\/post"}],"author":[{"embeddable":true,"href":"https:\/\/www.europesays.com\/no\/wp-json\/wp\/v2\/users\/2"}],"replies":[{"embeddable":true,"href":"https:\/\/www.europesays.com\/no\/wp-json\/wp\/v2\/comments?post=126551"}],"version-history":[{"count":0,"href":"https:\/\/www.europesays.com\/no\/wp-json\/wp\/v2\/posts\/126551\/revisions"}],"wp:featuredmedia":[{"embeddable":true,"href":"https:\/\/www.europesays.com\/no\/wp-json\/wp\/v2\/media\/126552"}],"wp:attachment":[{"href":"https:\/\/www.europesays.com\/no\/wp-json\/wp\/v2\/media?parent=126551"}],"wp:term":[{"taxonomy":"category","embeddable":true,"href":"https:\/\/www.europesays.com\/no\/wp-json\/wp\/v2\/categories?post=126551"},{"taxonomy":"post_tag","embeddable":true,"href":"https:\/\/www.europesays.com\/no\/wp-json\/wp\/v2\/tags?post=126551"}],"curies":[{"name":"wp","href":"https:\/\/api.w.org\/{rel}","templated":true}]}}