{"id":126557,"date":"2026-01-01T20:41:11","date_gmt":"2026-01-01T20:41:11","guid":{"rendered":"https:\/\/www.europesays.com\/no\/126557\/"},"modified":"2026-01-01T20:41:11","modified_gmt":"2026-01-01T20:41:11","slug":"pink-deler-aerlig-nyttarsinnlegg-fra-sykehuset-nytt-ar-nye-muligheter-2","status":"publish","type":"post","link":"https:\/\/www.europesays.com\/no\/126557\/","title":{"rendered":"Pink deler \u00e6rlig nytt\u00e5rsinnlegg fra sykehuset: Nytt \u00e5r, nye muligheter"},"content":{"rendered":"<p>  &#8211; Kriminaliteten er s\u00e5 grenseoverskridende n\u00e5 at vi kan ikke tenke land for land, sier Justisdepartementet.<\/p>\n<p>\n    ST\u00c5R UTENFOR: Norge, som ikke er medlem av EU, mangler flere verkt\u00f8y som ville gjort det enklere \u00e5 etterforske p\u00e5 tvers av landegrenser. Foto: Lars Eivind Bones \/ Dagbladet\n  <\/p>\n<p>Den norske desken hos Eurojust i Haag i Nederland &#8211; Rudolf Christoffersen og Knut Jostein S\u00e6tnan &#8211; slo i november alarm i Dagbladet:<\/p>\n<p>Norge, som er utenfor EU,\u00a0<a href=\"https:\/\/www.dagbladet.no\/nyheter\/advarer-vil-bli-sarbare\/83882047\" rel=\"nofollow noopener\" target=\"_blank\">f\u00e5r ikke tilgang til en rekke viktige verkt\u00f8y<\/a>\u00a0som ville gjort det enklere \u00e5 innhente bevis i utlandet.<\/p>\n<p>I en tid hvor kriminaliteten blir mer grensel\u00f8s, b\u00e5de fysisk og via internett, er Eurojust-representantene alvorlig bekymret for Norges mulighet til \u00e5 etterforske disse sakene.\u00a0<\/p>\n<p>Som <a href=\"https:\/\/www.dagbladet.no\/nyheter\/star-midt-i-stormen\/83876901\" rel=\"nofollow noopener\" target=\"_blank\">Dagbladet tidligere har omtalt<\/a> har Europol\u00a0kartlagt 821 kriminelle nettverk som truer store deler av Europa, og 75 prosent av dem er aktive i flere land.<\/p>\n<p>Derfor reiste statssekret\u00e6r Joakim Sevrin Tranv\u00e5g \u00d8ren og Gunn Karin Gjul i Justis- og beredskapsdepartementet til Haag for \u00e5 ha m\u00f8ter med Europol og Eurojust i desember.<\/p>\n<p>&#8211; Vi har snakket om trendene vi ser dominerer i Europa. Kriminaliteten er s\u00e5 grenseoverskridende n\u00e5 at vi kan ikke tenke land for land. En trend hos oss er ogs\u00e5 en trend i andre land, sier \u00d8ren til Dagbladet.<\/p>\n<p>        <img loading=\"lazy\" decoding=\"async\" src=\"https:\/\/www.europesays.com\/no\/wp-content\/uploads\/2026\/01\/84001403.webp.webp\" width=\"667\" height=\"381\" title=\"SATTE SEG P\u00c5 FLYET: Joakim Sevrin Tranv\u00e5g \u00d8ren i Justisdepartementet dro til Haag for \u00e5 h\u00f8re om utfordringene. Foto: Gorm Kallestad \/ NTB\" alt=\"\" class=\"\" style=\"--aspect-ratio-image: 1.75; \"\/><\/p>\n<p>\n        SATTE SEG P\u00c5 FLYET: Joakim Sevrin Tranv\u00e5g \u00d8ren i Justisdepartementet dro til Haag for \u00e5 h\u00f8re om utfordringene. Foto: Gorm Kallestad \/ NTB\n    <\/p>\n<p>&#8211; Gir noen begrensninger  <\/p>\n<p>Han understreker viktigheten med Norges tilstedev\u00e6relse i b\u00e5de Europol og Eurojust med tanke p\u00e5 utviklingen vi ser med kriminelle nettverk og organisert kriminalitet.<\/p>\n<p> En av trendene disse jobber tett med n\u00e5, er\u00a0violence as a service.\u00a0<\/p>\n<p>Norge har en statsadvokat og en politiadvokat i Eurojust, og \u00e5tte personer &#8211; fra Kripos, PST, \u00d8kokrim og Tollvesenet &#8211; i Europol.<\/p>\n<p>&#8211; Vi snakket om utfordringene de opplever fordi vi st\u00e5r utenfor EU og at det gir noen begrensninger. Fra operasjonelt niv\u00e5 \u00f8nsker de samme muligheter som de andre landene. Men s\u00e5 er jo dette et politisk sp\u00f8rsm\u00e5l, sier \u00d8ren.<\/p>\n<p>    <a itemprop=\"url\" href=\"https:\/\/www.dagbladet.no\/nyheter\/star-midt-i-stormen\/83876901\" rel=\"nofollow noopener\" target=\"_blank\"><\/p>\n<p>        <img loading=\"lazy\" decoding=\"async\" src=\"https:\/\/www.europesays.com\/no\/wp-content\/uploads\/2026\/01\/83882219.webp.webp\" width=\"980\" height=\"441\" title=\"- St\u00e5r midt i stormen\" alt=\"\" class=\"lazyload\" style=\"--aspect-ratio-image: 2.22; \"\/><\/p>\n<p>        &#8211; St\u00e5r midt i stormen<\/p>\n<p>    <\/a><\/p>\n<p>Det er s\u00e6rlig to instrumenter som trekkes fram &#8211; E-evidensdirektivet og European Investigation Order (EIO).\u00a0 <\/p>\n<p>E-evidens gir EU-land mulighet til \u00e5 be om tilgang til elektronisk bevismateriale direkte fra en tjenesteyter i et annet medlemsland. En EIO er en ordre for \u00e5 be om bevisinnhenting som erstatter rettsanmodningen.<\/p>\n<p>&#8211; Vi har tatt kontakt med EU for \u00e5 se p\u00e5 mulighetene for \u00e5 knytte oss til disse instrumentene. Vi er opptatt av at\u00a0norsk politi og p\u00e5talemyndighet har s\u00e5 gode arbeidsforhold som mulig og de samme verkt\u00f8yene som andre. Det er viktig \u00e5 f\u00e5 den tilbakemeldingen\u00a0fra v\u00e5re folk i Eurojust. Det vi prioriterer og er opptatt av, er det samme som de er opptatt av. Vi m\u00e5 bare opprettholde kontakten med EU og de andre medlemslandene. Regjeringen \u00f8nsker \u00e5 f\u00e5 dette til, sier \u00d8ren.<\/p>\n<p>        <img loading=\"lazy\" decoding=\"async\" src=\"https:\/\/www.europesays.com\/no\/wp-content\/uploads\/2026\/01\/84001651.webp.webp\" width=\"667\" height=\"447\" title=\"SLO ALARM: Sambandsstatsadvokat Rudolf Christoffersen og sambandspolitiadvokat Knut Jostein S\u00e6tnan i Eurojust advarte om manglende verkt\u00f8y. Foto: Angelica Hagen \/ Dagbladet\" alt=\"\" class=\"\" style=\"--aspect-ratio-image: 1.49; \"\/><\/p>\n<p>\n        SLO ALARM: Sambandsstatsadvokat Rudolf Christoffersen og sambandspolitiadvokat Knut Jostein S\u00e6tnan i Eurojust advarte om manglende verkt\u00f8y. Foto: Angelica Hagen \/ Dagbladet\n    <\/p>\n<p>&#8211; Kriminelle tar ikke hensyn  <\/p>\n<p>Liaison prosecutor i Eurojust, Rudolf Christoffersen, sier at de opplevde m\u00f8tet med Justisdepartementet som sv\u00e6rt nyttig.<\/p>\n<p>&#8211; V\u00e5rt inntrykk var at de hadde stor forst\u00e5else for de utfordringene norsk politi og p\u00e5talemyndighet ville m\u00f8te ved \u00e5 st\u00e5 utenfor EU-verkt\u00f8yene, sier han.<\/p>\n<p>    <a itemprop=\"url\" href=\"https:\/\/www.dagbladet.no\/nyheter\/advarer-vil-bli-sarbare\/83882047\" rel=\"nofollow noopener\" target=\"_blank\"><\/p>\n<p>        <img loading=\"lazy\" decoding=\"async\" src=\"https:\/\/www.europesays.com\/no\/wp-content\/uploads\/2026\/01\/83892383.webp.webp\" width=\"980\" height=\"441\" title=\"Advarer: - Vil bli s\u00e5rbare\" alt=\"\" class=\"lazyload\" style=\"--aspect-ratio-image: 2.22; \"\/><\/p>\n<p>        Advarer: &#8211; Vil bli s\u00e5rbare<\/p>\n<p>    <\/a><\/p>\n<p>Han utdyper:<\/p>\n<p>&#8211; Uavhengig av om man er for eller mot norsk EU-medlemskap, s\u00e5 m\u00e5 norske myndigheter arbeide for \u00e5 sikre at norsk politi og p\u00e5talemyndighet har tilgang til effektive judisielle verkt\u00f8y i kampen mot alvorlig grenseoverskridende kriminalitet som rammer norske borgere. De kriminelle tar ikke hensyn til grenser, derfor er vi avhengig av et godt samarbeid med andre land, sier Christoffersen.<\/p>\n<p>        <img loading=\"lazy\" decoding=\"async\" src=\"https:\/\/www.europesays.com\/no\/wp-content\/uploads\/2026\/01\/84001638.webp.webp\" width=\"980\" height=\"559\" title=\"HAR SENDT ANBEFALING: Riksadvokat J\u00f8rn Sigurd Maurud \u00f8nsker at Norge f\u00e5r tilgang til flere EU-instrumenter i kampen mot grenseoverskridende kriminalitet. Foto: Gorm Kallestad \/ NTB\" alt=\"\" class=\"\" style=\"--aspect-ratio-image: 1.75; \"\/><\/p>\n<p>\n        HAR SENDT ANBEFALING: Riksadvokat J\u00f8rn Sigurd Maurud \u00f8nsker at Norge f\u00e5r tilgang til flere EU-instrumenter i kampen mot grenseoverskridende kriminalitet. Foto: Gorm Kallestad \/ NTB\n    <\/p>\n<p>Riksadvokat J\u00f8rn Sigurd Maurud har ogs\u00e5 anbefalt at Norge f\u00e5r tilgang.<\/p>\n<p>&#8211; Norge er allerede tilsluttet flere nyttige EU-instrumenter, som for eksempel arrestordresystemet (parallellavtalen) og en viktig konvensjon om rettslig samarbeid (EUs konvensjon av 29. mai 2000). De siste \u00e5ra har det kommet til enda flere viktige instrumenter, som Norge forel\u00f8pig ikke er tilsluttet. Riksadvokaten har overfor Justis- og beredskapsdepartementet anbefalt en tilslutning til flere av disse instrumentene, sier Maurud.<\/p>\n","protected":false},"excerpt":{"rendered":"&#8211; Kriminaliteten er s\u00e5 grenseoverskridende n\u00e5 at vi kan ikke tenke land for land, sier Justisdepartementet. ST\u00c5R UTENFOR:&hellip;\n","protected":false},"author":2,"featured_media":126558,"comment_status":"","ping_status":"","sticky":false,"template":"","format":"standard","meta":{"footnotes":""},"categories":[58],"tags":[71,479,2543,30,28,29,13381,14865,11700,72],"class_list":{"0":"post-126557","1":"post","2":"type-post","3":"status-publish","4":"format-standard","5":"has-post-thumbnail","7":"category-underholdning","8":"tag-entertainment","9":"tag-kjendis","10":"tag-kjendisdesken","11":"tag-no","12":"tag-norge","13":"tag-norway","14":"tag-nyttarsaften","15":"tag-pink","16":"tag-sykehuset","17":"tag-underholdning"},"share_on_mastodon":{"url":"https:\/\/pubeurope.com\/@no\/115821784790452959","error":""},"_links":{"self":[{"href":"https:\/\/www.europesays.com\/no\/wp-json\/wp\/v2\/posts\/126557","targetHints":{"allow":["GET"]}}],"collection":[{"href":"https:\/\/www.europesays.com\/no\/wp-json\/wp\/v2\/posts"}],"about":[{"href":"https:\/\/www.europesays.com\/no\/wp-json\/wp\/v2\/types\/post"}],"author":[{"embeddable":true,"href":"https:\/\/www.europesays.com\/no\/wp-json\/wp\/v2\/users\/2"}],"replies":[{"embeddable":true,"href":"https:\/\/www.europesays.com\/no\/wp-json\/wp\/v2\/comments?post=126557"}],"version-history":[{"count":0,"href":"https:\/\/www.europesays.com\/no\/wp-json\/wp\/v2\/posts\/126557\/revisions"}],"wp:featuredmedia":[{"embeddable":true,"href":"https:\/\/www.europesays.com\/no\/wp-json\/wp\/v2\/media\/126558"}],"wp:attachment":[{"href":"https:\/\/www.europesays.com\/no\/wp-json\/wp\/v2\/media?parent=126557"}],"wp:term":[{"taxonomy":"category","embeddable":true,"href":"https:\/\/www.europesays.com\/no\/wp-json\/wp\/v2\/categories?post=126557"},{"taxonomy":"post_tag","embeddable":true,"href":"https:\/\/www.europesays.com\/no\/wp-json\/wp\/v2\/tags?post=126557"}],"curies":[{"name":"wp","href":"https:\/\/api.w.org\/{rel}","templated":true}]}}