{"id":126561,"date":"2026-01-01T20:45:20","date_gmt":"2026-01-01T20:45:20","guid":{"rendered":"https:\/\/www.europesays.com\/no\/126561\/"},"modified":"2026-01-01T20:45:20","modified_gmt":"2026-01-01T20:45:20","slug":"oyeskader-fyrverkeri-ti-personer-fikk-oyeskader-fra-fyrverkeri-ber-om-forbud","status":"publish","type":"post","link":"https:\/\/www.europesays.com\/no\/126561\/","title":{"rendered":"\u00d8yeskader, Fyrverkeri | Ti personer fikk \u00f8yeskader fra fyrverkeri \u2013 ber om forbud"},"content":{"rendered":"\n<p>\u2013 Hver \u00f8yeskade p\u00e5 grunn av fyrverkeri er en \u00f8yeskade for mye, sier overlege Lasse Mulstad Skrivervik ved \u00f8yeavdelingen p\u00e5 Haukeland universitetssjukehus.<\/p>\n<p>Han \u00f8nsker, <a rel=\"Follow nofollow noopener\" href=\"https:\/\/www.nettavisen.no\/nyheter\/10-fikk-oyeskader-av-fyrverkeri\/s\/5-95-1550890\" target=\"_blank\">som sin forgjenger Nils Bull<\/a>, forbud mot privat oppskytning av fyrverkeri.<\/p>\n<p>   <img decoding=\"async\" width=\"900\" height=\"600\" fetchpriority=\"low\"  loading=\"lazy\"  src=\"https:\/\/www.europesays.com\/no\/wp-content\/uploads\/2026\/01\/Haukeland_Skrivevik.jpg\" alt=\"Lasse Mulstad Skrivervik er overlege ved \u00f8yeavdelingen p\u00e5 Haukeland universitetssjukehus.\" class=\"brick-c-cFOWSL\" style=\"--brick-image-ratio: 900 \/ 600;\"\/><\/p>\n<p>      BEHANDLER \u00d8YESKADER: Lasse Mulstad Skrivervik er overlege ved \u00f8yeavdelingen p\u00e5 Haukeland universitetssjukehus.<br \/>\n      Foto: Helse Bergen\n    <\/p>\n<p>Ingen av de som ble skadet brukte vernebriller. De to alvorlige skadede var en mann og en kvinne, der kvinnen var tilskuer. Her skal det ha v\u00e6rt alkohol inne i bildet.<\/p>\n<p>Definisjonen p\u00e5 en alvorlig skade er at den er forventet \u00e5 gi betydelig synsreduksjon, mens en moderat skade er en kraftig akutt skade, men som ikke forventes \u00e5 gi betydelig synsreduksjon.<\/p>\n<p>De \u00e5tte som ikke har alvorlige skader er moderat skadet.<\/p>\n<p><b>Les ogs\u00e5: <\/b><\/p>\n<p>  <a href=\"https:\/\/www.tk.no\/5-51-1791657\" class=\"related-teaser has-image default-story-teaser article--c-eRUmMG article--c-eRUmMG-jKCPdD-design-default\" rel=\"nofollow noopener\" target=\"_blank\"><\/p>\n<p>    <img decoding=\"async\" loading=\"lazy\"  src=\"https:\/\/www.europesays.com\/no\/wp-content\/uploads\/2026\/01\/Fyrverkeri.jpg\" alt=\"\" class=\"brick-c-cFOWSL\" style=\"\"\/><\/p>\n<p>\n            Les ogs\u00e5<\/p>\n<p>              Klar tale fra forsikringsselskap: \u2013 Forby privat fyrverkeri\n        <\/p>\n<p>  <\/a><\/p>\n<p>To av de skadede fikk skade i forbindelse med at et effektbatteri som eksploderte. En av de skadede er et barn under 10 \u00e5r som var tilskuer.<\/p>\n<p>\u2013 De fleste av skadene skjedde ved bruk av effektbatteri. For noen av skadene har vi ikke opplysninger om hva slags fyrverkeri det var, opplyser Skrivervik.<\/p>\n<p>Skadetallene er noe h\u00f8yere enn i fjor, da sju fikk \u00f8yeskader. Tallene ligger ellers jevnt sammenlignet med de siste fem \u00e5rene, men sammenlignet med \u00e5rene f\u00f8r 2020 er de relativt lave. Samtidig kan tallene fortsatt bli justert opp ettersom det ofte blir etteranmeldt skader de f\u00f8rste dagene etter nytt\u00e5r.<\/p>\n","protected":false},"excerpt":{"rendered":"\u2013 Hver \u00f8yeskade p\u00e5 grunn av fyrverkeri er en \u00f8yeskade for mye, sier overlege Lasse Mulstad Skrivervik ved&hellip;\n","protected":false},"author":2,"featured_media":126562,"comment_status":"","ping_status":"","sticky":false,"template":"","format":"standard","meta":{"footnotes":""},"categories":[10],"tags":[36,20,21,24,25,4521,10497,15,22,23,13,30,28,29,14,14866,16,13687,1510,26,27],"class_list":{"0":"post-126561","1":"post","2":"type-post","3":"status-publish","4":"format-standard","5":"has-post-thumbnail","7":"category-norge","8":"tag-art","9":"tag-breaking-news","10":"tag-breakingnews","11":"tag-featured-news","12":"tag-featurednews","13":"tag-forbud","14":"tag-fyrverkeri","15":"tag-headlines","16":"tag-latest-news","17":"tag-latestnews","18":"tag-news","19":"tag-no","20":"tag-norge","21":"tag-norway","22":"tag-nyheter","23":"tag-overlege","24":"tag-overskrifter","25":"tag-oyeskader","26":"tag-story","27":"tag-top-stories","28":"tag-topstories"},"share_on_mastodon":{"url":"https:\/\/pubeurope.com\/@no\/115821800502320725","error":""},"_links":{"self":[{"href":"https:\/\/www.europesays.com\/no\/wp-json\/wp\/v2\/posts\/126561","targetHints":{"allow":["GET"]}}],"collection":[{"href":"https:\/\/www.europesays.com\/no\/wp-json\/wp\/v2\/posts"}],"about":[{"href":"https:\/\/www.europesays.com\/no\/wp-json\/wp\/v2\/types\/post"}],"author":[{"embeddable":true,"href":"https:\/\/www.europesays.com\/no\/wp-json\/wp\/v2\/users\/2"}],"replies":[{"embeddable":true,"href":"https:\/\/www.europesays.com\/no\/wp-json\/wp\/v2\/comments?post=126561"}],"version-history":[{"count":0,"href":"https:\/\/www.europesays.com\/no\/wp-json\/wp\/v2\/posts\/126561\/revisions"}],"wp:featuredmedia":[{"embeddable":true,"href":"https:\/\/www.europesays.com\/no\/wp-json\/wp\/v2\/media\/126562"}],"wp:attachment":[{"href":"https:\/\/www.europesays.com\/no\/wp-json\/wp\/v2\/media?parent=126561"}],"wp:term":[{"taxonomy":"category","embeddable":true,"href":"https:\/\/www.europesays.com\/no\/wp-json\/wp\/v2\/categories?post=126561"},{"taxonomy":"post_tag","embeddable":true,"href":"https:\/\/www.europesays.com\/no\/wp-json\/wp\/v2\/tags?post=126561"}],"curies":[{"name":"wp","href":"https:\/\/api.w.org\/{rel}","templated":true}]}}